{"id":5834,"date":"2011-01-05T18:07:05","date_gmt":"2011-01-05T21:07:05","guid":{"rendered":"http:\/\/www.r2cpress.com.br\/v1\/?p=5834"},"modified":"2011-01-05T18:07:05","modified_gmt":"2011-01-05T21:07:05","slug":"privatizacao-de-aeroportos-ja-causa-polemica-na-camara","status":"publish","type":"post","link":"https:\/\/www.r2cpress.com.br\/v1\/2011\/01\/05\/privatizacao-de-aeroportos-ja-causa-polemica-na-camara\/","title":{"rendered":"Privatiza\u00e7\u00e3o de aeroportos j\u00e1 causa pol\u00eamica na C\u00e2mara"},"content":{"rendered":"<p>Parlamentares da oposi\u00e7\u00e3o e aliados ao governo j\u00e1 divergem sobre o prov\u00e1vel envio, pela presidente Dilma Rousseff, de uma medida provis\u00f3ria que permitir\u00e1 a opera\u00e7\u00e3o privada de aeroportos. A presidente, segundo informa\u00e7\u00f5es publicadas pela imprensa, j\u00e1 decidiu entregar \u00e0 iniciativa privada a constru\u00e7\u00e3o e opera\u00e7\u00e3o de novos terminais nos aeroportos de Guarulhos e Viracopos, no estado de S\u00e3o Paulo. O objetivo seria desafogar aeroportos vitais para a realiza\u00e7\u00e3o, no Brasil, da Copa do Mundo de 2014.<\/p>\n<p>O l\u00edder do DEM, deputado Paulo Bornhausen (SC), deixa claro que o partido n\u00e3o ser\u00e1 contra entregar \u00e0 iniciativa privada a constru\u00e7\u00e3o e a opera\u00e7\u00e3o de novos terminais. No entanto, ele critica o modelo que, na sua avalia\u00e7\u00e3o, ser\u00e1 adotado pelo Executivo.<\/p>\n<p><!--more--><\/p>\n<p>&#8220;O governo pode at\u00e9 resolver os problemas dos aeroportos de S\u00e3o Paulo e do Rio de Janeiro, mas n\u00e3o dos estados que n\u00e3o t\u00eam o mesmo n\u00famero de passageiros e, portanto, a mesma viabilidade econ\u00f4mica\u201d, afirma. \u201c\u00c9 necess\u00e1rio vincular, aos aeroportos maiores, aqueles com menos capacidade de gera\u00e7\u00e3o de receita, para existir um equil\u00edbrio regional e garantir um sistema sustent\u00e1vel ao longo do tempo&#8221;, acrescenta.<\/p>\n<p>Al\u00e9m disso, ele lamenta o que considera uma mudan\u00e7a de postura de Dilma logo ap\u00f3s assumir a presid\u00eancia quando se trata de privatiza\u00e7\u00e3o. \u201cFica a impress\u00e3o, muito ruim para a classe pol\u00edtica, de que o que se diz na campanha n\u00e3o \u00e9 o que se faz no governo\u201d, critica Bornhausen.<\/p>\n<p>Segundo ele, a solu\u00e7\u00e3o que os oposicionistas apontaram para o caos nos aeroportos foi \u201csatanizada\u201d na campanha de 2010 e ao longo dos \u00faltimos oito anos de governo petista, mas agora a privatiza\u00e7\u00e3o \u201c\u00e9 a m\u00e1gica que a senhora Dilma Rousseff encontra para resolver o problema&#8221;.<\/p>\n<p><strong>Rea\u00e7\u00e3o<\/strong><br \/>\nO l\u00edder do governo, deputado C\u00e2ndido Vaccarezza (PT-SP), rebate esses argumentos e diz que n\u00e3o h\u00e1 nada de contradit\u00f3rio em adotar a participa\u00e7\u00e3o privada no setor aeroportu\u00e1rio.<\/p>\n<p>&#8220;A oposi\u00e7\u00e3o est\u00e1 fora de foco. A cr\u00edtica que n\u00f3s fizemos \u00e0s privatiza\u00e7\u00f5es do PSDB e do DEM foi a de que eles entregaram a pre\u00e7o de banana as empresas nacionais, como a Vale. Fizeram privatiza\u00e7\u00f5es com sentimento antipatri\u00f3tico\u201d, afirma. \u201cO caso dos aeroportos \u00e9 outro, pois eles n\u00e3o v\u00e3o ser privatizados. A iniciativa privada poder\u00e1 construir aeroportos por concess\u00e3o do governo, com pre\u00e7o justo. Isso n\u00e3o tem nada a ver com as privatiza\u00e7\u00f5es do ex-presidente Fernando Henrique Cardoso e do PSDB&#8221;, conclui Vaccarezza.<\/p>\n<p>A expectativa \u00e9 de que a MP tamb\u00e9m inclua a abertura do capital da Infraero, estatal que administra os terminais.<\/p>\n<p>&#8212;<br \/>\nReportagem \u2013 Alexandre P\u00f4rto\/R\u00e1dio C\u00e2mara<br \/>\nEdi\u00e7\u00e3o \u2013 Jo\u00e3o Pitella Junior<br \/>\nNo <a href = \"http:\/\/www2.camara.gov.br\/agencia\/noticias\/TRANSPORTE-E-TRANSITO\/192324-PRIVATIZACAO-DE-AEROPORTOS-JA-CAUSA-POLEMICA-NA-CAMARA.html\" target = \"_news\"><b>Ag\u00eancia C\u00e2mara de Not\u00edcias<\/b><\/a><\/p>\n","protected":false},"excerpt":{"rendered":"<p>Parlamentares da oposi\u00e7\u00e3o e aliados ao governo j\u00e1 divergem sobre o prov\u00e1vel envio, pela presidente Dilma Rousseff, de uma medida provis\u00f3ria que permitir\u00e1 a opera\u00e7\u00e3o privada de aeroportos. A presidente, segundo informa\u00e7\u00f5es publicadas pela imprensa, j\u00e1 decidiu entregar \u00e0 iniciativa privada a constru\u00e7\u00e3o e opera\u00e7\u00e3o de novos terminais nos aeroportos de Guarulhos e Viracopos, no [&hellip;]<\/p>\n","protected":false},"author":2,"featured_media":0,"comment_status":"open","ping_status":"open","sticky":false,"template":"","format":"standard","meta":{"_links_to":"","_links_to_target":""},"categories":[18],"tags":[],"_links":{"self":[{"href":"https:\/\/www.r2cpress.com.br\/v1\/wp-json\/wp\/v2\/posts\/5834"}],"collection":[{"href":"https:\/\/www.r2cpress.com.br\/v1\/wp-json\/wp\/v2\/posts"}],"about":[{"href":"https:\/\/www.r2cpress.com.br\/v1\/wp-json\/wp\/v2\/types\/post"}],"author":[{"embeddable":true,"href":"https:\/\/www.r2cpress.com.br\/v1\/wp-json\/wp\/v2\/users\/2"}],"replies":[{"embeddable":true,"href":"https:\/\/www.r2cpress.com.br\/v1\/wp-json\/wp\/v2\/comments?post=5834"}],"version-history":[{"count":3,"href":"https:\/\/www.r2cpress.com.br\/v1\/wp-json\/wp\/v2\/posts\/5834\/revisions"}],"predecessor-version":[{"id":5837,"href":"https:\/\/www.r2cpress.com.br\/v1\/wp-json\/wp\/v2\/posts\/5834\/revisions\/5837"}],"wp:attachment":[{"href":"https:\/\/www.r2cpress.com.br\/v1\/wp-json\/wp\/v2\/media?parent=5834"}],"wp:term":[{"taxonomy":"category","embeddable":true,"href":"https:\/\/www.r2cpress.com.br\/v1\/wp-json\/wp\/v2\/categories?post=5834"},{"taxonomy":"post_tag","embeddable":true,"href":"https:\/\/www.r2cpress.com.br\/v1\/wp-json\/wp\/v2\/tags?post=5834"}],"curies":[{"name":"wp","href":"https:\/\/api.w.org\/{rel}","templated":true}]}}