{"id":58374,"date":"2013-02-05T18:52:09","date_gmt":"2013-02-05T21:52:09","guid":{"rendered":"http:\/\/www.r2cpress.com.br\/v1\/?p=58374"},"modified":"2013-02-05T18:52:09","modified_gmt":"2013-02-05T21:52:09","slug":"galeria-de-arte-parisiense-mostra-em-marco-telas-da-ilheense-jane-hilda-badaro-em-exposicao-coletiva","status":"publish","type":"post","link":"https:\/\/www.r2cpress.com.br\/v1\/2013\/02\/05\/galeria-de-arte-parisiense-mostra-em-marco-telas-da-ilheense-jane-hilda-badaro-em-exposicao-coletiva\/","title":{"rendered":"GALERIA DE ARTE PARISIENSE MOSTRA EM MAR\u00c7O TELAS DA ILHEENSE JANE HILDA BADAR\u00d3, EM EXPOSI\u00c7\u00c3O COLETIVA."},"content":{"rendered":"<p>&nbsp;<\/p>\n<p style=\"text-align: center;\"><b>\u00a0ARTE BRASILEIRA CONQUISTA MAIS UM\u00a0 ESPA\u00c7O EM PARIS!<\/b><\/p>\n<p>&nbsp;<\/p>\n<div id=\"attachment_58375\" style=\"width: 546px\" class=\"wp-caption aligncenter\"><a href=\"http:\/\/www.r2cpress.com.br\/v1\/wp-content\/uploads\/CAPA-R2CPRESS9.jpg\"><img aria-describedby=\"caption-attachment-58375\" loading=\"lazy\" class=\"size-full wp-image-58375\" alt=\"MONT \/ R2CPRESS\" src=\"http:\/\/www.r2cpress.com.br\/v1\/wp-content\/uploads\/CAPA-R2CPRESS9.jpg\" width=\"536\" height=\"446\" srcset=\"https:\/\/www.r2cpress.com.br\/v1\/wp-content\/uploads\/CAPA-R2CPRESS9.jpg 536w, https:\/\/www.r2cpress.com.br\/v1\/wp-content\/uploads\/CAPA-R2CPRESS9-300x249.jpg 300w\" sizes=\"(max-width: 536px) 100vw, 536px\" \/><\/a><p id=\"caption-attachment-58375\" class=\"wp-caption-text\">MONT \/ R2CPRESS<\/p><\/div>\n<p>Em 11 de mar\u00e7o acontece a inaugura\u00e7\u00e3o de mais um trabalho da curadoria de Heloiza de Aquino\u00a0 Azevedo, na Fran\u00e7a, desta vez na <b><i>Galeria Art et Events de Paris.<\/i><\/b> A exposi\u00e7\u00e3o denominada <b>\u201cConnexion Art Mondial\u201d<\/b> vai contar com a participa\u00e7\u00e3o de 10 artistas que estar\u00e3o representando o Brasil dentre outros artistas internacionais renomados no mundo: <b>Cibele Pilla<\/b> (Pintura sobre lona de Caminh\u00e3o, SP), <b>Denise Pitagoras<\/b> (Gravura, BA), <b>Heloiza Azevedo<\/b>\u00a0 (Pintura, Paris, Fran\u00e7a<b>), Jane Hilda Badar\u00f3<\/b> (Pintura Naif, Ilh\u00e9us-BA), <b>Jo\u00e3o de Oliveira<\/b> (Pintura, RJ), <b>Julia Dijkstra<\/b> (Pintura, Holanda),<b>Marilda Dib<\/b> (Escultura, SP), <b>Morenu<\/b> (Pintura, DF), <b>Nato L.<\/b> (Pintura, SP), <b>Rose Schauerte<\/b> (Pintura, Alemanha).<\/p>\n<p><!--more--><\/p>\n<p><b><i>\u00a0\u201cConnexion Art Mondial\u201d<\/i><\/b> \u00e9 o tema abordado no ano de 2013 por Heloiza de Aquino Azevedo em forma de exposi\u00e7\u00e3o coletiva e que ser\u00e1 apresentada em galerias e sal\u00f5es de arte da Alemanha, It\u00e1lia, Fran\u00e7a e possivelmente Estados Unidos. A id\u00e9ia \u00e9 mostrar o que representa as irradia\u00e7\u00f5es do Brasil na arte contempor\u00e2nea e oportunizar a descoberta de jovens talentos que conquistam o seu espa\u00e7o, ao lado de artistas j\u00e1 conhecidos e renomados internacionalmente.<\/p>\n<p><b>Cibele Pilla<\/b> (SP-Brasil), apresenta a sua arte de forma abstrata sob um suporte n\u00e3o muito comum utilizado pelos artistas: a lona de caminh\u00e3o. Cheias de marcas, remendos, digitais e mem\u00f3ria, as lonas de caminh\u00e3o recicladas por Cibele passam a ter uma nova vestimenta, recebendo o colorido em nuances diversas e que interagem com o todo. Cibele recebeu em 2010 a men\u00e7\u00e3o honrosa \u201cArte Sustent\u00e1vel\u201d em Barcelona pela import\u00e2ncia de reutilizar materiais muitas vezes considerados in\u00fateis.<\/p>\n<p><b>Denise Pit\u00e1goras<\/b> (BA-Brasil), gravadora desde a d\u00e9cada de 70, apresenta um projeto que realizou especificamente para essa exposi\u00e7\u00e3o. Denise vai mostrar a jun\u00e7\u00e3o de v\u00e1rios tipos de gravura como a xilogravura, litogravura, monotipia, linoleografia e serigrafia no universo compositivo da contemporaneidade associando a arte e tecnologia com o intuito de contrastar a realidade social atual com deusas, mitos e s\u00edmbolos que evocam a espiritualidade.<\/p>\n<p><b>\u00a0Heloiza Azevedo<\/b> (Fran\u00e7a), bi\u00f3grafa, educadora com especializa\u00e7\u00e3o em Arte e Cidade e Arte Contempor\u00e2nea Portuguesa, e comiss\u00e1ria de arte. \u00a0Heloiza participa da exposi\u00e7\u00e3o com um de seus primeiros trabalhos, apresentando uma leitura inspirada nas obras do artista pl\u00e1stico alem\u00e3o Bernd Klimmer. Adepta da arte sustent\u00e1vel, reutilizou peda\u00e7os de papel cart\u00e3o reciclados, colados, massa e tinta acr\u00edlica sobre tela para ilustrar uma das regi\u00f5es de NY.<\/p>\n<p><b>\u00a0Jane Hilda Badar\u00f3<\/b> (BA-Brasil), advogada, professora de Direito, jornalista, e pintora Naif. Sua pintura \u00e9 solta, simples, com cores fortes e vibrantes, e denotam alegria. Participou em outubro de 2012 do Sal\u00e3o Internacional de Arte Contempor\u00e2nea, no Carrousel Du Louvre, em Paris. Nesta coletiva apresenta cenas de \u201cGabriela Cravo e Canela\u201d- uma das obras mais famosas do grande escritor brasileiro Jorge Amado- em duas telas onde os personagens expressam caracter\u00edsticas e vestimentas da \u00e9poca \u00e1urea da cultura cacaueira no Sul da Bahia. Mostra tamb\u00e9m a tela \u201cPortal da Paz\u201d da s\u00e9rie de seus trabalhos cuja abordagem s\u00e3o os bons sentimentos humanos frente aos grandes encantos da natureza.<\/p>\n<p><b>\u00a0Jo\u00e3o de Oliveira<\/b> (SP-Brasil), arquiteto, especialista em programa\u00e7\u00e3o visual, realizou diversas interfer\u00eancias urbanas em paredes de edif\u00edcios do Rio de Janeiro. Para a exposi\u00e7\u00e3o de Paris, Jo\u00e3o ira apresentar quadros da s\u00e9rie Cri An Ci Ces com a proposta de conduzir o espectador ao Mundo m\u00e1gico das crian\u00e7as, evocando uma viagem interior de nosso passado infantil, muitas vezes adormecido dentro de todos n\u00f3s.<\/p>\n<p><b>Julia Dijkstra<\/b> (Holanda), em 2013, a artista pl\u00e1stica vai estrear na cidade luz e promete encantar os olhares dos espectadores com sua arte extremamente expressiva, com tra\u00e7os marcantes e que apresenta temas reflexivos sobre a fauna e meio ambiente.<\/p>\n<p><b>\u00a0Marilda Dib<\/b> (SP-Brasil), assistente social e formada pela Escola Panamericana de Arte e design, escultora conhecida Internacionalmente, participa com 3 pe\u00e7as em resina e que apresentam formas delicadas com temas provocativos que nos embarcam na feminilidade e em reflex\u00f5es primordiais e representativas presentes no ato de criar e nas belezas da vida.<\/p>\n<p><b>\u00a0Nato L. <\/b>(SP-Brasil), publicit\u00e1rio, fot\u00f3grafo, designer gr\u00e1fico e artista pl\u00e1stico desde 1986. Apaixonado desde crian\u00e7a pelo mais antigo transporte de cargas, Nato coleciona diversos carros de boi centen\u00e1rios e os retrata em seus trabalhos, impregnados de hist\u00f3rias, mem\u00f3rias, formas, cores, ritmos e texturas. Cenas do passado se tornam paisagens cheias de realismo irradiadas em nuances de marron, iluminadas e as vezes sombreadas.<\/p>\n<p><b>Morenu<\/b> (Dr.Gustavo Rincon Morenu \u2013 (DF-Brasil), pintor desde 1979, autor de trabalhos presentes em cole\u00e7\u00f5es particulares de diversos pa\u00edses, participou de exposi\u00e7\u00f5es, individuais, coletivas e sal\u00f5es de arte nacionais e internacionais. Tem como caracter\u00edstica marcante em sua obra a busca constante da forma de express\u00e3o humana mais significativa capaz de moldar novos conceitos. Seu primeiro contato art\u00edstico com a escultura, agiu como fio condutor essencial para suas escolhas e realiza\u00e7\u00f5es. Apaixonado pelos desafios da medicina, elegeu a cirurgia pl\u00e1stica, como profiss\u00e3o capaz de interagir com a arte. Para Morenu, \u201ca arte e a medicina s\u00e3o canais de cria\u00e7\u00e3o insepar\u00e1veis, um universo criativo, respons\u00e1vel por escolhas determinantes do futuro individual e coletivo\u201d.<\/p>\n<p><b>\u00a0Rose Schauerte<\/b> (Alemanha), nasceu no Rio de Janeiro, formada em pedagogia, pintora e professora de desenho se especializou na restaura\u00e7\u00e3o art\u00edstica, brincando com o antigo e moderno. Seus trabalhos t\u00eam como suporte a resina, a tela e a madeira. Suas obras fazem parte de diversas cole\u00e7\u00f5es particulares e p\u00fablicas no mundo. O trabalho da artista integra a simplicidade, detalhes e mem\u00f3rias de uma vida inteira, provocando ao observa dor emo\u00e7\u00f5es que aquecem o cora\u00e7\u00e3o.<\/p>\n","protected":false},"excerpt":{"rendered":"<p>&nbsp; \u00a0ARTE BRASILEIRA CONQUISTA MAIS UM\u00a0 ESPA\u00c7O EM PARIS! &nbsp; Em 11 de mar\u00e7o acontece a inaugura\u00e7\u00e3o de mais um trabalho da curadoria de Heloiza de Aquino\u00a0 Azevedo, na Fran\u00e7a, desta vez na Galeria Art et Events de Paris. A exposi\u00e7\u00e3o denominada \u201cConnexion Art Mondial\u201d vai contar com a participa\u00e7\u00e3o de 10 artistas que estar\u00e3o [&hellip;]<\/p>\n","protected":false},"author":2,"featured_media":0,"comment_status":"open","ping_status":"open","sticky":false,"template":"","format":"standard","meta":{"_links_to":"","_links_to_target":""},"categories":[5],"tags":[],"_links":{"self":[{"href":"https:\/\/www.r2cpress.com.br\/v1\/wp-json\/wp\/v2\/posts\/58374"}],"collection":[{"href":"https:\/\/www.r2cpress.com.br\/v1\/wp-json\/wp\/v2\/posts"}],"about":[{"href":"https:\/\/www.r2cpress.com.br\/v1\/wp-json\/wp\/v2\/types\/post"}],"author":[{"embeddable":true,"href":"https:\/\/www.r2cpress.com.br\/v1\/wp-json\/wp\/v2\/users\/2"}],"replies":[{"embeddable":true,"href":"https:\/\/www.r2cpress.com.br\/v1\/wp-json\/wp\/v2\/comments?post=58374"}],"version-history":[{"count":3,"href":"https:\/\/www.r2cpress.com.br\/v1\/wp-json\/wp\/v2\/posts\/58374\/revisions"}],"predecessor-version":[{"id":58378,"href":"https:\/\/www.r2cpress.com.br\/v1\/wp-json\/wp\/v2\/posts\/58374\/revisions\/58378"}],"wp:attachment":[{"href":"https:\/\/www.r2cpress.com.br\/v1\/wp-json\/wp\/v2\/media?parent=58374"}],"wp:term":[{"taxonomy":"category","embeddable":true,"href":"https:\/\/www.r2cpress.com.br\/v1\/wp-json\/wp\/v2\/categories?post=58374"},{"taxonomy":"post_tag","embeddable":true,"href":"https:\/\/www.r2cpress.com.br\/v1\/wp-json\/wp\/v2\/tags?post=58374"}],"curies":[{"name":"wp","href":"https:\/\/api.w.org\/{rel}","templated":true}]}}