{"id":58516,"date":"2013-02-07T20:58:11","date_gmt":"2013-02-07T23:58:11","guid":{"rendered":"http:\/\/www.r2cpress.com.br\/v1\/?p=58516"},"modified":"2013-02-07T20:58:11","modified_gmt":"2013-02-07T23:58:11","slug":"prefeitura-de-itabuna-25","status":"publish","type":"post","link":"https:\/\/www.r2cpress.com.br\/v1\/2013\/02\/07\/prefeitura-de-itabuna-25\/","title":{"rendered":"Prefeitura de Itabuna"},"content":{"rendered":"<p><center><a href=\"http:\/\/www.r2cpress.com.br\/v1\/wp-content\/uploads\/CAPA-R2CPRESS12.jpg\"><img loading=\"lazy\" src=\"http:\/\/www.r2cpress.com.br\/v1\/wp-content\/uploads\/CAPA-R2CPRESS12.jpg\" alt=\"CAPA R2CPRESS\" width=\"500\" height=\"500\" class=\"aligncenter size-full wp-image-58517\" srcset=\"https:\/\/www.r2cpress.com.br\/v1\/wp-content\/uploads\/CAPA-R2CPRESS12.jpg 500w, https:\/\/www.r2cpress.com.br\/v1\/wp-content\/uploads\/CAPA-R2CPRESS12-150x150.jpg 150w, https:\/\/www.r2cpress.com.br\/v1\/wp-content\/uploads\/CAPA-R2CPRESS12-300x300.jpg 300w\" sizes=\"(max-width: 500px) 100vw, 500px\" \/><\/a><br \/>\n<strong>NOTA DE PESAR<br \/>\nVane discute detalhes para instala\u00e7\u00e3o do atacado do Walmart<br \/>\nReforma do Restaurante Popular de Itabuna terminar\u00e1 em maio<br \/>\nItabuna quer melhorar ilumina\u00e7\u00e3o de Itabuna pensando na seguran\u00e7a<br \/>\nEscolas municipais de Itabuna ainda t\u00eam muitas vagas<\/strong><\/center><\/p>\n<p><!--more--><\/p>\n<p>***<\/p>\n<p><strong>NOTA DE PESAR \t<\/strong><\/p>\n<p>O prefeito de Itabuna, Cladevane Leite, e a secretaria de Educa\u00e7\u00e3o Dinalva Melo lamentaram a morte da professora Elizana Rodrigues Moura, ocorrido na madrugada de quinta-feira, 7. Na Nota, o prefeito e a secret\u00e1ria destacam que  aprovada em concurso p\u00fablico, em 2005, na rede p\u00fablica municipal ela assumiu com compromisso o Magist\u00e9rio, como regente de classe da Creche, no Centro de Aten\u00e7\u00e3o Integrada \u00e0 Crian\u00e7a Jorge Amado \u2013 CAIC, sendo reconhecida por suas colegas pelas caracter\u00edsticas de sensibilidade aliada \u00e0 organiza\u00e7\u00e3o profissional. Atualmente cursava Pedagogia da Plataforma Freire, na Uesc. O corpo est\u00e1 no Vel\u00f3rio Santa F\u00e9 de onde partir\u00e1 o f\u00e9retro \u00e0s 8 horas de sexta-feira para o Cemit\u00e9rio do Campo Santo. <\/p>\n<p><strong>Vane discute detalhes para instala\u00e7\u00e3o do atacado do Walmart<\/strong><\/p>\n<p>O prefeito de Itabuna, Claudevane Leite, recebeu nesta quinta-feira diretores do grupo Walmart Brasil para tratar de detalhes para a finaliza\u00e7\u00e3o da obra de uma loja Maxxi Atacado no Munic\u00edpio. A diretora de Rela\u00e7\u00f5es Institucionais do grupo, Patr\u00edcia Xavier e o diretor de Licen\u00e7as e Contratos, Fernando Nogueira, apresentaram pedido de melhorias da infraestrutura do tr\u00e2nsito e do acesso \u00e0 unidade da empresa na rodovia BR-415, trecho Ilh\u00e9us-Itabuna, al\u00e9m do aumento do n\u00famero de \u00f4nibus coletivos e pontos de ilumina\u00e7\u00e3o.<br \/>\nO investimento na constru\u00e7\u00e3o da unidade \u00e9 de R$ 30 milh\u00f5es. Com um espa\u00e7o f\u00edsico de cinco mil metros quadrados, a loja oferecer\u00e1 de 12 a 16 caixas para pagamento e mais de seis mil produtos, incluindo marcas pr\u00f3prias e farm\u00e1cia. Essa \u00e9 a primeira loja desse segmento instalada no territ\u00f3rio de Itabuna. \u201cA gente chega na cidade num bom momento e quer estabelecer uma rela\u00e7\u00e3o duradoura com o munic\u00edpio\u201d disse Patr\u00edcia Xavier, diretora de Rela\u00e7\u00f5es Institucionais do Walmart.<br \/>\nOs dirigentes do Walmart informaram que a nova loja deve gerar cerca de 100 empregos diretos. Uma parceria foi firmada entre a secretaria de Ind\u00fastria, Com\u00e9rcio e Turismo e o setor de Recursos Humanos  do Walmart  Brasil para a sele\u00e7\u00e3o e qualifica\u00e7\u00e3o dos futuros empregados em Itabuna. A loja atender\u00e1 tanto ao atacado como ao varejo, atendendo do pequeno comerciante ao consumidor final.<br \/>\nO prefeito Claudevane Leite destacou que Itabuna est\u00e1 carente de empregos e ressaltou que seu governo trabalha para fomentar a vinda de novos empreendimentos, para oferecer oportunidades para a popula\u00e7\u00e3o economicamente ativa. \u201cO nosso povo \u00e9 empreendedor em todas as \u00e1reas, de neg\u00f3cios a servi\u00e7os. A prefeitura vai fazer sua parte e as pessoas que atuam nesse segmento de neg\u00f3cios v\u00e3o encontrar melhores condi\u00e7\u00f5es aqui\u201d disse o prefeito.<br \/>\nVane manifestou ainda preocupa\u00e7\u00e3o quanto ao meio ambiente e obteve dos dirigentes do Walmart a garantia da implanta\u00e7\u00e3o de um plano de sustentabilidade que leva em conta o meio ambiente, tratamento de esgoto, drenagem e filtragem pelo solo, pr\u00e1ticas para economia de energia el\u00e9trica e reaproveitamento de \u00e1gua.<br \/>\nParticiparam da reuni\u00e3o os  secret\u00e1rios de Ind\u00fastria, Com\u00e9rcio e Turismo, Jos\u00e9 Humberto Martins; Transporte e Tr\u00e2nsito, Clodovil Soares; Desenvolvimento Urbano, Marcos Monteiro e Planejamento e Tecnologia, Wenceslau Augusto Junior.<\/p>\n<p><strong>Reforma do Restaurante Popular de Itabuna terminar\u00e1 em maio<\/strong><\/p>\n<p>As obras de reforma do Restaurante Popular, fechado h\u00e1 13 meses pela gest\u00e3o anterior, ser\u00e3o retomadas logo ap\u00f3s o Carnaval e devem ser conclu\u00eddas em maio, possibilitando que o local seja reaberto ao p\u00fablico logo ap\u00f3s. A Prefeitura de Itabuna, por meio da Secretaria de Desenvolvimento Urbano \u2013 Sedur, determinou \u00e0 CND Construtora o rein\u00edcio dos trabalhos e sua conclus\u00e3o em um prazo m\u00e1ximo de 90 dias, ap\u00f3s acelerar tr\u00e2mites burocr\u00e1ticos junto Caixa Econ\u00f4mica Federal.<br \/>\nO prefeito Claudevane Leite visitou as instala\u00e7\u00f5es do restaurante, no dia 25 de janeiro, quando garantiu que no curto prazo as obras seriam retomadas. \u201cVamos dar uma resposta aos anseios da popula\u00e7\u00e3o\u201d, disse o prefeito.<br \/>\nO titular da Sedur, Marcos Monteiro, garantiu que todos os esfor\u00e7os est\u00e3o sendo feitos para que o Restaurante Popular volte a funcionar ainda neste primeiro semestre. \u201c\u00c9 obra priorit\u00e1ria da prefeitura, pois sabemos da necessidade das pessoas em se alimentar com qualidade e baixo custo\u201d, explicou.<br \/>\nPara o comerci\u00e1rio Jadson Fonseca, 26 anos, que almo\u00e7ava todos os dias no Popular, o preju\u00edzo pessoal \u00e9 grande. \u201cGastava dois reais por dia, almo\u00e7ava e ainda bebia suco. Agora n\u00e3o gasto menos de 15 reais, o que causa sangria no meu ganho mensal\u201d, reclamou o vendedor, que comemora a not\u00edcia da reabertura do restaurante brevemente.<br \/>\nJ\u00e1 a vendedora aut\u00f4noma Moema Teixeira disse que desde o fechamento do restaurante, est\u00e1 sendo obrigada a trazer comida de casa. \u201cTenho que acordar mais cedo para preparar a comida de consumo di\u00e1rio. N\u00e3o vejo a hora de voltar l\u00e1. Deus ajude e aben\u00e7oe esse novo prefeito por sua decis\u00e3o de acelerar a reativa\u00e7\u00e3o do restaurante\u201d, comemorou.<br \/>\nO Restaurante Popular foi fechado em dezembro de 2011 sob a alega\u00e7\u00e3o da necessidade de reforma de suas instala\u00e7\u00f5es. Mas, apesar de a gest\u00e3o anterior ter assinado contrato no valor de R$ 350 mil com o Minist\u00e9rio do Desenvolvimento Social e Combate a Fome, nenhuma reforma foi feita, o que causou indigna\u00e7\u00e3o e protestos por parte dos usu\u00e1rios do estabelecimento, que atendia, diariamente, uma m\u00e9dia mil pessoas,que se alimentavam bem, pagando um valor simb\u00f3lico de R$ 2,00. <\/p>\n<p><strong>Itabuna quer melhorar ilumina\u00e7\u00e3o de Itabuna pensando na seguran\u00e7a<\/strong><\/p>\n<p>A Prefeitura de Itabuna, por meio da Secretaria de Desenvolvimento Urbano &#8211; Sedur, apresentou um balan\u00e7o dos servi\u00e7os prestados no setor de ilumina\u00e7\u00e3o no m\u00eas de janeiro. De acordo com o relat\u00f3rio da Sedur, foram trocadas 590 l\u00e2mpadas comuns e incandescentes, al\u00e9m da substitui\u00e7\u00e3o de 91 reatores, 45 bra\u00e7os e duas chaves magn\u00e9ticas.<br \/>\nSegundo o Diretor do Departamento de Ilumina\u00e7\u00e3o P\u00fablica, Mariano Rabelo, os trabalhos est\u00e3o sendo executados com efici\u00eancia, apesar das dificuldades encontradas. Ele diz que a melhoria no servi\u00e7o de ilumina\u00e7\u00e3o p\u00fablica \u00e9 um compromisso do prefeito Claudevane Leite com o objetivo de oferecer melhor qualidade de vida \u00e0 popula\u00e7\u00e3o e reduzir os \u00edndices de criminalidade.<br \/>\n\u201cItabuna registra um alto \u00edndice de l\u00e2mpadas quebradas por vandalismo e tamb\u00e9m \u00e9 alto o n\u00famero de l\u00e2mpadas que se queimam em raz\u00e3o do tempo de uso. Por isso, necessitamos da contribui\u00e7\u00e3o dos moradores nos avisando quando constatarem qualquer defici\u00eancia no servi\u00e7o\u201d, apelou Mariano. As den\u00fancias e reclama\u00e7\u00f5es podem ser feitas, provisoriamente, pelos telefones  73 8859-6060 e 73 8848-6552, mas em breve ser\u00e1 instalado um servi\u00e7o 0800.<br \/>\nO diretor adiantou que dentro de algumas semanas ser\u00e3o promovidos mutir\u00f5es nos bairros, onde ser\u00e3o feitas triagens pelo setor de ilumina\u00e7\u00e3o p\u00fablica, incluindo quadras poliesportivas, postos de sa\u00fade e todos os pontos de responsabilidade da prefeitura. \u201cDessa forma poderemos atender com mais aten\u00e7\u00e3o e qualidade ao cidad\u00e3o, nos quatro cantos da cidade\u201d, explicou Mariano, que refor\u00e7ou a necessidade da popula\u00e7\u00e3o exercer sua cidadania e participa\u00e7\u00e3o.<br \/>\nO titular da Sedur, engenheiro Marcos Monteiro, informou que o setor de ilumina\u00e7\u00e3o p\u00fablica tem sido refor\u00e7ado pensando em um servi\u00e7o de qualidade que auxilie no combate efetivo a criminalidade. \u201cAs ruas escuras, facilitam as a\u00e7\u00f5es dos bandidos. Na proposta do Projeto Cidade de Paz do prefeito Vane, cuidaremos eficientemente desse setor em coopera\u00e7\u00e3o com a sociedade civil organizada, atrav\u00e9s de associa\u00e7\u00f5es de moradores e outras institui\u00e7\u00f5es\u201d, concluiu.<\/p>\n<p><strong>Escolas municipais de Itabuna ainda t\u00eam muitas vagas<\/strong><\/p>\n<p>\tA Secretaria de Educa\u00e7\u00e3o (SEC) de Itabuna acaba de divulgar um relat\u00f3rio parcial de matr\u00edculas na Rede P\u00fablica Municipal de Ensino e informa que ainda restam mais de seis mil vagas no Ensino Fundamental. A SEC est\u00e1 convocando os pais ou respons\u00e1veis pelos estudantes para que, o quanto antes, realizem a matr\u00edcula na unidade escolar mais pr\u00f3xima de sua resid\u00eancia.<br \/>\n\tSegundo a secret\u00e1ria da Educa\u00e7\u00e3o, professora Dinalva Melo, a Rede Municipal de Ensino tem capacidade para atender mais de 30 mil alunos em 110 unidades escolares instaladas nas zonas urbana e rural. A secret\u00e1ria revela que, infelizmente, ainda existe uma cultura dos pais de deixar para matricular os filhos de \u00faltima hora, at\u00e9 mesmo no primeiro dia do ano letivo. \u201cPortanto, os n\u00fameros parciais ainda n\u00e3o refletem qual a demanda real das escolas da rede\u201d, frisou.<br \/>\n\tDinalva lembra que a comprova\u00e7\u00e3o de matr\u00edcula e a freq\u00fc\u00eancia dos filhos em idade escolar \u00e9 fator determinante para a manuten\u00e7\u00e3o do recebimento de benef\u00edcios em programas de distribui\u00e7\u00e3o de renda desenvolvidos pelo governo federal, a exemplo do Bolsa Fam\u00edlia e do Peti \u2013 Programa de Erradica\u00e7\u00e3o do Trabalho Infantil. \u201cPor isto, o quanto antes a matr\u00edcula \u00e9 efetivada a Escola tem condi\u00e7\u00e3o de emitir o comprovante para ser apresentado durante o recadastramento nos programas sociais\u201d, argumenta.<br \/>\n\tA secret\u00e1ria da Educa\u00e7\u00e3o destaca ainda que a realiza\u00e7\u00e3o da matr\u00edcula no prazo previsto possibilita \u00e0 SEC um melhor planejamento das a\u00e7\u00f5es pedag\u00f3gicas por meio da equipe escolar. Dinalva ressalta que, com exce\u00e7\u00e3o do segmento da Educa\u00e7\u00e3o Infantil, que disp\u00f5e apenas de 34 vagas na Creche-Escola Dr. Gil Nunesmaia, e de outras 100 na Escola Infantil S\u00e3o Louren\u00e7o, nas demais unidades da Rede ainda existem vagas a serem preenchidas nos Ciclos de Forma\u00e7\u00e3o Humana \u2013 Ciclo da Inf\u00e2ncia, Ciclo da Pr\u00e9-Adolesc\u00eancia e Ciclo da Adolesc\u00eancia \u2013 e no Programa de Educa\u00e7\u00e3o de Jovens e Adultos (Proeja).<br \/>\n\tVAGAS<br \/>\n\tDe acordo com o quadro de vagas divulgado pela SEC h\u00e1 disponibilidade em 21 unidades escolares localizadas em \u00e1reas densamente povoadas, a exemplo das escolas A\u00e7\u00e3o e Cidadania (Bananeira), Alberto Lessa (S\u00edtio IV \u2013 Santa In\u00eas), Antonio Menezes Filho (S\u00e3o Pedro), Batista Teos\u00f3polis (Concei\u00e7\u00e3o), Betel (F\u00e1tima), CAIC Jorge Amado (Jardim Primavera), Col\u00e9gio Ciso (F\u00e1tima), Bispo Dom Ceslau Stanula (Pedro Jer\u00f4nimo), Instituto Municipal de Educa\u00e7\u00e3o Aziz Maron \u2013 Imeam (centro) e Escola Isa Brito (Banco Raso).<br \/>\n\tTamb\u00e9m est\u00e3o dispon\u00edveis vagas nas escolas Jo\u00e3o Alves Ara\u00fajo (Nova Calif\u00f3rnia), Leonor Santos Pacheco (Rua de Palha), Lourival Oliveira Soares (Ferradas), no Grupo Escolar Maria Pinheiro (Maria Pinheiro), Escola Professora Rita Dantas (S\u00edtio I \u2013 Antique), Escola Ro\u00e7a do Povo e Escola Professora Norma V\u00eddero Santos (S\u00edtio II \u2013 Fonseca), Edehilda Oliveira (Nova Ferrradas).<br \/>\n_________________________________<br \/>\nPrefeitura de Itabuna<br \/>\nDepartamento de Comunica\u00e7\u00e3o Social<br \/>\nFotos: Gabriel de Oliveira e Pedro Augusto<\/p>\n","protected":false},"excerpt":{"rendered":"<p>NOTA DE PESAR Vane discute detalhes para instala\u00e7\u00e3o do atacado do Walmart Reforma do Restaurante Popular de Itabuna terminar\u00e1 em maio Itabuna quer melhorar ilumina\u00e7\u00e3o de Itabuna pensando na seguran\u00e7a Escolas municipais de Itabuna ainda t\u00eam muitas vagas<\/p>\n","protected":false},"author":2,"featured_media":0,"comment_status":"open","ping_status":"open","sticky":false,"template":"","format":"standard","meta":{"_links_to":"","_links_to_target":""},"categories":[15],"tags":[],"_links":{"self":[{"href":"https:\/\/www.r2cpress.com.br\/v1\/wp-json\/wp\/v2\/posts\/58516"}],"collection":[{"href":"https:\/\/www.r2cpress.com.br\/v1\/wp-json\/wp\/v2\/posts"}],"about":[{"href":"https:\/\/www.r2cpress.com.br\/v1\/wp-json\/wp\/v2\/types\/post"}],"author":[{"embeddable":true,"href":"https:\/\/www.r2cpress.com.br\/v1\/wp-json\/wp\/v2\/users\/2"}],"replies":[{"embeddable":true,"href":"https:\/\/www.r2cpress.com.br\/v1\/wp-json\/wp\/v2\/comments?post=58516"}],"version-history":[{"count":3,"href":"https:\/\/www.r2cpress.com.br\/v1\/wp-json\/wp\/v2\/posts\/58516\/revisions"}],"predecessor-version":[{"id":58520,"href":"https:\/\/www.r2cpress.com.br\/v1\/wp-json\/wp\/v2\/posts\/58516\/revisions\/58520"}],"wp:attachment":[{"href":"https:\/\/www.r2cpress.com.br\/v1\/wp-json\/wp\/v2\/media?parent=58516"}],"wp:term":[{"taxonomy":"category","embeddable":true,"href":"https:\/\/www.r2cpress.com.br\/v1\/wp-json\/wp\/v2\/categories?post=58516"},{"taxonomy":"post_tag","embeddable":true,"href":"https:\/\/www.r2cpress.com.br\/v1\/wp-json\/wp\/v2\/tags?post=58516"}],"curies":[{"name":"wp","href":"https:\/\/api.w.org\/{rel}","templated":true}]}}