{"id":5865,"date":"2011-01-06T11:21:34","date_gmt":"2011-01-06T14:21:34","guid":{"rendered":"http:\/\/www.r2cpress.com.br\/v1\/?p=5865"},"modified":"2011-01-06T11:21:34","modified_gmt":"2011-01-06T14:21:34","slug":"mudancas-na-reproducao-assistida-atendem-a-demanda-da-sociedade-moderna-diz-cfm","status":"publish","type":"post","link":"https:\/\/www.r2cpress.com.br\/v1\/2011\/01\/06\/mudancas-na-reproducao-assistida-atendem-a-demanda-da-sociedade-moderna-diz-cfm\/","title":{"rendered":"Mudan\u00e7as na reprodu\u00e7\u00e3o assistida atendem \u00e0 demanda da sociedade moderna, diz CFM"},"content":{"rendered":"<p><strong>Bras\u00edlia<\/strong> \u2013 O presidente do Conselho Federal de Medicina (CFM), Roberto D&#8217;Avila, afirmou, por meio de nota, que as altera\u00e7\u00f5es nas regras de reprodu\u00e7\u00e3o assistida representam avan\u00e7o e atendem a uma demanda da sociedade moderna. As mudan\u00e7as foram publicadas na edi\u00e7\u00e3o de hoje (6) do Di\u00e1rio Oficial da Uni\u00e3o.<\/p>\n<p>As mudan\u00e7as incluem a permiss\u00e3o para a realiza\u00e7\u00e3o de procedimentos com material biol\u00f3gico criopreservado (conservado em baix\u00edssimas temperaturas) ap\u00f3s a morte, desde que haja autoriza\u00e7\u00e3o pr\u00e9via, e tamb\u00e9m por pessoas solteiras e casais homossexuais. \u201cA medicina n\u00e3o tem preconceitos e deve respeitar todos de maneira igual\u201d, disse D&#8217;Avila.<\/p>\n<p><!--more--><\/p>\n<p>Sobre a decis\u00e3o de limitar o n\u00famero de embri\u00f5es a serem transferidos, o presidente da Sociedade Brasileira de Reprodu\u00e7\u00e3o Assistida, Adelino Amaral, explicou, tamb\u00e9m por meio de nota, que a ideia \u00e9 prevenir a gravidez m\u00faltipla, que aumenta as chances de aborto e de nascimento de beb\u00eas prematuros.<\/p>\n<p>Com as novas regras, mulheres de at\u00e9 35 anos podem implantar at\u00e9 dois embri\u00f5es; de 36 a 39 anos, at\u00e9 tr\u00eas; e acima de 40 anos, at\u00e9 quatro.<\/p>\n<p>Em casos de gravidez m\u00faltipla, foi mantida a proibi\u00e7\u00e3o de utiliza\u00e7\u00e3o de procedimentos que visem \u00e0 redu\u00e7\u00e3o embrion\u00e1ria. Permanecem tamb\u00e9m diretrizes \u00e9ticas como a proibi\u00e7\u00e3o de que as t\u00e9cnicas de reprodu\u00e7\u00e3o sejam aplicadas com a inten\u00e7\u00e3o de selecionar sexo ou qualquer caracter\u00edstica biol\u00f3gica do futuro beb\u00ea.<\/p>\n<p>\u201cO m\u00e9dico n\u00e3o pode interferir na quest\u00e3o biol\u00f3gica, definida pela natureza\u201d, ressaltou, na mesma nota, o presidente da Sociedade Brasileira de Reprodu\u00e7\u00e3o Humana, Waldemar Amaral.<\/p>\n<p>&#8212;<br \/>\nPaula Laboissi\u00e8re<br \/>\nRep\u00f3rter da <a href = \"http:\/\/agenciabrasil.ebc.com.br\/home;jsessionid=EA3B6F36059FDB0EDDDDDF087162C909?p_p_id=56&#038;p_p_lifecycle=0&#038;p_p_state=maximized&#038;p_p_mode=view&#038;p_p_col_id=column-3&#038;p_p_col_pos=2&#038;p_p_col_count=7&#038;_56_groupId=19523&#038;_56_articleId=3157313\" target = \"_news\"><b>Ag\u00eancia Brasil<\/b><\/a><br \/>\nEdi\u00e7\u00e3o: Juliana Andrade<\/p>\n","protected":false},"excerpt":{"rendered":"<p>Bras\u00edlia \u2013 O presidente do Conselho Federal de Medicina (CFM), Roberto D&#8217;Avila, afirmou, por meio de nota, que as altera\u00e7\u00f5es nas regras de reprodu\u00e7\u00e3o assistida representam avan\u00e7o e atendem a uma demanda da sociedade moderna. As mudan\u00e7as foram publicadas na edi\u00e7\u00e3o de hoje (6) do Di\u00e1rio Oficial da Uni\u00e3o. As mudan\u00e7as incluem a permiss\u00e3o para [&hellip;]<\/p>\n","protected":false},"author":2,"featured_media":0,"comment_status":"open","ping_status":"open","sticky":false,"template":"","format":"standard","meta":{"_links_to":"","_links_to_target":""},"categories":[18],"tags":[],"_links":{"self":[{"href":"https:\/\/www.r2cpress.com.br\/v1\/wp-json\/wp\/v2\/posts\/5865"}],"collection":[{"href":"https:\/\/www.r2cpress.com.br\/v1\/wp-json\/wp\/v2\/posts"}],"about":[{"href":"https:\/\/www.r2cpress.com.br\/v1\/wp-json\/wp\/v2\/types\/post"}],"author":[{"embeddable":true,"href":"https:\/\/www.r2cpress.com.br\/v1\/wp-json\/wp\/v2\/users\/2"}],"replies":[{"embeddable":true,"href":"https:\/\/www.r2cpress.com.br\/v1\/wp-json\/wp\/v2\/comments?post=5865"}],"version-history":[{"count":2,"href":"https:\/\/www.r2cpress.com.br\/v1\/wp-json\/wp\/v2\/posts\/5865\/revisions"}],"predecessor-version":[{"id":5867,"href":"https:\/\/www.r2cpress.com.br\/v1\/wp-json\/wp\/v2\/posts\/5865\/revisions\/5867"}],"wp:attachment":[{"href":"https:\/\/www.r2cpress.com.br\/v1\/wp-json\/wp\/v2\/media?parent=5865"}],"wp:term":[{"taxonomy":"category","embeddable":true,"href":"https:\/\/www.r2cpress.com.br\/v1\/wp-json\/wp\/v2\/categories?post=5865"},{"taxonomy":"post_tag","embeddable":true,"href":"https:\/\/www.r2cpress.com.br\/v1\/wp-json\/wp\/v2\/tags?post=5865"}],"curies":[{"name":"wp","href":"https:\/\/api.w.org\/{rel}","templated":true}]}}