{"id":58698,"date":"2013-02-10T19:51:25","date_gmt":"2013-02-10T22:51:25","guid":{"rendered":"http:\/\/www.r2cpress.com.br\/v1\/?p=58698"},"modified":"2013-02-10T19:51:53","modified_gmt":"2013-02-10T22:51:53","slug":"prefeitura-faz-a-limpeza-do-canal-do-novo-jacana-neste-domingo","status":"publish","type":"post","link":"https:\/\/www.r2cpress.com.br\/v1\/2013\/02\/10\/prefeitura-faz-a-limpeza-do-canal-do-novo-jacana-neste-domingo\/","title":{"rendered":"ITABUNA \/  Prefeitura faz a limpeza do canal do Novo Ja\u00e7an\u00e3 neste domingo"},"content":{"rendered":"<p>Por determina\u00e7\u00e3o do prefeito de Itabuna, Claudevane Leite, a Secretaria de Desenvolvimento Urbano &#8211; Sedur come\u00e7ou hoje,10, a limpeza do canal do Novo Ja\u00e7an\u00e3. O prefeito atendeu apelo dos moradores de uma parte do bairro, j\u00e1 que o rompimento de uma barragem, situada em \u00e1rea particular, com as chuvas que ca\u00edram sobre a cidade h\u00e1 dias, causou alagamento de algumas casas no  entorno do canal de macrodrenagem, carreando lixo e muita sujeira para o interior das resid\u00eancias.<br \/>\n<div id=\"attachment_58699\" style=\"width: 510px\" class=\"wp-caption aligncenter\"><a href=\"http:\/\/www.r2cpress.com.br\/v1\/wp-content\/uploads\/Limpeza-do-Canal-Novo-Ja\u00e7an\u00e31-Foto-Ricardo-Mascarenhas-5.jpg\"><img aria-describedby=\"caption-attachment-58699\" loading=\"lazy\" src=\"http:\/\/www.r2cpress.com.br\/v1\/wp-content\/uploads\/Limpeza-do-Canal-Novo-Ja\u00e7an\u00e31-Foto-Ricardo-Mascarenhas-5.jpg\" alt=\"Limpeza do Canal Novo Ja\u00e7an\u00e31 - Foto Ricardo Mascarenhas.\" width=\"500\" height=\"375\" class=\"size-full wp-image-58699\" srcset=\"https:\/\/www.r2cpress.com.br\/v1\/wp-content\/uploads\/Limpeza-do-Canal-Novo-Ja\u00e7an\u00e31-Foto-Ricardo-Mascarenhas-5.jpg 500w, https:\/\/www.r2cpress.com.br\/v1\/wp-content\/uploads\/Limpeza-do-Canal-Novo-Ja\u00e7an\u00e31-Foto-Ricardo-Mascarenhas-5-300x225.jpg 300w\" sizes=\"(max-width: 500px) 100vw, 500px\" \/><\/a><p id=\"caption-attachment-58699\" class=\"wp-caption-text\">Limpeza do Canal Novo Ja\u00e7an\u00e31 &#8211; Foto Ricardo Mascarenhas.<\/p><\/div><\/p>\n<p>Ap\u00f3s receber a reclama\u00e7\u00e3o dos moradores da \u00e1rea atingida, o prefeito Vane acionou o titular da Sedur, engenheiro Marcos Monteiro, determinando provid\u00eancias urgentes no local. \u201cO prefeito me determinou as provid\u00eancias, o que fizemos imediatamente mobilizando uma escavadeira hidr\u00e1ulica para limpeza do canal e facilitar o escoamento da \u00e1gua e da lama represadas pela sujeira\u201d, afirmou o secret\u00e1rio.<\/p>\n<p><!--more--><\/p>\n<p>\u201cToda vez que chove forte, a \u00e1gua desce fortemente e inunda o canal, que transborda e invade nossas casas. Isso aqui vira um mar de \u00e1gua, lama e todo tipo de sujeira, causando todo esse transtorno\u201d, disse o morador Valter Bispo, 55 anos, que h\u00e1 12 anos mora na Rua O, no Novo Ja\u00e7an\u00e3. Depois que viu a chegada e atua\u00e7\u00e3o da m\u00e1quina contratada pela Sedur, o morador se disse satisfeito com as a\u00e7\u00f5es emergenciais da prefeitura para resolver o problema dele e de seus vizinhos.<\/p>\n<p>Segundo moradores do Novo Ja\u00e7an\u00e3, antigamente o canal era um riacho de \u00e1gua limpa e cristalina, banh\u00e1vel e de muitos peixes, um subafluente do Rio Cachoeira. No entanto, com o passar dos anos, o descaso de sucessivas administra\u00e7\u00f5es municipais o transformaram em um esgoto a c\u00e9u aberto, com uma fedentina insuport\u00e1vel. A polui\u00e7\u00e3o do canal tamb\u00e9m conta com a a\u00e7\u00e3o de pessoas que nele atiram lixo e toda sujeira.<\/p>\n<p>Para Dona C\u00e9lia Regina Santos, moradora no bairro h\u00e1 12 anos, o trabalho agora realizado pela prefeitura em pleno domingo de carnaval tem que ser feito constantemente e, se poss\u00edvel a cada seis meses, para evitar problemas id\u00eanticos no futuro. A dona de casa tamb\u00e9m pede a coopera\u00e7\u00e3o dos seus vizinhos para que n\u00e3o joguem lixo no canal, j\u00e1 que a coleta pela limpeza p\u00fablica \u00e9 regular no bairro.<\/p>\n<p>\u201cAntes era uma riacho limpo, onde pesc\u00e1vamos til\u00e1pias e outras esp\u00e9cies de peixe\u201d, informou a moradora, que tamb\u00e9m se disse contente com a prefeitura por mais essa prova de respeito \u00e0 comunidade. Com a a\u00e7\u00e3o no canal do Novo Ja\u00e7an\u00e3, j\u00e1 s\u00e3o tr\u00eas os canais de macrodrenagem da cidade onde a Sedur promoveu servi\u00e7os de limpeza nos primeiros 40 dias da gest\u00e3o do prefeito Vane, j\u00e1 que tamb\u00e9m foram atendidos os canais do S\u00e3o Caetano e Nova Calif\u00f3rnia.<\/p>\n<p>&#8212;<br \/>\nPrefeitura de Itabuna<br \/>\nDepartamento de Comunica\u00e7\u00e3o Social<\/p>\n","protected":false},"excerpt":{"rendered":"<p>Por determina\u00e7\u00e3o do prefeito de Itabuna, Claudevane Leite, a Secretaria de Desenvolvimento Urbano &#8211; Sedur come\u00e7ou hoje,10, a limpeza do canal do Novo Ja\u00e7an\u00e3. O prefeito atendeu apelo dos moradores de uma parte do bairro, j\u00e1 que o rompimento de uma barragem, situada em \u00e1rea particular, com as chuvas que ca\u00edram sobre a cidade h\u00e1 [&hellip;]<\/p>\n","protected":false},"author":2,"featured_media":0,"comment_status":"open","ping_status":"open","sticky":false,"template":"","format":"standard","meta":{"_links_to":"","_links_to_target":""},"categories":[15],"tags":[],"_links":{"self":[{"href":"https:\/\/www.r2cpress.com.br\/v1\/wp-json\/wp\/v2\/posts\/58698"}],"collection":[{"href":"https:\/\/www.r2cpress.com.br\/v1\/wp-json\/wp\/v2\/posts"}],"about":[{"href":"https:\/\/www.r2cpress.com.br\/v1\/wp-json\/wp\/v2\/types\/post"}],"author":[{"embeddable":true,"href":"https:\/\/www.r2cpress.com.br\/v1\/wp-json\/wp\/v2\/users\/2"}],"replies":[{"embeddable":true,"href":"https:\/\/www.r2cpress.com.br\/v1\/wp-json\/wp\/v2\/comments?post=58698"}],"version-history":[{"count":3,"href":"https:\/\/www.r2cpress.com.br\/v1\/wp-json\/wp\/v2\/posts\/58698\/revisions"}],"predecessor-version":[{"id":58702,"href":"https:\/\/www.r2cpress.com.br\/v1\/wp-json\/wp\/v2\/posts\/58698\/revisions\/58702"}],"wp:attachment":[{"href":"https:\/\/www.r2cpress.com.br\/v1\/wp-json\/wp\/v2\/media?parent=58698"}],"wp:term":[{"taxonomy":"category","embeddable":true,"href":"https:\/\/www.r2cpress.com.br\/v1\/wp-json\/wp\/v2\/categories?post=58698"},{"taxonomy":"post_tag","embeddable":true,"href":"https:\/\/www.r2cpress.com.br\/v1\/wp-json\/wp\/v2\/tags?post=58698"}],"curies":[{"name":"wp","href":"https:\/\/api.w.org\/{rel}","templated":true}]}}