{"id":5871,"date":"2011-01-06T11:39:59","date_gmt":"2011-01-06T14:39:59","guid":{"rendered":"http:\/\/www.r2cpress.com.br\/v1\/?p=5871"},"modified":"2011-01-06T11:40:39","modified_gmt":"2011-01-06T14:40:39","slug":"quatro-suspeitos-de-terem-matado-filho-de-delegada-sao-presos-em-camacari","status":"publish","type":"post","link":"https:\/\/www.r2cpress.com.br\/v1\/2011\/01\/06\/quatro-suspeitos-de-terem-matado-filho-de-delegada-sao-presos-em-camacari\/","title":{"rendered":"Quatro suspeitos de terem matado filho de delegada s\u00e3o presos em Cama\u00e7ari"},"content":{"rendered":"<p><strong>Os acusados estavam em dois carros quando foram presos em um bairro do do munic\u00edpio. Um dos carros, um Fiat Punto preto, teria sido o carro usado no crime<\/strong><\/p>\n<p><div id=\"attachment_5872\" style=\"width: 210px\" class=\"wp-caption alignleft\"><a href=\"http:\/\/www.r2cpress.com.br\/v1\/wp-content\/uploads\/ucsal1_01.jpg\"><img aria-describedby=\"caption-attachment-5872\" loading=\"lazy\" src=\"http:\/\/www.r2cpress.com.br\/v1\/wp-content\/uploads\/ucsal1_01.jpg\" alt=\"\" title=\"20110105AL\" width=\"200\" height=\"255\" class=\"size-full wp-image-5872\" \/><\/a><p id=\"caption-attachment-5872\" class=\"wp-caption-text\">Jair tinha apenas 25 anos e planejava se casar  (Foto: Almiro Lopes\/CORREIO).<\/p><\/div>Quatro homens suspeitos de terem matado o estudante de Administra\u00e7\u00e3o, Jair Rosado Nascimento Oliveira, de 25 anos, em frente ao campus da Universidade Cat\u00f3lica de Salvador (Ucsal), em Pitua\u00e7u, foram presos no in\u00edcio da madrugada desta quinta-feira (6), por volta da meia-noite.<\/p>\n<p>Os suspeitos est\u00e3o na 18\u00aa Delegacia, no munic\u00edpio de Cama\u00e7ari, Regi\u00e3o Metropolitana de Salvador. Segundo informa\u00e7\u00f5es da pol\u00edcia concedidas \u00e0 TV Bahia, os acusados estavam em dois carros quando foram presos em um bairro do munic\u00edpio. Um dos carros, um Fiat Punto preto, teria sido usado no crime. Os suspeitos negam o envolvimento no caso. O enterro de Jair ser\u00e1 realizado \u00e0s 16h desta quinta-feira (06) no cemit\u00e9rio Jardim da Saudade, no bairro de Brotas.<\/p>\n<p><strong>O CRIME<\/strong><br \/>\nJair, que era filho da delegada L\u00edbia Rosado, estava de casamento marcado para abril e cursava o 7\u00ba semestre do curso de Administra\u00e7\u00e3o de Empresas na Universidade Cat\u00f3lica do Salvador (Ucsal). Ontem, quando o tamb\u00e9m corretor de im\u00f3veis foi assistir \u00e0 primeira aula de um curso de f\u00e9rias, acabou sendo  baleado no rosto numa tentativa de assalto e morreu no local.<\/p>\n<p><!--more--><\/p>\n<p>O latroc\u00ednio aconteceu em frente \u00e0 Ucsal, na Avenida Pinto de Aguiar, pr\u00f3ximo ao Est\u00e1dio de Pitua\u00e7u. O estudante dirigia um Crossfox amarelo (NTP 7421) quando foi abordado, no sinal de tr\u00e2nsito que fica em frente \u00e0 universidade, por pelo menos dois assaltantes, que o seguiam em um carro preto.<\/p>\n<div id=\"attachment_5873\" style=\"width: 310px\" class=\"wp-caption alignnone\"><a href=\"http:\/\/www.r2cpress.com.br\/v1\/wp-content\/uploads\/ucsal2.jpg\"><img aria-describedby=\"caption-attachment-5873\" loading=\"lazy\" src=\"http:\/\/www.r2cpress.com.br\/v1\/wp-content\/uploads\/ucsal2-300x212.jpg\" alt=\"\" title=\"20110105AL\" width=\"300\" height=\"212\" class=\"size-medium wp-image-5873\" srcset=\"https:\/\/www.r2cpress.com.br\/v1\/wp-content\/uploads\/ucsal2-300x212.jpg 300w, https:\/\/www.r2cpress.com.br\/v1\/wp-content\/uploads\/ucsal2.jpg 450w\" sizes=\"(max-width: 300px) 100vw, 300px\" \/><\/a><p id=\"caption-attachment-5873\" class=\"wp-caption-text\">A delegada L\u00edbia Rosado, m\u00e3e da v\u00edtima, recebe apoio de amigos e parentes<\/p><\/div>\n<p>Como n\u00e3o conseguiram abrir a porta do ve\u00edculo, um dos criminosos disparou e atingiu Jair no rosto. O tiro atravessou a janela do carona e atingiu o rosto de Jair. Um guarda municipal que estava no local conseguiu tirar o carro e lev\u00e1-lo para o acostamento.<\/p>\n<p>A dupla que abordou Jair pode ter tido a ajuda de mais dois comparsas, segundo a delegada Dalva Cardoso, titular da 9\u00aa Delegacia (Boca do Rio), que ficar\u00e1 \u00e0 frente das investiga\u00e7\u00f5es. O crime chocou amigos do estudante. A pol\u00edcia vai pedir \u00e0 Transalvador imagens dos fotossensores que ficam em frente ao campus para tentar identificar o ve\u00edculo usado pelos bandidos.<\/p>\n<p>(Com informa\u00e7\u00f5es da TV Bahia e do rep\u00f3rter do CORREIO*, Bruno Menezes)<\/p>\n<p>Reda\u00e7\u00e3o <a href = \"http:\/\/www.correio24horas.com.br\/noticias\/detalhes\/detalhes-1\/artigo\/quatro-suspeitos-de-terem-matado-filho-de-delegada-sao-presos-em-camacari\/\" target = \"_news\"><b>CORREIO DA BAHIA<\/b><\/a><\/p>\n","protected":false},"excerpt":{"rendered":"<p>Os acusados estavam em dois carros quando foram presos em um bairro do do munic\u00edpio. Um dos carros, um Fiat Punto preto, teria sido o carro usado no crime Quatro homens suspeitos de terem matado o estudante de Administra\u00e7\u00e3o, Jair Rosado Nascimento Oliveira, de 25 anos, em frente ao campus da Universidade Cat\u00f3lica de Salvador [&hellip;]<\/p>\n","protected":false},"author":2,"featured_media":0,"comment_status":"open","ping_status":"open","sticky":false,"template":"","format":"standard","meta":{"_links_to":"","_links_to_target":""},"categories":[25],"tags":[],"_links":{"self":[{"href":"https:\/\/www.r2cpress.com.br\/v1\/wp-json\/wp\/v2\/posts\/5871"}],"collection":[{"href":"https:\/\/www.r2cpress.com.br\/v1\/wp-json\/wp\/v2\/posts"}],"about":[{"href":"https:\/\/www.r2cpress.com.br\/v1\/wp-json\/wp\/v2\/types\/post"}],"author":[{"embeddable":true,"href":"https:\/\/www.r2cpress.com.br\/v1\/wp-json\/wp\/v2\/users\/2"}],"replies":[{"embeddable":true,"href":"https:\/\/www.r2cpress.com.br\/v1\/wp-json\/wp\/v2\/comments?post=5871"}],"version-history":[{"count":4,"href":"https:\/\/www.r2cpress.com.br\/v1\/wp-json\/wp\/v2\/posts\/5871\/revisions"}],"predecessor-version":[{"id":5877,"href":"https:\/\/www.r2cpress.com.br\/v1\/wp-json\/wp\/v2\/posts\/5871\/revisions\/5877"}],"wp:attachment":[{"href":"https:\/\/www.r2cpress.com.br\/v1\/wp-json\/wp\/v2\/media?parent=5871"}],"wp:term":[{"taxonomy":"category","embeddable":true,"href":"https:\/\/www.r2cpress.com.br\/v1\/wp-json\/wp\/v2\/categories?post=5871"},{"taxonomy":"post_tag","embeddable":true,"href":"https:\/\/www.r2cpress.com.br\/v1\/wp-json\/wp\/v2\/tags?post=5871"}],"curies":[{"name":"wp","href":"https:\/\/api.w.org\/{rel}","templated":true}]}}