{"id":58723,"date":"2013-02-11T20:45:46","date_gmt":"2013-02-11T23:45:46","guid":{"rendered":"http:\/\/www.r2cpress.com.br\/v1\/?p=58723"},"modified":"2013-02-11T20:45:46","modified_gmt":"2013-02-11T23:45:46","slug":"prefeitura-de-itabuna-28","status":"publish","type":"post","link":"https:\/\/www.r2cpress.com.br\/v1\/2013\/02\/11\/prefeitura-de-itabuna-28\/","title":{"rendered":"Prefeitura de Itabuna"},"content":{"rendered":"<p><strong>Vane fala das a\u00e7\u00f5es emergenciais e garante que canais ser\u00e3o limpos\t<\/strong><\/p>\n<p><div id=\"attachment_58724\" style=\"width: 310px\" class=\"wp-caption alignright\"><a href=\"http:\/\/www.r2cpress.com.br\/v1\/wp-content\/uploads\/Vane-em-entrevista-Alerta-Total-Foto-Gabriel-de-Oliveira.jpg\"><img aria-describedby=\"caption-attachment-58724\" loading=\"lazy\" src=\"http:\/\/www.r2cpress.com.br\/v1\/wp-content\/uploads\/Vane-em-entrevista-Alerta-Total-Foto-Gabriel-de-Oliveira-300x199.jpg\" alt=\"Vane em entrevista no Alerta Total \" width=\"300\" height=\"199\" class=\"size-medium wp-image-58724\" srcset=\"https:\/\/www.r2cpress.com.br\/v1\/wp-content\/uploads\/Vane-em-entrevista-Alerta-Total-Foto-Gabriel-de-Oliveira-300x199.jpg 300w, https:\/\/www.r2cpress.com.br\/v1\/wp-content\/uploads\/Vane-em-entrevista-Alerta-Total-Foto-Gabriel-de-Oliveira.jpg 680w\" sizes=\"(max-width: 300px) 100vw, 300px\" \/><\/a><p id=\"caption-attachment-58724\" class=\"wp-caption-text\">Vane em entrevista no Alerta Total<\/p><\/div>O prefeito de Itabuna, Claudevane Leite, disse nesta segunda-feira, em entrevista \u00e0 TV Cabr\u00e1lia, que a Prefeitura vai fazer a limpeza de todos os canais de macrodrenagem da cidade dando continuidade aos servi\u00e7os que se iniciaram pelo canal do Bairro S\u00e3o Caetano. Vane fez um balan\u00e7o das a\u00e7\u00f5es emergenciais adotadas em decorr\u00eancia das fortes chuvas do final de semana e das a\u00e7\u00f5es que a administra\u00e7\u00e3o vem executando desde o in\u00edcio, que priorizaram a coleta de lixo e entulhos, a recupera\u00e7\u00e3o da ilumina\u00e7\u00e3o p\u00fablica e dos servi\u00e7os de Sa\u00fade.<br \/>\nO prefeito concedeu entrevista \u00e0 rep\u00f3rter Silmara Souza no programa Alerta Total, quando informou que abrir\u00e1 licita\u00e7\u00e3o para a contrata\u00e7\u00e3o de empresa para fazer a limpeza de todos os canais. Vane lembrou que se n\u00e3o fossem os servi\u00e7os executados no S\u00e3o Caetano teriam sido graves as consequ\u00eancias do transbordamento do principal canal do bairro, na noite de sexta-feira, que atingiu a baixada das ruas S\u00e3o Jos\u00e9, Monte Alto, Castro Alves e S\u00e3o Paulo, obrigando a remo\u00e7\u00e3o pelos moradores de m\u00f3veis para andares superiores ou resid\u00eancias de vizinhos e parentes.  <\/p>\n<p><!--more--><\/p>\n<p>\tComo a cheia do Rio Cachoeira foi parcial, Vane disse que houve pouca gente desabrigada ou a necessitar de maior aten\u00e7\u00e3o do poder p\u00fablico, mas os titulares e profissionais da Sedur, Emasa e Defesa Civil estiveram de prontid\u00e3o para atender solicita\u00e7\u00f5es e socorrer desalojados. \u201cO nosso povo \u00e9 bom e solid\u00e1rio e ajudou-nos a socorrer as pessoas\u201d, comentou o prefeito, acrescentando que a Prefeitura fez a remo\u00e7\u00e3o de algumas fam\u00edlias para locais seguros, principalmente aquelas residentes em \u00e1reas de risco.<br \/>\n\tVane comentou que a Defesa Civil teve muitas dificuldades em alguns locais para remover fam\u00edlias atingidas por deslizamento de terra ou alagamento que n\u00e3o quiseram sair, apesar do risco. \u201cMuitos atenderam o apelo feito pelos t\u00e9cnicos, mas outros n\u00e3o deram ouvidos. Vamos fazer um trabalho de convencimento para mostrar que o bem maior \u00e9 a vida&#8221;.<br \/>\n\tAl\u00e9m da limpeza e ilumina\u00e7\u00e3o da cidade, Vane disse que a Sa\u00fade est\u00e1 sendo recuperada, anunciou a reinaugura\u00e7\u00e3o de quatro unidades b\u00e1sicas de sa\u00fade para os pr\u00f3ximos dias e que toda a rede brevemente estar\u00e1 atendendo a popula\u00e7\u00e3o, sendo necess\u00e1ria a contrata\u00e7\u00e3o de profissionais para o setor.  \u201cMesmo com o caos administrativo e financeiro que herdamos essas s\u00e3o as nossas atuais prioridades. Tudo dar\u00e1 certo mesmo com alguns torcendo contra Itabuna. Podem ficar tranquilos que trabalhamos com muito afinco\u201d, sustentou o prefeito.<br \/>\n___________________<br \/>\nPrefeitura de Itabuna<br \/>\nDepartamento de Comunica\u00e7\u00e3o Social<br \/>\nFoto: Gabriel de Oliveira<\/p>\n","protected":false},"excerpt":{"rendered":"<p>Vane fala das a\u00e7\u00f5es emergenciais e garante que canais ser\u00e3o limpos O prefeito de Itabuna, Claudevane Leite, disse nesta segunda-feira, em entrevista \u00e0 TV Cabr\u00e1lia, que a Prefeitura vai fazer a limpeza de todos os canais de macrodrenagem da cidade dando continuidade aos servi\u00e7os que se iniciaram pelo canal do Bairro S\u00e3o Caetano. Vane fez [&hellip;]<\/p>\n","protected":false},"author":2,"featured_media":0,"comment_status":"open","ping_status":"open","sticky":false,"template":"","format":"standard","meta":{"_links_to":"","_links_to_target":""},"categories":[15],"tags":[],"_links":{"self":[{"href":"https:\/\/www.r2cpress.com.br\/v1\/wp-json\/wp\/v2\/posts\/58723"}],"collection":[{"href":"https:\/\/www.r2cpress.com.br\/v1\/wp-json\/wp\/v2\/posts"}],"about":[{"href":"https:\/\/www.r2cpress.com.br\/v1\/wp-json\/wp\/v2\/types\/post"}],"author":[{"embeddable":true,"href":"https:\/\/www.r2cpress.com.br\/v1\/wp-json\/wp\/v2\/users\/2"}],"replies":[{"embeddable":true,"href":"https:\/\/www.r2cpress.com.br\/v1\/wp-json\/wp\/v2\/comments?post=58723"}],"version-history":[{"count":3,"href":"https:\/\/www.r2cpress.com.br\/v1\/wp-json\/wp\/v2\/posts\/58723\/revisions"}],"predecessor-version":[{"id":58727,"href":"https:\/\/www.r2cpress.com.br\/v1\/wp-json\/wp\/v2\/posts\/58723\/revisions\/58727"}],"wp:attachment":[{"href":"https:\/\/www.r2cpress.com.br\/v1\/wp-json\/wp\/v2\/media?parent=58723"}],"wp:term":[{"taxonomy":"category","embeddable":true,"href":"https:\/\/www.r2cpress.com.br\/v1\/wp-json\/wp\/v2\/categories?post=58723"},{"taxonomy":"post_tag","embeddable":true,"href":"https:\/\/www.r2cpress.com.br\/v1\/wp-json\/wp\/v2\/tags?post=58723"}],"curies":[{"name":"wp","href":"https:\/\/api.w.org\/{rel}","templated":true}]}}