{"id":58753,"date":"2013-02-13T11:40:07","date_gmt":"2013-02-13T14:40:07","guid":{"rendered":"http:\/\/www.r2cpress.com.br\/v1\/?p=58753"},"modified":"2013-02-13T11:40:07","modified_gmt":"2013-02-13T14:40:07","slug":"projeto-vida-saudavel-encerrado-em-ilheus","status":"publish","type":"post","link":"https:\/\/www.r2cpress.com.br\/v1\/2013\/02\/13\/projeto-vida-saudavel-encerrado-em-ilheus\/","title":{"rendered":"Projeto Vida Saud\u00e1vel encerrado em Ilh\u00e9us"},"content":{"rendered":"<div id=\"attachment_58754\" style=\"width: 510px\" class=\"wp-caption aligncenter\"><a href=\"http:\/\/www.r2cpress.com.br\/v1\/wp-content\/uploads\/Os-diretores-da-Unimed-Ilh\u00e9us-Eduardo-Patury-An\u00edsio-Carvalho-e-Antonio-Carlos-Rabat-entre-os-fundadores-do-Projeto-Vida-Saud\u00e1vel-o-gatroenterologista-Adalberto-Figueiredo-\u00e0-dir.-e-Carlos-Moinhos-\u00e0-esq.-.jpg\"><img aria-describedby=\"caption-attachment-58754\" loading=\"lazy\" class=\"size-full wp-image-58754\" alt=\"Os diretores da Unimed Ilh\u00e9us, Eduardo Patury, An\u00edsio Carvalho e Antonio Carlos Rabat, entre os fundadores do Projeto Vida Saud\u00e1vel, o gatroenterologista Adalberto Figueiredo (\u00e0 dir.) e Carlos Moinhos (\u00e0 esq. )\" src=\"http:\/\/www.r2cpress.com.br\/v1\/wp-content\/uploads\/Os-diretores-da-Unimed-Ilh\u00e9us-Eduardo-Patury-An\u00edsio-Carvalho-e-Antonio-Carlos-Rabat-entre-os-fundadores-do-Projeto-Vida-Saud\u00e1vel-o-gatroenterologista-Adalberto-Figueiredo-\u00e0-dir.-e-Carlos-Moinhos-\u00e0-esq.-.jpg\" width=\"500\" height=\"333\" srcset=\"https:\/\/www.r2cpress.com.br\/v1\/wp-content\/uploads\/Os-diretores-da-Unimed-Ilh\u00e9us-Eduardo-Patury-An\u00edsio-Carvalho-e-Antonio-Carlos-Rabat-entre-os-fundadores-do-Projeto-Vida-Saud\u00e1vel-o-gatroenterologista-Adalberto-Figueiredo-\u00e0-dir.-e-Carlos-Moinhos-\u00e0-esq.-.jpg 500w, https:\/\/www.r2cpress.com.br\/v1\/wp-content\/uploads\/Os-diretores-da-Unimed-Ilh\u00e9us-Eduardo-Patury-An\u00edsio-Carvalho-e-Antonio-Carlos-Rabat-entre-os-fundadores-do-Projeto-Vida-Saud\u00e1vel-o-gatroenterologista-Adalberto-Figueiredo-\u00e0-dir.-e-Carlos-Moinhos-\u00e0-esq.--300x199.jpg 300w\" sizes=\"(max-width: 500px) 100vw, 500px\" \/><\/a><p id=\"caption-attachment-58754\" class=\"wp-caption-text\">Os diretores da Unimed Ilh\u00e9us, Eduardo Patury, An\u00edsio Carvalho e Antonio Carlos Rabat, entre os fundadores do Projeto Vida Saud\u00e1vel, o gatroenterologista Adalberto Figueiredo (\u00e0 dir.) e Carlos Moinhos (\u00e0 esq. )<\/p><\/div>\n<p>Com o apoio da Faculdade de Ilh\u00e9us, a 13\u00aa edi\u00e7\u00e3o do Projeto Vida Saud\u00e1vel, promovido pela Unimed Ilh\u00e9us, foi encerrado no \u00faltimo dia 06, durante solenidade realizada no estande montado na Avenida Soares Lopes. O evento contou com a presen\u00e7a do presidente da Unimed Ilh\u00e9us, Antonio Carlos Rabat, do diretor administrativo-financeiro, An\u00edsio Alves de Carvalho, e do superintendente, Eduardo Patury, do chefe de Gabinete da Prefeitura Municipal, Vitor Veiga, representando o prefeito Jabes Ribeiro, da deputada estadual \u00c2ngela Sousa, do coordenador do curso de Enfermagem da Faculdade de Ilh\u00e9us, Robson Vidal, representando o diretor geral, Almir Milanesi, o pres. do Rotary Club Jorge Amado, Trajano Lavigne, profissionais de imprensa, empres\u00e1rios, m\u00e9dicos e o p\u00fablico de modo geral.<\/p>\n<p><!--more--><\/p>\n<p>Criado pelo m\u00e9dico Adalberto Figueiredo e pelo administrador de empresas, Carlos Moinhos, o projeto que tem por finalidade levar servi\u00e7os gratuitos \u00e0 popula\u00e7\u00e3o de forma educativa e construtiva, e foi muito bem aceito por todas as diretorias da Unimed. Figueiredo justifica a cria\u00e7\u00e3o do projeto, dizendo: \u201cN\u00f3s percebemos que muitas pessoas est\u00e3o doentes e n\u00e3o sabem. Ent\u00e3o, esse projeto visa esclarecer essa falta de conhecimento e tamb\u00e9m estimular as pessoas a h\u00e1bitos saud\u00e1veis de vida.\u201d. Ele informa ainda que \u201csete por cento da popula\u00e7\u00e3o brasileira \u00e9 portadora de diabetes mellitus, que o diabetes e a hipertens\u00e3o arterial predominam em alguns grupos \u00e9tnicos, e que na Bahia, a popula\u00e7\u00e3o negra sendo grande, apresenta uma maior probabilidade de ter doen\u00e7as cardiovasculares e hipertensivas.\u201d. Desde a abertura do projeto, em 07 de janeiro, foram realizados em torno de quatro mil exames gratuitos, entre colesterol, triglic\u00e9rides, glicemia e avalia\u00e7\u00e3o de sa\u00fade e nutricional.<\/p>\n<p>O projeto ofereceu tamb\u00e9m atividades f\u00edsicas como alongamento, caminhada, aer\u00f3bica e fortalecimento muscular, \u00e0s 6h30min e \u00e0s 17 horas, com os professores Jujuba e Martinha, e 15 palestras, \u00e0s 19 horas,\u00a0 ministradas por m\u00e9dicos cooperados da Unimed Ilh\u00e9us, dentistas da Uniodonto, professores da UESC e da Faculdade de Ilh\u00e9us, enfermeiros do munic\u00edpio, al\u00e9m das presidentes das Associa\u00e7\u00f5es dos Diab\u00e9ticos de Ilh\u00e9us e de Pr\u00e9-Idosos\u00a0 do Sul da Bahia.<\/p>\n<div id=\"attachment_58757\" style=\"width: 510px\" class=\"wp-caption aligncenter\"><a href=\"http:\/\/www.r2cpress.com.br\/v1\/wp-content\/uploads\/Estudantes-de-Nutri\u00e7\u00e3o-e-de-Enfermagem-da-Faculdade-de-Ilh\u00e9us-que-acompanhados-pela-professsora-Andrea-Spier-participaram-do-Projeto-Vida-Saud\u00e1vel-edi\u00e7\u00e3o-2013.jpg\"><img aria-describedby=\"caption-attachment-58757\" loading=\"lazy\" class=\"size-full wp-image-58757\" alt=\"Estudantes de Nutri\u00e7\u00e3o e de Enfermagem da Faculdade de Ilh\u00e9us, que acompanhados pela  professsora Andrea Spier, participaram do Projeto Vida Saud\u00e1vel, edi\u00e7\u00e3o 2013\" src=\"http:\/\/www.r2cpress.com.br\/v1\/wp-content\/uploads\/Estudantes-de-Nutri\u00e7\u00e3o-e-de-Enfermagem-da-Faculdade-de-Ilh\u00e9us-que-acompanhados-pela-professsora-Andrea-Spier-participaram-do-Projeto-Vida-Saud\u00e1vel-edi\u00e7\u00e3o-2013.jpg\" width=\"500\" height=\"333\" srcset=\"https:\/\/www.r2cpress.com.br\/v1\/wp-content\/uploads\/Estudantes-de-Nutri\u00e7\u00e3o-e-de-Enfermagem-da-Faculdade-de-Ilh\u00e9us-que-acompanhados-pela-professsora-Andrea-Spier-participaram-do-Projeto-Vida-Saud\u00e1vel-edi\u00e7\u00e3o-2013.jpg 500w, https:\/\/www.r2cpress.com.br\/v1\/wp-content\/uploads\/Estudantes-de-Nutri\u00e7\u00e3o-e-de-Enfermagem-da-Faculdade-de-Ilh\u00e9us-que-acompanhados-pela-professsora-Andrea-Spier-participaram-do-Projeto-Vida-Saud\u00e1vel-edi\u00e7\u00e3o-2013-300x199.jpg 300w\" sizes=\"(max-width: 500px) 100vw, 500px\" \/><\/a><p id=\"caption-attachment-58757\" class=\"wp-caption-text\">Estudantes de Nutri\u00e7\u00e3o e de Enfermagem da Faculdade de Ilh\u00e9us, que acompanhados pela professsora Andrea Spier, participaram do Projeto Vida Saud\u00e1vel, edi\u00e7\u00e3o 2013<\/p><\/div>\n<p>&nbsp;<\/p>\n<div id=\"attachment_58755\" style=\"width: 510px\" class=\"wp-caption aligncenter\"><a href=\"http:\/\/www.r2cpress.com.br\/v1\/wp-content\/uploads\/Adultos-e-crian\u00e7as-se-despedem-do-Vida-Saud\u00e1vel-embalados-por-m\u00fasica-e-atividades-f\u00edsicas.jpg\"><img aria-describedby=\"caption-attachment-58755\" loading=\"lazy\" class=\"size-full wp-image-58755\" alt=\"Adultos e crian\u00e7as se despedem do Vida Saud\u00e1vel, embalados por m\u00fasica e atividades f\u00edsicas\" src=\"http:\/\/www.r2cpress.com.br\/v1\/wp-content\/uploads\/Adultos-e-crian\u00e7as-se-despedem-do-Vida-Saud\u00e1vel-embalados-por-m\u00fasica-e-atividades-f\u00edsicas.jpg\" width=\"500\" height=\"333\" srcset=\"https:\/\/www.r2cpress.com.br\/v1\/wp-content\/uploads\/Adultos-e-crian\u00e7as-se-despedem-do-Vida-Saud\u00e1vel-embalados-por-m\u00fasica-e-atividades-f\u00edsicas.jpg 500w, https:\/\/www.r2cpress.com.br\/v1\/wp-content\/uploads\/Adultos-e-crian\u00e7as-se-despedem-do-Vida-Saud\u00e1vel-embalados-por-m\u00fasica-e-atividades-f\u00edsicas-300x199.jpg 300w\" sizes=\"(max-width: 500px) 100vw, 500px\" \/><\/a><p id=\"caption-attachment-58755\" class=\"wp-caption-text\">Adultos e crian\u00e7as se despedem do Vida Saud\u00e1vel, embalados por m\u00fasica e atividades f\u00edsicas<\/p><\/div>\n<p><b>Participa\u00e7\u00e3o<\/b> &#8211; Embora em per\u00edodo de f\u00e9rias, estudantes dos cursos de Enfermagem e de Nutri\u00e7\u00e3o da Faculdade de Ilh\u00e9us participaram do Projeto Vida Saud\u00e1vel, de segundas \u00e0s sextas-feiras, das 6h30min \u00e0s 8h30min e das 16h30min \u00e0s 20 horas, aferindo press\u00e3o arterial, agendando exames laboratoriais e prestando orienta\u00e7\u00f5es relacionadas aos resultados dos exames; pesando, medindo e fazendo a circunfer\u00eancia da cintura das pessoas para avalia\u00e7\u00e3o nutricional, sob orienta\u00e7\u00e3o da professora Andrea Spier. Segundo ela, \u201catrav\u00e9s da circunfer\u00eancia da cintura, \u00e9 poss\u00edvel fazer o diagn\u00f3stico para risco das doen\u00e7as cardiovasculares, que \u00e9 a realidade do que vimos aqui. A maior parte apresentou sobrepeso, obesidade e circunfer\u00eancia da cintura acima dos limites recomendados pelo Minist\u00e9rio da Sa\u00fade.\u201d Foram realizadas, no total, 540 avalia\u00e7\u00f5es nutricionais.<\/p>\n<p>Francisca Carrasco, moradora da Barra do Ita\u00edpe, que participa do projeto h\u00e1 13 anos, afirma que \u201ca partir da palestra da professora Andr\u00e9a, passei a me alimentar de outra forma e me sentir melhor. Minha press\u00e3o est\u00e1 12 por 8.\u00a0 J\u00e1 fui parar no hospital com 15 por 9, e depois daqui me incentivei a fazer outros exames. Para Maria da Silva Santos, 62 anos, moradora do S\u00e3o Domingos, e que participa pela segunda vez do Projeto Vida Saud\u00e1vel, \u201cisso aqui \u00e9 uma b\u00ean\u00e7\u00e3o e essa malha\u00e7\u00e3o, um divertimento.\u201d. E acrescenta: \u201cFiz os exames de sangue: glicose e colesterol, mas est\u00e1 tudo bem. O atendimento pelo pessoal da faculdade \u00e9 \u00f3timo. Eles atendem com muito carinho, e o pessoal que tirou o sangue \u00e9 muito delicado. Quando vi a seringa, j\u00e1 estava cheia.\u201c.<\/p>\n<p>Este ano, o Vida Saud\u00e1vel contou\u00a0 com o patroc\u00ednio Vip Seguran\u00e7a, Cicon Construtora, Uniodonto, Faculdade de Ilh\u00e9us, Brasilg\u00e1s, Cargill, Barry Callebaut, Lumiplack, Sete Taxi A\u00e9reo, \u00a0O Tabuleiro, Prefeitura Municipal de Ilh\u00e9us, BCR e Dany Festas &amp; Eventos, e a parceria com os laborat\u00f3rios Dom Eduardo, Exemplo, Lap, Unilab e Lam.<\/p>\n","protected":false},"excerpt":{"rendered":"<p>Com o apoio da Faculdade de Ilh\u00e9us, a 13\u00aa edi\u00e7\u00e3o do Projeto Vida Saud\u00e1vel, promovido pela Unimed Ilh\u00e9us, foi encerrado no \u00faltimo dia 06, durante solenidade realizada no estande montado na Avenida Soares Lopes. O evento contou com a presen\u00e7a do presidente da Unimed Ilh\u00e9us, Antonio Carlos Rabat, do diretor administrativo-financeiro, An\u00edsio Alves de Carvalho, [&hellip;]<\/p>\n","protected":false},"author":2,"featured_media":0,"comment_status":"open","ping_status":"open","sticky":false,"template":"","format":"standard","meta":{"_links_to":"","_links_to_target":""},"categories":[24],"tags":[],"_links":{"self":[{"href":"https:\/\/www.r2cpress.com.br\/v1\/wp-json\/wp\/v2\/posts\/58753"}],"collection":[{"href":"https:\/\/www.r2cpress.com.br\/v1\/wp-json\/wp\/v2\/posts"}],"about":[{"href":"https:\/\/www.r2cpress.com.br\/v1\/wp-json\/wp\/v2\/types\/post"}],"author":[{"embeddable":true,"href":"https:\/\/www.r2cpress.com.br\/v1\/wp-json\/wp\/v2\/users\/2"}],"replies":[{"embeddable":true,"href":"https:\/\/www.r2cpress.com.br\/v1\/wp-json\/wp\/v2\/comments?post=58753"}],"version-history":[{"count":4,"href":"https:\/\/www.r2cpress.com.br\/v1\/wp-json\/wp\/v2\/posts\/58753\/revisions"}],"predecessor-version":[{"id":58760,"href":"https:\/\/www.r2cpress.com.br\/v1\/wp-json\/wp\/v2\/posts\/58753\/revisions\/58760"}],"wp:attachment":[{"href":"https:\/\/www.r2cpress.com.br\/v1\/wp-json\/wp\/v2\/media?parent=58753"}],"wp:term":[{"taxonomy":"category","embeddable":true,"href":"https:\/\/www.r2cpress.com.br\/v1\/wp-json\/wp\/v2\/categories?post=58753"},{"taxonomy":"post_tag","embeddable":true,"href":"https:\/\/www.r2cpress.com.br\/v1\/wp-json\/wp\/v2\/tags?post=58753"}],"curies":[{"name":"wp","href":"https:\/\/api.w.org\/{rel}","templated":true}]}}