{"id":58789,"date":"2013-02-13T17:23:09","date_gmt":"2013-02-13T20:23:09","guid":{"rendered":"http:\/\/www.r2cpress.com.br\/v1\/?p=58789"},"modified":"2013-02-13T17:23:09","modified_gmt":"2013-02-13T20:23:09","slug":"ilheus-discutira-resultados-da-aprendizagem-durante-a-jornada-pedagogica-2013","status":"publish","type":"post","link":"https:\/\/www.r2cpress.com.br\/v1\/2013\/02\/13\/ilheus-discutira-resultados-da-aprendizagem-durante-a-jornada-pedagogica-2013\/","title":{"rendered":"Ilh\u00e9us discutir\u00e1 resultados da aprendizagem durante a Jornada Pedag\u00f3gica 2013"},"content":{"rendered":"<p><div id=\"attachment_58790\" style=\"width: 310px\" class=\"wp-caption alignright\"><a href=\"http:\/\/www.r2cpress.com.br\/v1\/wp-content\/uploads\/Professora-Ad\u00e9lia-Melo-Foto-Renata-Smith.jpg\"><img aria-describedby=\"caption-attachment-58790\" loading=\"lazy\" src=\"http:\/\/www.r2cpress.com.br\/v1\/wp-content\/uploads\/Professora-Ad\u00e9lia-Melo-Foto-Renata-Smith.jpg\" alt=\"Professora Ad\u00e9lia Melo - Foto Renata Smith\" width=\"300\" height=\"360\" class=\"size-full wp-image-58790\" srcset=\"https:\/\/www.r2cpress.com.br\/v1\/wp-content\/uploads\/Professora-Ad\u00e9lia-Melo-Foto-Renata-Smith.jpg 300w, https:\/\/www.r2cpress.com.br\/v1\/wp-content\/uploads\/Professora-Ad\u00e9lia-Melo-Foto-Renata-Smith-250x300.jpg 250w\" sizes=\"(max-width: 300px) 100vw, 300px\" \/><\/a><p id=\"caption-attachment-58790\" class=\"wp-caption-text\">Professora Ad\u00e9lia Melo &#8211; Foto Renata Smith<\/p><\/div>A professora Ad\u00e9lia Carvalho de Melo, diretora do Col\u00e9gio Vit\u00f3ria, far\u00e1 a palestra de abertura da jornada pedag\u00f3gica da rede municipal de ensino de Ilh\u00e9us, na pr\u00f3xima segunda-feira, dia 18. Considerada uma refer\u00eancia na \u00e1rea da educa\u00e7\u00e3o no munic\u00edpio, a educadora falar\u00e1 sobre \u201cA gest\u00e3o com responsabiliza\u00e7\u00e3o pelos resultados da aprendizagem\u201d, a partir das 8 horas, no audit\u00f3rio da Faculdade de Ilh\u00e9us, localizada na zona sul da cidade.<\/p>\n<p>A secret\u00e1ria municipal de Educa\u00e7\u00e3o, Marl\u00facia Rocha, informou que o objetivo do evento, que vai do dia 18 ao dia 20 (quarta-feira), \u00e9 discutir com gestores das unidades educacionais da rede municipal quest\u00f5es espec\u00edficas da educa\u00e7\u00e3o, voltadas para o desenvolvimento dos alunos.<\/p>\n<p>Nos dias 19 e 20, os professores participar\u00e3o de atividades de planejamento que acontecem nas pr\u00f3prias escolas, com \u00eanfase para o cronograma de trabalho do ano letivo 2013. A abertura contar\u00e1 com a presen\u00e7a do prefeito Jabes Ribeiro, do vice-prefeito Carlos Machado (Cac\u00e1), vereadores, secret\u00e1rios e assessores municipais, dentre outras autoridades.<\/p>\n<p>&#8212;<br \/>\nSecretaria de Comunica\u00e7\u00e3o de Ilh\u00e9us<br \/>\n13.02.2013.<\/p>\n","protected":false},"excerpt":{"rendered":"<p>A professora Ad\u00e9lia Carvalho de Melo, diretora do Col\u00e9gio Vit\u00f3ria, far\u00e1 a palestra de abertura da jornada pedag\u00f3gica da rede municipal de ensino de Ilh\u00e9us, na pr\u00f3xima segunda-feira, dia 18. Considerada uma refer\u00eancia na \u00e1rea da educa\u00e7\u00e3o no munic\u00edpio, a educadora falar\u00e1 sobre \u201cA gest\u00e3o com responsabiliza\u00e7\u00e3o pelos resultados da aprendizagem\u201d, a partir das 8 [&hellip;]<\/p>\n","protected":false},"author":2,"featured_media":0,"comment_status":"open","ping_status":"open","sticky":false,"template":"","format":"standard","meta":{"_links_to":"","_links_to_target":""},"categories":[23],"tags":[],"_links":{"self":[{"href":"https:\/\/www.r2cpress.com.br\/v1\/wp-json\/wp\/v2\/posts\/58789"}],"collection":[{"href":"https:\/\/www.r2cpress.com.br\/v1\/wp-json\/wp\/v2\/posts"}],"about":[{"href":"https:\/\/www.r2cpress.com.br\/v1\/wp-json\/wp\/v2\/types\/post"}],"author":[{"embeddable":true,"href":"https:\/\/www.r2cpress.com.br\/v1\/wp-json\/wp\/v2\/users\/2"}],"replies":[{"embeddable":true,"href":"https:\/\/www.r2cpress.com.br\/v1\/wp-json\/wp\/v2\/comments?post=58789"}],"version-history":[{"count":3,"href":"https:\/\/www.r2cpress.com.br\/v1\/wp-json\/wp\/v2\/posts\/58789\/revisions"}],"predecessor-version":[{"id":58793,"href":"https:\/\/www.r2cpress.com.br\/v1\/wp-json\/wp\/v2\/posts\/58789\/revisions\/58793"}],"wp:attachment":[{"href":"https:\/\/www.r2cpress.com.br\/v1\/wp-json\/wp\/v2\/media?parent=58789"}],"wp:term":[{"taxonomy":"category","embeddable":true,"href":"https:\/\/www.r2cpress.com.br\/v1\/wp-json\/wp\/v2\/categories?post=58789"},{"taxonomy":"post_tag","embeddable":true,"href":"https:\/\/www.r2cpress.com.br\/v1\/wp-json\/wp\/v2\/tags?post=58789"}],"curies":[{"name":"wp","href":"https:\/\/api.w.org\/{rel}","templated":true}]}}