{"id":58809,"date":"2013-02-13T18:28:07","date_gmt":"2013-02-13T21:28:07","guid":{"rendered":"http:\/\/www.r2cpress.com.br\/v1\/?p=58809"},"modified":"2013-02-13T18:28:24","modified_gmt":"2013-02-13T21:28:24","slug":"clube-social-do-pontal","status":"publish","type":"post","link":"https:\/\/www.r2cpress.com.br\/v1\/2013\/02\/13\/clube-social-do-pontal\/","title":{"rendered":"CLUBE SOCIAL DO PONTAL"},"content":{"rendered":"<p><img loading=\"lazy\" src=\"http:\/\/www.r2cpress.com.br\/v1\/wp-content\/uploads\/zecarlos-r2cpress_reduzida.jpg\" width=\"300\" height=\"207\" class=\"alignright\" \/>Eis na \u00edntegra o inteiro teor da correspond\u00eancia enviada ao Prefeito Municipal de Ilh\u00e9us pelos<b> s\u00f3cios remidos,<\/b> do Clube Social do Pontal.<\/p>\n<p><em>\u201cIlh\u00e9us, janeiro de 2013.<br \/>\nExmo. Prefeito da Cidade de Ilh\u00e9us<\/p>\n<p>A comunidade pontalense referendada pelos s\u00f3cios remidos do Clube Social do Pontal e Lions Clube, v\u00eaem h\u00e1 alguns anos reivindicando, junto a esse Executivo e vereadores, a\u00e7\u00f5es no sentido de se dar ao im\u00f3vel onde funcionou aquele Clube uma funcionalidade voltada para a sa\u00fade. Tramita nesse Executivo um Processo, com solicita\u00e7\u00e3o nossa de an\u00e1lise e acompanhamento da \u00e1rea jur\u00eddica dessa Procuradoria, sendo de amplo conhecimento do Dr. Ricardo Machado, hoje Secret\u00e1rio de Administra\u00e7\u00e3o.<\/p>\n<p>Como se sabe o Posto M\u00e9dico local, edificado nos anos 60, n\u00e3o responde hoje \u00e0s demandas da nossa comunidade de maneira confort\u00e1vel e adequada para aquela finalidade.<br \/>\nA utiliza\u00e7\u00e3o do Clube viria retirar o sentimento de in\u00e9rcia que permeia os moradores; impress\u00e3o proporcionada, at\u00e9 hoje, pelas gest\u00f5es que n\u00e3o se sensibilizaram pelas reiteradas reivindica\u00e7\u00f5es do bairro.<\/p>\n<p><!--more--><\/p>\n<p>As a\u00e7\u00f5es p\u00fablicas voltadas para a sa\u00fade ambulatorial ganharia, pelo seu alcance ecum\u00eanico, o respeito e aceita\u00e7\u00e3o, pois, n\u00e3o \u00e9 demasiado dizer, do poder de aglutinar o atendimento a toda a camada da popula\u00e7\u00e3o, sem quaisquer distin\u00e7\u00f5es.<\/p>\n<p>O espa\u00e7o dispon\u00edvel, portanto, abrigaria uma extens\u00e3o dos servi\u00e7os m\u00e9dicos praticados no posto atual, possibilitando ampliar e qualificar os atendimentos. Entendo-se em verticalizar o seu uso, com constru\u00e7\u00e3o de patamares superiores, abrigar-se-iam outros servi\u00e7os inerentes \u00e0 gest\u00e3o municipal, e dotaria o nosso munic\u00edpio de uma unidade agregadora de apoio log\u00edstico voltada para a chamada Zona Sul.<\/p>\n<p>Observe-se que a estrutura arquitet\u00f4nica do im\u00f3vel encontra-se em plena possibilidade de uso; obviamente necessitando de servi\u00e7os pertinentes a adequa\u00e7\u00e3o ao fim que se almeja; particularmente cobertura e piso.<\/p>\n<p>Portanto, a reutiliza\u00e7\u00e3o daquele espa\u00e7o, ora ocioso, outrora palco de atividades sociais absorvidas pelos pontalenses faz-se urgente, propiciando, como no passado, levar bem estar \u00e0 comunidade, por\u00e9m em outra e nova dimens\u00e3o hist\u00f3rica.<\/p>\n<p>Aguardamos a concretude do aqui proposto, pois, enfatizamos, os servi\u00e7os a serem feitos, por um ente municipal, n\u00e3o demandam grandes somas, e trar\u00e3o \u00e0quela comunidade um bem estar coletivo de enorme propor\u00e7\u00e3o.\u201d<\/em><\/p>\n<p><center>Atenciosamente,<br \/>\nClube Social do Pontal<br \/>\nJ\u00e9ser de Almeida Rios \u2013 Remido<br \/>\nLions Clube Pontal<br \/>\nLesley Lacerda &#8211; Presidente<\/center><\/p>\n<p>&#8212;<br \/>\n<b>Z\u00c9CARLOS JUNIOR<\/b><\/p>\n","protected":false},"excerpt":{"rendered":"<p>Eis na \u00edntegra o inteiro teor da correspond\u00eancia enviada ao Prefeito Municipal de Ilh\u00e9us pelos s\u00f3cios remidos, do Clube Social do Pontal. \u201cIlh\u00e9us, janeiro de 2013. Exmo. Prefeito da Cidade de Ilh\u00e9us A comunidade pontalense referendada pelos s\u00f3cios remidos do Clube Social do Pontal e Lions Clube, v\u00eaem h\u00e1 alguns anos reivindicando, junto a esse [&hellip;]<\/p>\n","protected":false},"author":2,"featured_media":0,"comment_status":"open","ping_status":"open","sticky":false,"template":"","format":"standard","meta":{"_links_to":"","_links_to_target":""},"categories":[10],"tags":[],"_links":{"self":[{"href":"https:\/\/www.r2cpress.com.br\/v1\/wp-json\/wp\/v2\/posts\/58809"}],"collection":[{"href":"https:\/\/www.r2cpress.com.br\/v1\/wp-json\/wp\/v2\/posts"}],"about":[{"href":"https:\/\/www.r2cpress.com.br\/v1\/wp-json\/wp\/v2\/types\/post"}],"author":[{"embeddable":true,"href":"https:\/\/www.r2cpress.com.br\/v1\/wp-json\/wp\/v2\/users\/2"}],"replies":[{"embeddable":true,"href":"https:\/\/www.r2cpress.com.br\/v1\/wp-json\/wp\/v2\/comments?post=58809"}],"version-history":[{"count":8,"href":"https:\/\/www.r2cpress.com.br\/v1\/wp-json\/wp\/v2\/posts\/58809\/revisions"}],"predecessor-version":[{"id":58817,"href":"https:\/\/www.r2cpress.com.br\/v1\/wp-json\/wp\/v2\/posts\/58809\/revisions\/58817"}],"wp:attachment":[{"href":"https:\/\/www.r2cpress.com.br\/v1\/wp-json\/wp\/v2\/media?parent=58809"}],"wp:term":[{"taxonomy":"category","embeddable":true,"href":"https:\/\/www.r2cpress.com.br\/v1\/wp-json\/wp\/v2\/categories?post=58809"},{"taxonomy":"post_tag","embeddable":true,"href":"https:\/\/www.r2cpress.com.br\/v1\/wp-json\/wp\/v2\/tags?post=58809"}],"curies":[{"name":"wp","href":"https:\/\/api.w.org\/{rel}","templated":true}]}}