{"id":58883,"date":"2013-02-14T18:21:12","date_gmt":"2013-02-14T21:21:12","guid":{"rendered":"http:\/\/www.r2cpress.com.br\/v1\/?p=58883"},"modified":"2013-02-14T18:21:12","modified_gmt":"2013-02-14T21:21:12","slug":"projeto-qualicultura-capacita-setores-da-economia-criativa-em-ilheus","status":"publish","type":"post","link":"https:\/\/www.r2cpress.com.br\/v1\/2013\/02\/14\/projeto-qualicultura-capacita-setores-da-economia-criativa-em-ilheus\/","title":{"rendered":"Projeto Qualicultura capacita setores da economia criativa em Ilh\u00e9us"},"content":{"rendered":"<p>Criado pelo Governo do Estado para fortalecer e desenvolver os diversos setores da economia criativa, o Projeto Qualicultura ser\u00e1 realizado em Ilh\u00e9us, entre os dias 20 e 23 deste m\u00eas. Com apoio da Funda\u00e7\u00e3o Cultural (Fundaci), ser\u00e3o oferecidos os m\u00f3dulos sobre Financiamento Cultural, nos dias 20 e 21, e Gest\u00e3o Cultural, nos dias 22 e 23, ambos no audit\u00f3rio Sos\u00edgenes Costa, localizado na sede da Fundaci.<br \/>\n<div id=\"attachment_58884\" style=\"width: 510px\" class=\"wp-caption aligncenter\"><a href=\"http:\/\/www.r2cpress.com.br\/v1\/wp-content\/uploads\/Funda\u00e7\u00e3o-Cultural-de-Ilh\u00e9us-Foto-Alfredo-Filho-Secom-Ilh\u00e9us-1.jpg\"><img aria-describedby=\"caption-attachment-58884\" loading=\"lazy\" src=\"http:\/\/www.r2cpress.com.br\/v1\/wp-content\/uploads\/Funda\u00e7\u00e3o-Cultural-de-Ilh\u00e9us-Foto-Alfredo-Filho-Secom-Ilh\u00e9us-1.jpg\" alt=\"Funda\u00e7\u00e3o Cultural de Ilh\u00e9us - Foto Alfredo Filho - Secom Ilh\u00e9us.\" width=\"500\" height=\"480\" class=\"size-full wp-image-58884\" srcset=\"https:\/\/www.r2cpress.com.br\/v1\/wp-content\/uploads\/Funda\u00e7\u00e3o-Cultural-de-Ilh\u00e9us-Foto-Alfredo-Filho-Secom-Ilh\u00e9us-1.jpg 500w, https:\/\/www.r2cpress.com.br\/v1\/wp-content\/uploads\/Funda\u00e7\u00e3o-Cultural-de-Ilh\u00e9us-Foto-Alfredo-Filho-Secom-Ilh\u00e9us-1-300x288.jpg 300w\" sizes=\"(max-width: 500px) 100vw, 500px\" \/><\/a><p id=\"caption-attachment-58884\" class=\"wp-caption-text\">Funda\u00e7\u00e3o Cultural de Ilh\u00e9us &#8211; Foto Alfredo Filho &#8211; Secom Ilh\u00e9us.<\/p><\/div><br \/>\nO Qualicultura promove, gratuitamente, oficinas e cursos para artistas, gestores e produtores culturais, empreendedores criativos, profissionais liberais e entidades diversas, que atuam nas \u00e1reas de m\u00fasica, gastronomia, design, cultura digital, publicidade, artes c\u00eanicas, artes visuais, artesanato, mercado editorial, TV e r\u00e1dio, arquitetura e jogos eletr\u00f4nicos. A iniciativa \u00e9 resultado de uma parceria entre a Secretaria de Cultura do Estado da Bahia (Secult) e o Servi\u00e7o de Apoio \u00e0s Micro e Pequenas Empresas (Sebrae),<\/p>\n<p>O presidente da Fundaci, Paulo Atto, considera o projeto um instrumento que atende \u00e0 capacita\u00e7\u00e3o dos agentes, artistas e produtores culturais de Ilh\u00e9us. \u201cEsta \u00e9 uma das principais diretrizes da gest\u00e3o municipal\u201d, ressalva. Em reuni\u00e3o com dirigentes do Sebrae, realizada em Salvador, Paulo Atto reivindicou a realiza\u00e7\u00e3o de novos cursos de qualifica\u00e7\u00e3o, incluindo toda a economia criativa de Ilh\u00e9us, da qual a cultura \u00e9 um dos principais componentes.<\/p>\n<p>As pr\u00e9-inscri\u00e7\u00f5es devem ser realizadas pela internet, atrav\u00e9s do site  projeto.qualicultura@ba.sebrae.com.br. Os interessados dever\u00e3o informar os nomes dos participantes e das institui\u00e7\u00f5es representadas (se for o caso), e-mail e telefone para contato.<\/p>\n<p>&#8212;<br \/>\nSecretaria de Comunica\u00e7\u00e3o (Secom)<br \/>\nIlh\u00e9us \u2013 14.03.2013<\/p>\n","protected":false},"excerpt":{"rendered":"<p>Criado pelo Governo do Estado para fortalecer e desenvolver os diversos setores da economia criativa, o Projeto Qualicultura ser\u00e1 realizado em Ilh\u00e9us, entre os dias 20 e 23 deste m\u00eas. Com apoio da Funda\u00e7\u00e3o Cultural (Fundaci), ser\u00e3o oferecidos os m\u00f3dulos sobre Financiamento Cultural, nos dias 20 e 21, e Gest\u00e3o Cultural, nos dias 22 e [&hellip;]<\/p>\n","protected":false},"author":2,"featured_media":0,"comment_status":"open","ping_status":"open","sticky":false,"template":"","format":"standard","meta":{"_links_to":"","_links_to_target":""},"categories":[23],"tags":[],"_links":{"self":[{"href":"https:\/\/www.r2cpress.com.br\/v1\/wp-json\/wp\/v2\/posts\/58883"}],"collection":[{"href":"https:\/\/www.r2cpress.com.br\/v1\/wp-json\/wp\/v2\/posts"}],"about":[{"href":"https:\/\/www.r2cpress.com.br\/v1\/wp-json\/wp\/v2\/types\/post"}],"author":[{"embeddable":true,"href":"https:\/\/www.r2cpress.com.br\/v1\/wp-json\/wp\/v2\/users\/2"}],"replies":[{"embeddable":true,"href":"https:\/\/www.r2cpress.com.br\/v1\/wp-json\/wp\/v2\/comments?post=58883"}],"version-history":[{"count":3,"href":"https:\/\/www.r2cpress.com.br\/v1\/wp-json\/wp\/v2\/posts\/58883\/revisions"}],"predecessor-version":[{"id":58887,"href":"https:\/\/www.r2cpress.com.br\/v1\/wp-json\/wp\/v2\/posts\/58883\/revisions\/58887"}],"wp:attachment":[{"href":"https:\/\/www.r2cpress.com.br\/v1\/wp-json\/wp\/v2\/media?parent=58883"}],"wp:term":[{"taxonomy":"category","embeddable":true,"href":"https:\/\/www.r2cpress.com.br\/v1\/wp-json\/wp\/v2\/categories?post=58883"},{"taxonomy":"post_tag","embeddable":true,"href":"https:\/\/www.r2cpress.com.br\/v1\/wp-json\/wp\/v2\/tags?post=58883"}],"curies":[{"name":"wp","href":"https:\/\/api.w.org\/{rel}","templated":true}]}}