{"id":58915,"date":"2013-02-15T13:15:23","date_gmt":"2013-02-15T16:15:23","guid":{"rendered":"http:\/\/www.r2cpress.com.br\/v1\/?p=58915"},"modified":"2013-02-15T13:15:23","modified_gmt":"2013-02-15T16:15:23","slug":"nota-de-pesar-pelo-falecimento-de-denilson-melo","status":"publish","type":"post","link":"https:\/\/www.r2cpress.com.br\/v1\/2013\/02\/15\/nota-de-pesar-pelo-falecimento-de-denilson-melo\/","title":{"rendered":"NOTA DE PESAR PELO FALECIMENTO DE DENILSON MELO"},"content":{"rendered":"<p>O prefeito de Itabuna, Claudevane Leite, lamenta profundamente a morte de Denilson Silva Melo, presidente da ONG Oficina da Cidadania e funcion\u00e1rio da Empresa Municipal de \u00c1guas e Saneamento \u2013 EMASA.<\/p>\n<p>Vane manifesta condol\u00eancias \u00e0 fam\u00edlia, em especial suas duas filhas, Yasmine e Esther, rogando a Deus que as conforte.<\/p>\n<p>&#8212;<br \/>\nwww.itabuna.ba.gov.br<br \/>\nPREFEITURA DE ITABUNA<br \/>\nDEPARTAMENTO DE COMUNICA\u00c7\u00c3O SOCIAL<\/p>\n","protected":false},"excerpt":{"rendered":"<p>O prefeito de Itabuna, Claudevane Leite, lamenta profundamente a morte de Denilson Silva Melo, presidente da ONG Oficina da Cidadania e funcion\u00e1rio da Empresa Municipal de \u00c1guas e Saneamento \u2013 EMASA. Vane manifesta condol\u00eancias \u00e0 fam\u00edlia, em especial suas duas filhas, Yasmine e Esther, rogando a Deus que as conforte. &#8212; www.itabuna.ba.gov.br PREFEITURA DE ITABUNA [&hellip;]<\/p>\n","protected":false},"author":2,"featured_media":0,"comment_status":"open","ping_status":"open","sticky":false,"template":"","format":"standard","meta":{"_links_to":"","_links_to_target":""},"categories":[15],"tags":[],"_links":{"self":[{"href":"https:\/\/www.r2cpress.com.br\/v1\/wp-json\/wp\/v2\/posts\/58915"}],"collection":[{"href":"https:\/\/www.r2cpress.com.br\/v1\/wp-json\/wp\/v2\/posts"}],"about":[{"href":"https:\/\/www.r2cpress.com.br\/v1\/wp-json\/wp\/v2\/types\/post"}],"author":[{"embeddable":true,"href":"https:\/\/www.r2cpress.com.br\/v1\/wp-json\/wp\/v2\/users\/2"}],"replies":[{"embeddable":true,"href":"https:\/\/www.r2cpress.com.br\/v1\/wp-json\/wp\/v2\/comments?post=58915"}],"version-history":[{"count":2,"href":"https:\/\/www.r2cpress.com.br\/v1\/wp-json\/wp\/v2\/posts\/58915\/revisions"}],"predecessor-version":[{"id":58917,"href":"https:\/\/www.r2cpress.com.br\/v1\/wp-json\/wp\/v2\/posts\/58915\/revisions\/58917"}],"wp:attachment":[{"href":"https:\/\/www.r2cpress.com.br\/v1\/wp-json\/wp\/v2\/media?parent=58915"}],"wp:term":[{"taxonomy":"category","embeddable":true,"href":"https:\/\/www.r2cpress.com.br\/v1\/wp-json\/wp\/v2\/categories?post=58915"},{"taxonomy":"post_tag","embeddable":true,"href":"https:\/\/www.r2cpress.com.br\/v1\/wp-json\/wp\/v2\/tags?post=58915"}],"curies":[{"name":"wp","href":"https:\/\/api.w.org\/{rel}","templated":true}]}}