{"id":58926,"date":"2013-02-15T20:00:29","date_gmt":"2013-02-15T23:00:29","guid":{"rendered":"http:\/\/www.r2cpress.com.br\/v1\/?p=58926"},"modified":"2013-02-15T20:02:29","modified_gmt":"2013-02-15T23:02:29","slug":"do-fundo-do-bau-de-jose-leite-101","status":"publish","type":"post","link":"https:\/\/www.r2cpress.com.br\/v1\/2013\/02\/15\/do-fundo-do-bau-de-jose-leite-101\/","title":{"rendered":"DO FUNDO DO BA\u00da DE JOS\u00c9 LEITE"},"content":{"rendered":"<p><center><img src=\"http:\/\/www.r2cpress.com.br\/v1\/wp-content\/uploads\/tampa-do-ba%C3%BA-com-camisa.jpg\" \/><\/p>\n<p><strong>1)\tO GRUPO RM MANT\u00c9M A TRADI\u00c7\u00c3O E FAZ CARNAVAL.<br \/>\n2)\tAS FOTOS DESTAQUES DA SEMANA.<\/strong><\/center><\/p>\n<p><!--more--><\/p>\n<p>***<\/p>\n<p><center><b>O GRUPO RM MANT\u00c9M A TRADI\u00c7\u00c3O E FAZ CARNAVAL<\/b><\/center><\/p>\n<p>Como acontece todos os anos sempre aos s\u00e1bados de CARNAVAL, aconteceu a festan\u00e7a dos RMs no largo ANTONIO MUNIZ no cruzamento da Rua D. Pedro II com a Rua dos Port\u00f5es. Muitos convidados e visitantes participaram da Festa que come\u00e7ou ao Meio Dia e s\u00f3 terminou ao anoitecer.<\/p>\n<div id=\"attachment_58927\" style=\"width: 213px\" class=\"wp-caption aligncenter\"><a href=\"http:\/\/www.r2cpress.com.br\/v1\/wp-content\/uploads\/1.jpeg\"><img aria-describedby=\"caption-attachment-58927\" loading=\"lazy\" src=\"http:\/\/www.r2cpress.com.br\/v1\/wp-content\/uploads\/1-203x300.jpeg\" alt=\"Um BANNER foi colocado com fotos das festas anteriores. Destaque para o Ex. Prefeito de ILH\u00c9US, o saudoso HERVAL SOLEDADE.\" width=\"203\" height=\"300\" class=\"size-medium wp-image-58927\" srcset=\"https:\/\/www.r2cpress.com.br\/v1\/wp-content\/uploads\/1-203x300.jpeg 203w, https:\/\/www.r2cpress.com.br\/v1\/wp-content\/uploads\/1.jpeg 474w\" sizes=\"(max-width: 203px) 100vw, 203px\" \/><\/a><p id=\"caption-attachment-58927\" class=\"wp-caption-text\">Um BANNER foi colocado com fotos das festas anteriores. Destaque para o Ex. Prefeito de ILH\u00c9US, o saudoso HERVAL SOLEDADE.<\/p><\/div>\n<div id=\"attachment_58928\" style=\"width: 310px\" class=\"wp-caption aligncenter\"><a href=\"http:\/\/www.r2cpress.com.br\/v1\/wp-content\/uploads\/2.jpeg\"><img aria-describedby=\"caption-attachment-58928\" loading=\"lazy\" src=\"http:\/\/www.r2cpress.com.br\/v1\/wp-content\/uploads\/2-300x198.jpeg\" alt=\"E falando em HERVAL SOLEDADE, veja na foto acima sua filha CRISTINA SOLEDADE dan\u00e7ando com o RM MOR\u00caA, o homem tem 90 anos, mas ainda joga duro. (Foto: 09-02-2013).\" width=\"300\" height=\"198\" class=\"size-medium wp-image-58928\" srcset=\"https:\/\/www.r2cpress.com.br\/v1\/wp-content\/uploads\/2-300x198.jpeg 300w, https:\/\/www.r2cpress.com.br\/v1\/wp-content\/uploads\/2.jpeg 700w\" sizes=\"(max-width: 300px) 100vw, 300px\" \/><\/a><p id=\"caption-attachment-58928\" class=\"wp-caption-text\">E falando em HERVAL SOLEDADE, veja na foto acima sua filha CRISTINA SOLEDADE dan\u00e7ando com o RM MOR\u00caA, o homem tem 90 anos, mas ainda joga duro. (Foto: 09-02-2013).<\/p><\/div>\n<div id=\"attachment_58929\" style=\"width: 310px\" class=\"wp-caption aligncenter\"><a href=\"http:\/\/www.r2cpress.com.br\/v1\/wp-content\/uploads\/3.jpeg\"><img aria-describedby=\"caption-attachment-58929\" loading=\"lazy\" src=\"http:\/\/www.r2cpress.com.br\/v1\/wp-content\/uploads\/3-300x193.jpeg\" alt=\"O REI MOMO dos RM (ROLA M...) recebendo a CHAVE DA FESTA. (Foto: 09-02-2013).\" width=\"300\" height=\"193\" class=\"size-medium wp-image-58929\" srcset=\"https:\/\/www.r2cpress.com.br\/v1\/wp-content\/uploads\/3-300x193.jpeg 300w, https:\/\/www.r2cpress.com.br\/v1\/wp-content\/uploads\/3.jpeg 700w\" sizes=\"(max-width: 300px) 100vw, 300px\" \/><\/a><p id=\"caption-attachment-58929\" class=\"wp-caption-text\">O REI MOMO dos RM (ROLA M&#8230;) recebendo a CHAVE DA FESTA. (Foto: 09-02-2013).<\/p><\/div>\n<div id=\"attachment_58930\" style=\"width: 310px\" class=\"wp-caption aligncenter\"><a href=\"http:\/\/www.r2cpress.com.br\/v1\/wp-content\/uploads\/4.jpeg\"><img aria-describedby=\"caption-attachment-58930\" loading=\"lazy\" src=\"http:\/\/www.r2cpress.com.br\/v1\/wp-content\/uploads\/4-300x200.jpeg\" alt=\"Um dos COORDENADORES DA FESTA DOS RM, RAILDO NASCIMENTO com LIB\u00c9RIO MENEZES, FELIX PAIVA e DAVID MAIA. (Foto: 09-02-2013).\" width=\"300\" height=\"200\" class=\"size-medium wp-image-58930\" srcset=\"https:\/\/www.r2cpress.com.br\/v1\/wp-content\/uploads\/4-300x200.jpeg 300w, https:\/\/www.r2cpress.com.br\/v1\/wp-content\/uploads\/4.jpeg 700w\" sizes=\"(max-width: 300px) 100vw, 300px\" \/><\/a><p id=\"caption-attachment-58930\" class=\"wp-caption-text\">Um dos COORDENADORES DA FESTA DOS RM, RAILDO NASCIMENTO com LIB\u00c9RIO MENEZES, FELIX PAIVA e DAVID MAIA. (Foto: 09-02-2013).<\/p><\/div>\n<div id=\"attachment_58931\" style=\"width: 310px\" class=\"wp-caption aligncenter\"><a href=\"http:\/\/www.r2cpress.com.br\/v1\/wp-content\/uploads\/5.jpeg\"><img aria-describedby=\"caption-attachment-58931\" loading=\"lazy\" src=\"http:\/\/www.r2cpress.com.br\/v1\/wp-content\/uploads\/5-300x203.jpeg\" alt=\"VERA LEITE e JORGE CUNHA foi alegria a tarde inteira.\" width=\"300\" height=\"203\" class=\"size-medium wp-image-58931\" srcset=\"https:\/\/www.r2cpress.com.br\/v1\/wp-content\/uploads\/5-300x203.jpeg 300w, https:\/\/www.r2cpress.com.br\/v1\/wp-content\/uploads\/5.jpeg 700w\" sizes=\"(max-width: 300px) 100vw, 300px\" \/><\/a><p id=\"caption-attachment-58931\" class=\"wp-caption-text\">VERA LEITE e JORGE CUNHA foi alegria a tarde inteira.<\/p><\/div>\n<div id=\"attachment_58932\" style=\"width: 310px\" class=\"wp-caption aligncenter\"><a href=\"http:\/\/www.r2cpress.com.br\/v1\/wp-content\/uploads\/61.jpeg\"><img aria-describedby=\"caption-attachment-58932\" loading=\"lazy\" src=\"http:\/\/www.r2cpress.com.br\/v1\/wp-content\/uploads\/61-300x200.jpeg\" alt=\"PARAB\u00c9NS a 68\u00aa COMPANHIA DA POL\u00cdCIA MILITAR sob o comando do Major C\u00c2MARA. A seguran\u00e7a da Festa do GRUPO RM foi total.\" width=\"300\" height=\"200\" class=\"size-medium wp-image-58932\" srcset=\"https:\/\/www.r2cpress.com.br\/v1\/wp-content\/uploads\/61-300x200.jpeg 300w, https:\/\/www.r2cpress.com.br\/v1\/wp-content\/uploads\/61.jpeg 700w\" sizes=\"(max-width: 300px) 100vw, 300px\" \/><\/a><p id=\"caption-attachment-58932\" class=\"wp-caption-text\">PARAB\u00c9NS a 68\u00aa COMPANHIA DA POL\u00cdCIA MILITAR sob o comando do Major C\u00c2MARA. A seguran\u00e7a da Festa do GRUPO RM foi total.<\/p><\/div>\n<p><center><b>AS FOTOS DESTAQUES DA SEMANA<\/b><\/center><\/p>\n<div id=\"attachment_58933\" style=\"width: 310px\" class=\"wp-caption aligncenter\"><a href=\"http:\/\/www.r2cpress.com.br\/v1\/wp-content\/uploads\/71.jpeg\"><img aria-describedby=\"caption-attachment-58933\" loading=\"lazy\" src=\"http:\/\/www.r2cpress.com.br\/v1\/wp-content\/uploads\/71-300x224.jpeg\" alt=\"Para DOM FERNANDO PANICO, Bispo Diocesano da cidade do CRATO com a sa\u00edda do PAPA BENTO XVI, n\u00e3o mudar\u00e1 em nada o processo da reabilita\u00e7\u00e3o religiosa do PADRE C\u00cdCERO. Na foto: DOM FERNANDO e JOS\u00c9 LEITE em ROMA (31-05-2006).\" width=\"300\" height=\"224\" class=\"size-medium wp-image-58933\" srcset=\"https:\/\/www.r2cpress.com.br\/v1\/wp-content\/uploads\/71-300x224.jpeg 300w, https:\/\/www.r2cpress.com.br\/v1\/wp-content\/uploads\/71.jpeg 700w\" sizes=\"(max-width: 300px) 100vw, 300px\" \/><\/a><p id=\"caption-attachment-58933\" class=\"wp-caption-text\">Para DOM FERNANDO PANICO, Bispo Diocesano da cidade do CRATO com a sa\u00edda do PAPA BENTO XVI, n\u00e3o mudar\u00e1 em nada o processo da reabilita\u00e7\u00e3o religiosa do PADRE C\u00cdCERO. Na foto: DOM FERNANDO e JOS\u00c9 LEITE em ROMA (31-05-2006).<\/p><\/div>\n<div id=\"attachment_58935\" style=\"width: 210px\" class=\"wp-caption aligncenter\"><a href=\"http:\/\/www.r2cpress.com.br\/v1\/wp-content\/uploads\/81.jpeg\"><img aria-describedby=\"caption-attachment-58935\" loading=\"lazy\" src=\"http:\/\/www.r2cpress.com.br\/v1\/wp-content\/uploads\/81-200x300.jpeg\" alt=\"O mesmo pensamento \u00e9 o do Historiador, escritor e professor Dr. GERALDO MENEZES BARBOSA.\" width=\"200\" height=\"300\" class=\"size-medium wp-image-58935\" srcset=\"https:\/\/www.r2cpress.com.br\/v1\/wp-content\/uploads\/81-200x300.jpeg 200w, https:\/\/www.r2cpress.com.br\/v1\/wp-content\/uploads\/81-685x1024.jpeg 685w, https:\/\/www.r2cpress.com.br\/v1\/wp-content\/uploads\/81.jpeg 700w\" sizes=\"(max-width: 200px) 100vw, 200px\" \/><\/a><p id=\"caption-attachment-58935\" class=\"wp-caption-text\">O mesmo pensamento \u00e9 o do Historiador, escritor e professor Dr. GERALDO MENEZES BARBOSA.<\/p><\/div>\n<div id=\"attachment_58936\" style=\"width: 310px\" class=\"wp-caption aligncenter\"><a href=\"http:\/\/www.r2cpress.com.br\/v1\/wp-content\/uploads\/91.jpeg\"><img aria-describedby=\"caption-attachment-58936\" loading=\"lazy\" src=\"http:\/\/www.r2cpress.com.br\/v1\/wp-content\/uploads\/91-300x182.jpeg\" alt=\"Na foto, lado esquerdo: DOM FREI CAETANO ANTONIO LIMA DOS SANTOS foi o sexto Bispo de ILH\u00c9US, de 1958 \u00c0 1968. No lado direito: o Ex. Governador da BAHIA, ANTONIO LOMANTO JUNIOR. (Acervo: Jos\u00e9 Nazal). (Foto: d\u00e9cada de 1960)\" width=\"300\" height=\"182\" class=\"size-medium wp-image-58936\" srcset=\"https:\/\/www.r2cpress.com.br\/v1\/wp-content\/uploads\/91-300x182.jpeg 300w, https:\/\/www.r2cpress.com.br\/v1\/wp-content\/uploads\/91.jpeg 700w\" sizes=\"(max-width: 300px) 100vw, 300px\" \/><\/a><p id=\"caption-attachment-58936\" class=\"wp-caption-text\">Na foto, lado esquerdo: DOM FREI CAETANO ANTONIO LIMA DOS SANTOS foi o sexto Bispo de ILH\u00c9US, de 1958 \u00c0 1968. No lado direito: o Ex. Governador da BAHIA, ANTONIO LOMANTO JUNIOR. (Acervo: Jos\u00e9 Nazal).<br \/>(Foto: d\u00e9cada de 1960)<br \/><\/p><\/div>\n<div id=\"attachment_58937\" style=\"width: 310px\" class=\"wp-caption aligncenter\"><a href=\"http:\/\/www.r2cpress.com.br\/v1\/wp-content\/uploads\/101.jpeg\"><img aria-describedby=\"caption-attachment-58937\" loading=\"lazy\" src=\"http:\/\/www.r2cpress.com.br\/v1\/wp-content\/uploads\/101-300x225.jpeg\" alt=\"Foto da cidade de ILH\u00c9US clicada no final da d\u00e9cada de 1960. (Acervo: Dr. Guarani Araripe).\" width=\"300\" height=\"225\" class=\"size-medium wp-image-58937\" srcset=\"https:\/\/www.r2cpress.com.br\/v1\/wp-content\/uploads\/101-300x225.jpeg 300w, https:\/\/www.r2cpress.com.br\/v1\/wp-content\/uploads\/101.jpeg 700w\" sizes=\"(max-width: 300px) 100vw, 300px\" \/><\/a><p id=\"caption-attachment-58937\" class=\"wp-caption-text\">Foto da cidade de ILH\u00c9US clicada no final da d\u00e9cada de 1960.<br \/>(Acervo: Dr. Guarani Araripe).<br \/><\/p><\/div>\n<div id=\"attachment_58938\" style=\"width: 310px\" class=\"wp-caption aligncenter\"><a href=\"http:\/\/www.r2cpress.com.br\/v1\/wp-content\/uploads\/111.jpeg\"><img aria-describedby=\"caption-attachment-58938\" loading=\"lazy\" src=\"http:\/\/www.r2cpress.com.br\/v1\/wp-content\/uploads\/111-300x201.jpeg\" alt=\"CARLOS MACHADO FILHO (CAC\u00c1) Vice-Prefeito de ILH\u00c9US participando da feijoada da ASSOCIA\u00c7\u00c3O \u201cOS FERAS\u201d. Aparece tamb\u00e9m na foto o Dr. IVAN GOMES e o saudoso TONINHO.\" width=\"300\" height=\"201\" class=\"size-medium wp-image-58938\" srcset=\"https:\/\/www.r2cpress.com.br\/v1\/wp-content\/uploads\/111-300x201.jpeg 300w, https:\/\/www.r2cpress.com.br\/v1\/wp-content\/uploads\/111.jpeg 700w\" sizes=\"(max-width: 300px) 100vw, 300px\" \/><\/a><p id=\"caption-attachment-58938\" class=\"wp-caption-text\">CARLOS MACHADO FILHO (CAC\u00c1) Vice-Prefeito de ILH\u00c9US participando da feijoada da ASSOCIA\u00c7\u00c3O \u201cOS FERAS\u201d. Aparece tamb\u00e9m na foto o Dr. IVAN GOMES e o saudoso TONINHO.<\/p><\/div>\n<div id=\"attachment_58939\" style=\"width: 310px\" class=\"wp-caption aligncenter\"><a href=\"http:\/\/www.r2cpress.com.br\/v1\/wp-content\/uploads\/121.jpeg\"><img aria-describedby=\"caption-attachment-58939\" loading=\"lazy\" src=\"http:\/\/www.r2cpress.com.br\/v1\/wp-content\/uploads\/121-300x199.jpeg\" alt=\"Um lugar que desejo conhecer ANTES DE MORRER :O CEMIT\u00c9RIO BIZANTINO da cidade de MUCUG\u00ca na CHAPADA DIAMANTINA. Na foto, da esquerda para a direita, os amigos: S\u00c9RGIO, MARC\u00c3O, ANTONIO COSTA, GIVALDO, BAHIENSE, EUSINIO e JOSU\u00c9.\" width=\"300\" height=\"199\" class=\"size-medium wp-image-58939\" srcset=\"https:\/\/www.r2cpress.com.br\/v1\/wp-content\/uploads\/121-300x199.jpeg 300w, https:\/\/www.r2cpress.com.br\/v1\/wp-content\/uploads\/121.jpeg 700w\" sizes=\"(max-width: 300px) 100vw, 300px\" \/><\/a><p id=\"caption-attachment-58939\" class=\"wp-caption-text\">Um lugar que desejo conhecer ANTES DE MORRER :O CEMIT\u00c9RIO BIZANTINO da cidade de MUCUG\u00ca na CHAPADA DIAMANTINA. Na foto, da esquerda para a direita, os amigos: S\u00c9RGIO, MARC\u00c3O, ANTONIO COSTA, GIVALDO, BAHIENSE, EUSINIO e JOSU\u00c9.<\/p><\/div>\n<div id=\"attachment_58940\" style=\"width: 215px\" class=\"wp-caption aligncenter\"><a href=\"http:\/\/www.r2cpress.com.br\/v1\/wp-content\/uploads\/131.jpeg\"><img aria-describedby=\"caption-attachment-58940\" loading=\"lazy\" src=\"http:\/\/www.r2cpress.com.br\/v1\/wp-content\/uploads\/131-205x300.jpeg\" alt=\"Um lugar que todo ILHEENSE tem obriga\u00e7\u00e3o de CONHECER, o FAROL DO MORRO DO PERNAMBUCO.\" width=\"205\" height=\"300\" class=\"size-medium wp-image-58940\" srcset=\"https:\/\/www.r2cpress.com.br\/v1\/wp-content\/uploads\/131-205x300.jpeg 205w, https:\/\/www.r2cpress.com.br\/v1\/wp-content\/uploads\/131.jpeg 480w\" sizes=\"(max-width: 205px) 100vw, 205px\" \/><\/a><p id=\"caption-attachment-58940\" class=\"wp-caption-text\">Um lugar que todo ILHEENSE tem obriga\u00e7\u00e3o de CONHECER, o FAROL DO MORRO DO PERNAMBUCO.<\/p><\/div>\n<div id=\"attachment_58941\" style=\"width: 310px\" class=\"wp-caption aligncenter\"><a href=\"http:\/\/www.r2cpress.com.br\/v1\/wp-content\/uploads\/1476.jpg\"><img aria-describedby=\"caption-attachment-58941\" loading=\"lazy\" src=\"http:\/\/www.r2cpress.com.br\/v1\/wp-content\/uploads\/1476-300x212.jpg\" alt=\"Faleceu no \u00faltimo dia (02-02-2013) em ILH\u00c9US, a senhora MARIA PUREZA ROCHA DE OLIVEIRA, casada com o saudoso JO\u00c3O COSTA OLIVEIRA (foto acima). Tiveram 11 filhos, todos est\u00e3o vivos e todos amigos de JOS\u00c9 LEITE. S\u00e3o eles: JOS\u00c9 WANDWERLEY (Piloto), JO\u00c3O PAULO, FERNANDO (Ex. LIVRARIA THELMA), MARIA DAS GRA\u00c7AS, IN\u00c1CIO DE LOYOLA (Piloto), LUIZ EDUARDO (ZORRO) MARIA TEREZA, JORGE IN\u00c1CIO (Piloto), MARCELO THADEU, AUGUSTO RICARDO (Piloto), MIGUEL ANGELO (Miguelzinho) (Piloto). A TODOS, NOSSO SENTIMENTO DE TRITEZA.\" width=\"300\" height=\"212\" class=\"size-medium wp-image-58941\" srcset=\"https:\/\/www.r2cpress.com.br\/v1\/wp-content\/uploads\/1476-300x212.jpg 300w, https:\/\/www.r2cpress.com.br\/v1\/wp-content\/uploads\/1476.jpg 700w\" sizes=\"(max-width: 300px) 100vw, 300px\" \/><\/a><p id=\"caption-attachment-58941\" class=\"wp-caption-text\">Faleceu no \u00faltimo dia (02-02-2013) em ILH\u00c9US, a senhora MARIA PUREZA ROCHA DE OLIVEIRA, casada com o saudoso JO\u00c3O COSTA OLIVEIRA (foto acima). Tiveram 11 filhos, todos est\u00e3o vivos e todos amigos de JOS\u00c9 LEITE. S\u00e3o eles: JOS\u00c9 WANDWERLEY (Piloto), JO\u00c3O PAULO, FERNANDO (Ex. LIVRARIA THELMA), MARIA DAS GRA\u00c7AS, IN\u00c1CIO DE LOYOLA (Piloto), LUIZ EDUARDO (ZORRO) MARIA TEREZA, JORGE IN\u00c1CIO (Piloto), MARCELO THADEU, AUGUSTO RICARDO (Piloto), MIGUEL ANGELO (Miguelzinho) (Piloto).<br \/>A TODOS, NOSSO SENTIMENTO DE TRITEZA.<br \/><\/p><\/div>\n<p><center><b>E NO MAIS&#8230;<\/b><\/center><\/p>\n<div id=\"attachment_58942\" style=\"width: 310px\" class=\"wp-caption aligncenter\"><a href=\"http:\/\/www.r2cpress.com.br\/v1\/wp-content\/uploads\/151.jpeg\"><img aria-describedby=\"caption-attachment-58942\" loading=\"lazy\" src=\"http:\/\/www.r2cpress.com.br\/v1\/wp-content\/uploads\/151-300x199.jpeg\" alt=\"ADMIRE O TEMPO QUE QUISER. N\u00e3o \u00e9 algum lugar no CARIBE, \u00e9 ILH\u00c9US a segunda cidade mais BONITA DO MUNDO.\" width=\"300\" height=\"199\" class=\"size-medium wp-image-58942\" srcset=\"https:\/\/www.r2cpress.com.br\/v1\/wp-content\/uploads\/151-300x199.jpeg 300w, https:\/\/www.r2cpress.com.br\/v1\/wp-content\/uploads\/151.jpeg 700w\" sizes=\"(max-width: 300px) 100vw, 300px\" \/><\/a><p id=\"caption-attachment-58942\" class=\"wp-caption-text\">ADMIRE O TEMPO QUE QUISER. N\u00e3o \u00e9 algum lugar no CARIBE, \u00e9 ILH\u00c9US a segunda cidade mais BONITA DO MUNDO.<\/p><\/div>\n<p>&#8212;<br \/>\nTexto e fotos: Jos\u00e9 Leite de Souza<br \/>\n(73) 3634-3134<br \/>\njleitesouza@hotmail.com<\/p>\n","protected":false},"excerpt":{"rendered":"<p>1) O GRUPO RM MANT\u00c9M A TRADI\u00c7\u00c3O E FAZ CARNAVAL. 2) AS FOTOS DESTAQUES DA SEMANA.<\/p>\n","protected":false},"author":2,"featured_media":0,"comment_status":"open","ping_status":"open","sticky":false,"template":"","format":"standard","meta":{"_links_to":"","_links_to_target":""},"categories":[10],"tags":[],"_links":{"self":[{"href":"https:\/\/www.r2cpress.com.br\/v1\/wp-json\/wp\/v2\/posts\/58926"}],"collection":[{"href":"https:\/\/www.r2cpress.com.br\/v1\/wp-json\/wp\/v2\/posts"}],"about":[{"href":"https:\/\/www.r2cpress.com.br\/v1\/wp-json\/wp\/v2\/types\/post"}],"author":[{"embeddable":true,"href":"https:\/\/www.r2cpress.com.br\/v1\/wp-json\/wp\/v2\/users\/2"}],"replies":[{"embeddable":true,"href":"https:\/\/www.r2cpress.com.br\/v1\/wp-json\/wp\/v2\/comments?post=58926"}],"version-history":[{"count":10,"href":"https:\/\/www.r2cpress.com.br\/v1\/wp-json\/wp\/v2\/posts\/58926\/revisions"}],"predecessor-version":[{"id":59001,"href":"https:\/\/www.r2cpress.com.br\/v1\/wp-json\/wp\/v2\/posts\/58926\/revisions\/59001"}],"wp:attachment":[{"href":"https:\/\/www.r2cpress.com.br\/v1\/wp-json\/wp\/v2\/media?parent=58926"}],"wp:term":[{"taxonomy":"category","embeddable":true,"href":"https:\/\/www.r2cpress.com.br\/v1\/wp-json\/wp\/v2\/categories?post=58926"},{"taxonomy":"post_tag","embeddable":true,"href":"https:\/\/www.r2cpress.com.br\/v1\/wp-json\/wp\/v2\/tags?post=58926"}],"curies":[{"name":"wp","href":"https:\/\/api.w.org\/{rel}","templated":true}]}}