{"id":58964,"date":"2013-02-15T16:17:10","date_gmt":"2013-02-15T19:17:10","guid":{"rendered":"http:\/\/www.r2cpress.com.br\/v1\/?p=58964"},"modified":"2013-02-15T18:48:21","modified_gmt":"2013-02-15T21:48:21","slug":"prefeitura-de-itabuna-31","status":"publish","type":"post","link":"https:\/\/www.r2cpress.com.br\/v1\/2013\/02\/15\/prefeitura-de-itabuna-31\/","title":{"rendered":"Prefeitura de Itabuna"},"content":{"rendered":"<p><center><a href=\"http:\/\/www.r2cpress.com.br\/v1\/wp-content\/uploads\/CAPA-R2CPRESS21.jpg\"><img loading=\"lazy\" src=\"http:\/\/www.r2cpress.com.br\/v1\/wp-content\/uploads\/CAPA-R2CPRESS21.jpg\" alt=\"CAPA R2CPRESS\" width=\"404\" height=\"404\" class=\"aligncenter size-full wp-image-58965\" srcset=\"https:\/\/www.r2cpress.com.br\/v1\/wp-content\/uploads\/CAPA-R2CPRESS21.jpg 404w, https:\/\/www.r2cpress.com.br\/v1\/wp-content\/uploads\/CAPA-R2CPRESS21-150x150.jpg 150w, https:\/\/www.r2cpress.com.br\/v1\/wp-content\/uploads\/CAPA-R2CPRESS21-300x300.jpg 300w\" sizes=\"(max-width: 404px) 100vw, 404px\" \/><\/a><br \/>\n<strong>Inaugura\u00e7\u00e3o da Sala do Empreendedor<br \/>\nCaixa n\u00e3o disponibiliza senha e atrasa recadastramento do Bolsa Fam\u00edlia<br \/>\nEduca\u00e7\u00e3o re\u00fane coordenadores pedag\u00f3gicos e gestores escolares<br \/>\nVane relata \u00e0 C\u00e2mara esfor\u00e7o para vencer dificuldades da prefeitura<br \/>\nMarquise falha e Prefeitura faz limpeza emergencial na cidade<br \/>\nPrefeitura paga 1\/3 de f\u00e9rias da Educa\u00e7\u00e3o. Dinheiro j\u00e1 est\u00e1 na conta<\/strong><\/center><\/p>\n<p><!--more--><\/p>\n<p>***<\/p>\n<p><strong>Inaugura\u00e7\u00e3o da Sala do Empreendedor<\/strong><\/p>\n<p>A Prefeitura de Itabuna, em parceria com Sebrae, CDL, Caixa e a Ampesb, vai inaugurar na Pra\u00e7a Adami, o stand do projeto Sala do Empreendedor, com o objetivo de atender os micro-empreendedores individuais que querem ampliar seus neg\u00f3cios ou abrir novos.  Estes empres\u00e1rios ser\u00e3o orientados para o planejamento, abertura e registro, fortalecimento e desenvolvimento empresarial.<br \/>\nO evento contar\u00e1 com a presen\u00e7a do prefeito Claudevane Leite.<\/p>\n<p>SERVI\u00c7O:<br \/>\nDATA: 18 de fevereiro (segunda-feira)<br \/>\nHOR\u00c1RIO: 16 horas.<\/p>\n<p><strong>Caixa n\u00e3o disponibiliza senha e atrasa recadastramento do Bolsa Fam\u00edlia<\/strong><\/p>\n<p>A prefeitura est\u00e1 sem poder acessar o Programa Bolsa Fam\u00edlia (PBF) em Itabuna por falta da senha do Cadastro \u00danico (Cad\u00danico), que ainda n\u00e3o foi liberada pela Caixa Econ\u00f4mica Federal. O diretor do Departamento de Combate \u00e0 Pobreza, Evandro Filho, explicou que a substitui\u00e7\u00e3o da senha \u00e9 comum em fun\u00e7\u00e3o da mudan\u00e7a de gestores municipais.<br \/>\n\tEle informou que a documenta\u00e7\u00e3o do prefeito Claudevane Leite e do respons\u00e1vel pela coordena\u00e7\u00e3o municipal do Programa Bolsa Fam\u00edlia em Itabuna, exigida pela Caixa, foi encaminhada desde a segunda quinzena de janeiro e que, pelo prazo, a senha j\u00e1 deveria ter sido liberada.<br \/>\n\tO diretor disse que a falta de acesso ao programa atrasa n\u00e3o s\u00f3 o recadastramento anual das fam\u00edlias itabunenses assistidas pelo Bolsa Fam\u00edlia, como tamb\u00e9m prejudica algumas fam\u00edlias que tiveram o beneficio suspenso pelo Governo Federal justamente pela falta de atualiza\u00e7\u00e3o dos dados cadastrais.<br \/>\n\tO recadastramento \u00e9 necess\u00e1rio porque muitas dos benefici\u00e1rios mudam de endere\u00e7o ou transferem os filhos de uma escola para outra, e essa altera\u00e7\u00e3o nos dados provoca a suspens\u00e3o dos benef\u00edcios. \u201c\u00c9 lament\u00e1vel esse atraso porque muitas fam\u00edlias vivem exclusivamente dos recursos do Bolsa Fam\u00edlia\u201d, relata o diretor.<br \/>\n\tO Bolsa Fam\u00edlia \u00e9 um programa de transfer\u00eancia direta de renda que s\u00f3 em Itabuna beneficia mais de 23 mil fam\u00edlias em situa\u00e7\u00e3o de pobreza e de extrema pobreza. Os valores pagos variam de acordo com a quantidade de filhos de cada fam\u00edlia e podem chegar at\u00e9 R$ 234,00. <\/p>\n<p><strong>Educa\u00e7\u00e3o re\u00fane coordenadores pedag\u00f3gicos e gestores escolares<\/strong><\/p>\n<p>\tCoordenadores pedag\u00f3gicos e gestores de 110 escolas da Rede P\u00fablica Municipal de Ensino de Itabuna estiveram reunidos com diretores e t\u00e9cnicos da Secretaria da Educa\u00e7\u00e3o (SEC) nesta sexta-feira, 15, durante encontro realizado no campus II da Unime. Organizado pelo Departamento de Educa\u00e7\u00e3o B\u00e1sica (DEB), o evento serviu para apresentar as proposi\u00e7\u00f5es da SEC para a equipe gestora da escola e propor sugest\u00f5es para o Planejamento Pedag\u00f3gico do Ano Letivo de 2013.<br \/>\n\tA programa\u00e7\u00e3o do encontro incluiu palestra da diretora do Departamento da Educa\u00e7\u00e3o B\u00e1sica, professora Rosenaide Pereira dos Reis Ramos, al\u00e9m da apresenta\u00e7\u00e3o da Instru\u00e7\u00e3o Normativa n\u00ba 01\/2013 da SEC, feita pelo diretor do Departamento de Acompanhamento \u00e0 Gest\u00e3o, professor Virg\u00edlio Alberto Soares. Divididos em grupos por segmento de ensino e escola, os participantes debateram e refletiram sobre o trabalho do coordenador pedag\u00f3gico e prepararam atividades para o planejamento do ano letivo, marcado para os pr\u00f3ximos dias 21 e 22.<br \/>\n\tFocada na tem\u00e1tica \u201cO Coordenador Pedag\u00f3gico da Rede Municipal de Ensino: hist\u00f3ria, pr\u00e1tica e novas perspectivas\u201d, a diretora do DEB enfatizou que a partir deste ano a inten\u00e7\u00e3o da SEC \u00e9 resgatar a identidade das atribui\u00e7\u00f5es do coordenador pedag\u00f3gico, estimular o reconhecimento das dimens\u00f5es pedag\u00f3gica, pol\u00edtica e administrativa do trabalho da equipe gestora da escola, bem como promover a pr\u00e1tica do trabalho coletivo e colaborativo entre a equipe gestora e a comunidade escolar.<br \/>\n\t\u201cO cumprimento da fun\u00e7\u00e3o social da escola est\u00e1 diretamente relacionado com o perfil, interesses e objetivos de todos os segmentos \u2013 professores, educandos e comunidade \u2013 respons\u00e1veis pela sua organiza\u00e7\u00e3o e funcionamento. Neste sentido, a SEC convida a todos \u00e0 reflex\u00e3o sobre suas responsabilidades na proposi\u00e7\u00e3o, acompanhamento e avalia\u00e7\u00e3o de um trabalho que responda pela oferta de uma educa\u00e7\u00e3o que, com qualidade, forme e transforme homens e contextos\u201d, argumentou Rosenaide Ramos.<br \/>\n\tPara a professora Diegns Larchrt o encontro foi muito proveitoso, pois mostrou a necessidade dos coordenadores pedag\u00f3gicos da Rede Municipal perceber o quanto \u00e9 importante o papel desempenhado por eles no contexto da escola. \u201cA partir desta percep\u00e7\u00e3o, o coordenador pedag\u00f3gico tem muito que contribuir para que a escola possa atender \u00e0s expectativas do aluno, da fam\u00edlia e da comunidade\u201d, disse.<br \/>\n\tJ\u00e1 o diretor do Grupo Escolar Cleonice Moreira de Almeida, Eric Santos, o encontro serviu para orientar o in\u00edcio dos trabalhos da equipe gestora da escola, principalmente quanto ao planejamento escolar que deve levar em contra o novo contexto da educa\u00e7\u00e3o no munic\u00edpio, cujo objetivo \u00e9 garantir educa\u00e7\u00e3o de qualidade para as classes populares. \u201cCom este encontro, a SEC marca positivamente a abertura dos trabalhos letivos, proporcionando aos gestores e coordenadores escolares a oportunidade de refletir e ressignificar a pr\u00e1tica docente\u201d, afirmou Eric.<\/p>\n<p><strong>Vane relata \u00e0 C\u00e2mara esfor\u00e7o para vencer dificuldades da prefeitura<\/strong><\/p>\n<p>O ex-vereador Claudevane Leite retornou hoje \u00e0 C\u00e2mara de Vereadores para proferir sua primeira mensagem oficial \u00e0quela casa legislativa na condi\u00e7\u00e3o de prefeito. Vane chegou a C\u00e2mara para a abertura do per\u00edodo legislativo de 2013 acompanhado dos secret\u00e1rios e do vice-prefeito Wenceslau Junior. O primeiro prefeito de Itabuna eleito a partir de um mandato de vereador resumiu os 45 dias de governo como um per\u00edodo de permanente desafio para superar as dificuldades.<\/p>\n<p>A solenidade come\u00e7ou \u00e0s 9 horas e10 minutos no plen\u00e1rio Vereador Raimundo Lima e teve a presen\u00e7a de 20 dos 21 parlamentares eleitos. Os vereadores C\u00e9sar Brand\u00e3o, l\u00edder do governo na C\u00e2mara, e Pastor Francisco conduziram o prefeito ao plen\u00e1rio. <\/p>\n<p>Na mensagem o prefeito destacou alguns pontos que v\u00eam sendo tratados como pol\u00eamica por alguns setores da imprensa. Como o pr\u00f3prio sal\u00e1rio. Vane lembrou que ainda vereador se posicionou contra o aumento do sal\u00e1rio do prefeito e j\u00e1 em dezembro de 2012 comunicou que congelaria o pr\u00f3prio sal\u00e1rio, renunciando ao aumento concedido pela C\u00e2mara e mantendo o valor. Segundo o prefeito, isso foi feito em respeito ao er\u00e1rio p\u00fablico, ponto primordial para todo gestor: \u201cCortamos na pr\u00f3pria carne diminuindo o sal\u00e1rio do gestor e dos secret\u00e1rios\u201d.<\/p>\n<p>Vane referiu-se \u00e0s obras de infra-estrutura que foram paralisadas pela administra\u00e7\u00e3o anterior, como a limpeza dos canais que cortam a cidade e a cobertura do canal do Lava-P\u00e9s, com a urbaniza\u00e7\u00e3o da Avenida Am\u00e9lia Amado. O prefeito disse que as obras s\u00e3o prioridade e est\u00e3o sendo retomadas. <\/p>\n<p>Sobre as dificuldades financeiras encontradas, Vane mencionou as d\u00edvidas deixadas sem o caixa correspondente. E deu como exemplos a queda da arrecada\u00e7\u00e3o em janeiro, que foi de R$23 milh\u00f5es em 2012 e ficou R$ 5 milh\u00f5es menor em 2013 e a d\u00edvida de R$ 19 milh\u00f5es com a coleta de lixo (R$ 12 milh\u00f5es da Marquise e R$ 7 milh\u00f5es da Torre), valor n\u00e3o ficou no caixa da Prefeitura para pagamento. Apesar disso, o prefeito de Itabuna assegurou que o governo municipal vai fazer com que a cidade fique limpa novamente.<\/p>\n<p>Quanto aos coment\u00e1rios na m\u00eddia sobre o seu relacionamento com Wenceslau Junior ele afirmou que n\u00e3o h\u00e1 dificuldade nenhuma nessa rela\u00e7\u00e3o e que a amizade entre eles \u00e9 cada vez maior. Para Vane os problemas a serem resolvidos s\u00e3o maiores que a pol\u00eamica em torno dessa rela\u00e7\u00e3o. \u201cOs problemas est\u00e3o na cidade e n\u00f3s estamos trabalhando para resolv\u00ea-los\u201d declarou, informando que os esfor\u00e7os para atender as demandas do munic\u00edpio, passaram pela diminui\u00e7\u00e3o nos cargos comissionados. As nomea\u00e7\u00f5es para esses cargos foram de apenas 40% e isto est\u00e1 se repetindo em todos os setores. <\/p>\n<p>O prefeito pediu ainda o apoio da C\u00e2mara de Vereadores e da comunidade na luta pelo retorno da gest\u00e3o plena da sa\u00fade. Vane elogiou os vereadores pela sua atua\u00e7\u00e3o. pois mesmo em per\u00edodo de recesso procuraram a Prefeitura e apresentaram suas preocupa\u00e7\u00f5es com a cidade. <\/p>\n<p>O presidente da C\u00e2mara Aldenes Meira disse receber com otimismo o relato do prefeito. \u201cEle \u00e9 muito claro, colocou a situa\u00e7\u00e3o em que encontrou o Munic\u00edpio e o esfor\u00e7o que est\u00e1 sendo feito para resolver os problemas. Estaremos irmanados para ajudar, o mandato \u00e9 independente, mas com a responsabilidade de buscar o melhor para a cidade\u201d afirmou Aldenes.<\/p>\n<p>Homenagem a Den\u00edlson Melo<\/p>\n<p>Em seu discurso o prefeito Vane lamentou a morte do amigo Denilson Melo da Silva, irm\u00e3o da secret\u00e1ria de Educa\u00e7\u00e3o Dinalva Melo, ex-funcion\u00e1rio da EMASA e presidente da ONG Oficina da Cidadania. \u201cEstive com ele ontem, nos abra\u00e7amos e nos emocionamos. Hoje percebo como a vida \u00e9 breve. Vamos aproveitar a nossa vida da melhor maneira poss\u00edvel\u201d frisou o prefeito que parabenizou a iniciativa da C\u00e2mara em fazer a mo\u00e7\u00e3o de pesar e pedir um minuto de sil\u00eancio no in\u00edcio da solenidade em respeito a Denilson.<\/p>\n<p><strong>Marquise falha e Prefeitura faz limpeza emergencial na cidade<\/strong><\/p>\n<p>Diante dos transtornos causados pela falta de compromisso da empresa respons\u00e1vel pela coleta de lixo em Itabuna, que tem contrato at\u00e9 setembro deste ano, o prefeito Claudevane Leite determinou que a Secretaria de Desenvolvimento Urbano (Sedur) desse uma solu\u00e7\u00e3o emergencial para assumir a limpeza da cidade. A Sedur contratou oito ca\u00e7ambas e uma retro-escavadeira e colocou 45 oper\u00e1rios para fazer a coleta de lixo na cidade principalmente nos corredores de \u00f4nibus e principais art\u00e9rias da cidade.<br \/>\nSegundo o Diretor de Limpeza P\u00fablica da Sedur, Vicente Jos\u00e9 Santos, n\u00e3o era poss\u00edvel continuar da forma que estava, com a popula\u00e7\u00e3o sendo prejudicada. \u201cO prefeito mandou que tom\u00e1ssemos essa medida emergencial, pois a empresa que deveria estar fazendo seu trabalho n\u00e3o est\u00e1, e a cidade n\u00e3o pode pagar por isso\u201d, salientou o diretor.<br \/>\nPara o titular da Sedur, engenheiro Marcos Monteiro, \u00e9 inadmiss\u00edvel o itabunense ter que passar por essa situa\u00e7\u00e3o devido a falta de a\u00e7\u00e3o da empresa respons\u00e1vel. \u201cCom a guerra que estamos travando contra a dengue, ao inv\u00e9s de a empresa ser nossa parceira e demonstrar a sua responsabilidade com a sa\u00fade da popula\u00e7\u00e3o, prefere agir de forma contr\u00e1ria\u201d, criticou Monteiro, refor\u00e7ando o esfor\u00e7o da Prefeitura em regularizar o servi\u00e7o de coleta de lixo na cidade.<\/p>\n<p><strong>Prefeitura paga 1\/3 de f\u00e9rias da Educa\u00e7\u00e3o. Dinheiro j\u00e1 est\u00e1 na conta<\/strong><\/p>\n<p>A Secretaria Municipal da Fazenda depositou hoje R$ 1.230.439,23 referentes ao 1\/3 de f\u00e9rias que n\u00e3o foi pago pela administra\u00e7\u00e3o passada aos professores e funcion\u00e1rios da Rede Municipal da Educa\u00e7\u00e3o. Segundo o secret\u00e1rio Marcos Cerqueira o pagamento foi uma determina\u00e7\u00e3o expressa do prefeito Claudevane Leite, que sabe da dificuldade que passa um trabalhador com sal\u00e1rio atrasado.<br \/>\nNa semana passada, dia 8, a Prefeitura j\u00e1 havia depositado R$ 1,5 milh\u00e3o relativo ao pagamento dos sal\u00e1rios de dezembro dos servidores administrativos da Educa\u00e7\u00e3o e a parte dos atrasados dos professores. Marcos Cerqueira disse que Vane quer quitar o mais r\u00e1pido poss\u00edvel os sal\u00e1rios de dezembro, que o prefeito anterior deixou de pagar. &#8220;O prefeito quer regularizar a situa\u00e7\u00e3o logo, apesar da redu\u00e7\u00e3o nas receitas, at\u00e9 mesmo o Fundeb veio pela metade em janeiro&#8221;, esclareceu o secret\u00e1rio.<br \/>\nTamb\u00e9m foram depositados R$ 928.795,70 nas conta de sal\u00e1rios dos servidores da Secretaria de Sa\u00fade, como parte do 13\u00ba atrasado e pagamento da primeira parcela do acordo firmado com o sindicato, com media\u00e7\u00e3o do Minist\u00e9rio P\u00fablico do Trabalho. <\/p>\n<p>____________________________________________<br \/>\nPrefeitura Municipal de Itabuna<br \/>\nDepartamento de Comunica\u00e7\u00e3o Social<br \/>\nFotos: Wilson Oliveira, Gabriel de Oliveira e Pedro Augusto.<\/p>\n","protected":false},"excerpt":{"rendered":"<p>Inaugura\u00e7\u00e3o da Sala do Empreendedor Caixa n\u00e3o disponibiliza senha e atrasa recadastramento do Bolsa Fam\u00edlia Educa\u00e7\u00e3o re\u00fane coordenadores pedag\u00f3gicos e gestores escolares Vane relata \u00e0 C\u00e2mara esfor\u00e7o para vencer dificuldades da prefeitura Marquise falha e Prefeitura faz limpeza emergencial na cidade Prefeitura paga 1\/3 de f\u00e9rias da Educa\u00e7\u00e3o. Dinheiro j\u00e1 est\u00e1 na conta<\/p>\n","protected":false},"author":2,"featured_media":0,"comment_status":"open","ping_status":"open","sticky":false,"template":"","format":"standard","meta":{"_links_to":"","_links_to_target":""},"categories":[15],"tags":[],"_links":{"self":[{"href":"https:\/\/www.r2cpress.com.br\/v1\/wp-json\/wp\/v2\/posts\/58964"}],"collection":[{"href":"https:\/\/www.r2cpress.com.br\/v1\/wp-json\/wp\/v2\/posts"}],"about":[{"href":"https:\/\/www.r2cpress.com.br\/v1\/wp-json\/wp\/v2\/types\/post"}],"author":[{"embeddable":true,"href":"https:\/\/www.r2cpress.com.br\/v1\/wp-json\/wp\/v2\/users\/2"}],"replies":[{"embeddable":true,"href":"https:\/\/www.r2cpress.com.br\/v1\/wp-json\/wp\/v2\/comments?post=58964"}],"version-history":[{"count":4,"href":"https:\/\/www.r2cpress.com.br\/v1\/wp-json\/wp\/v2\/posts\/58964\/revisions"}],"predecessor-version":[{"id":58968,"href":"https:\/\/www.r2cpress.com.br\/v1\/wp-json\/wp\/v2\/posts\/58964\/revisions\/58968"}],"wp:attachment":[{"href":"https:\/\/www.r2cpress.com.br\/v1\/wp-json\/wp\/v2\/media?parent=58964"}],"wp:term":[{"taxonomy":"category","embeddable":true,"href":"https:\/\/www.r2cpress.com.br\/v1\/wp-json\/wp\/v2\/categories?post=58964"},{"taxonomy":"post_tag","embeddable":true,"href":"https:\/\/www.r2cpress.com.br\/v1\/wp-json\/wp\/v2\/tags?post=58964"}],"curies":[{"name":"wp","href":"https:\/\/api.w.org\/{rel}","templated":true}]}}