{"id":59091,"date":"2013-02-18T10:56:14","date_gmt":"2013-02-18T13:56:14","guid":{"rendered":"http:\/\/www.r2cpress.com.br\/v1\/?p=59091"},"modified":"2013-02-18T10:56:42","modified_gmt":"2013-02-18T13:56:42","slug":"ultimas-semanas-de-inscricoes-para-cursos-e-oficinas-artisticas","status":"publish","type":"post","link":"https:\/\/www.r2cpress.com.br\/v1\/2013\/02\/18\/ultimas-semanas-de-inscricoes-para-cursos-e-oficinas-artisticas\/","title":{"rendered":"ILH\u00c9US \/ \u00daltimas semanas de inscri\u00e7\u00f5es  para cursos e oficinas art\u00edsticas"},"content":{"rendered":"<div>\n<div id=\"attachment_59092\" style=\"width: 310px\" class=\"wp-caption alignleft\"><a href=\"http:\/\/www.r2cpress.com.br\/v1\/wp-content\/uploads\/Jeff-Rodriguez-no-projeto-Transeunte-foto-Karoline-Vital.jpg\"><img aria-describedby=\"caption-attachment-59092\" loading=\"lazy\" class=\"size-medium wp-image-59092\" alt=\"Jeff Rodriguez no projeto Transeunte - foto Karoline Vital\" src=\"http:\/\/www.r2cpress.com.br\/v1\/wp-content\/uploads\/Jeff-Rodriguez-no-projeto-Transeunte-foto-Karoline-Vital-300x225.jpg\" width=\"300\" height=\"225\" srcset=\"https:\/\/www.r2cpress.com.br\/v1\/wp-content\/uploads\/Jeff-Rodriguez-no-projeto-Transeunte-foto-Karoline-Vital-300x225.jpg 300w, https:\/\/www.r2cpress.com.br\/v1\/wp-content\/uploads\/Jeff-Rodriguez-no-projeto-Transeunte-foto-Karoline-Vital.jpg 680w\" sizes=\"(max-width: 300px) 100vw, 300px\" \/><\/a><p id=\"caption-attachment-59092\" class=\"wp-caption-text\">Jeff Rodriguez no projeto Transeunte &#8211; foto Karoline Vital<\/p><\/div>\n<p>Faltam duas semanas at\u00e9 o fim das inscri\u00e7\u00f5es para cursos e oficinas art\u00edsticas, organizadas pelo Teatro Popular de Ilh\u00e9us (TPI). Atualmente, h\u00e1 vagas para os cursos de bateria e percuss\u00e3o, dan\u00e7a criativa para crian\u00e7as e jovens, canto popular, viol\u00e3o e guitarra, instrumentos de sopro e dan\u00e7a afro. As turmas ser\u00e3o fechadas at\u00e9 o final deste m\u00eas e as aulas come\u00e7am em mar\u00e7o. Os interessados devem se dirigir \u00e0 Casa dos Artistas, de segunda a sexta-feira, das 14 \u00e0s 18 horas. Mais detalhes pelo telefone (73) 4<\/p>\n<\/div>\n<p>Ministrado pelo mestre Sabar\u00e1, o curso de bateria e percuss\u00e3o acontece todas as sextas-feiras em dois hor\u00e1rios: das 9 \u00e0s 11 horas e das 14 \u00e0s 16 horas. A mensalidade custa R$ 40. E quem quiser aprender t\u00e9cnicas de aperfei\u00e7oamento vocal, pode se inscrever na oficina de canto popular, com Eloah Monteiro. As aulas acontecer\u00e3o durante as segundas e quartas-feiras a partir das 18h30min, custando R$50 ao m\u00eas.<\/p>\n<p><!--more--><\/p>\n<p>O professor Zanon Diego ministra o curso de instrumentos de sopro, abrangendo saxofone, trompete, trombone e flauta transversal. As aulas ser\u00e3o \u00e0s segundas-feiras das 16 horas \u00e0s 17h30min. Ricardo Maciel \u00e9 o respons\u00e1vel pelo curso de viol\u00e3o e guitarra, que acontecer\u00e1 \u00e0s quartas-feiras com turmas pela manh\u00e3, tarde e noite. A mensalidade de cada curso custa R$ 80.<\/p>\n<p>Para quem deseja movimentar o corpo, h\u00e1 ainda o curso de dan\u00e7a criativa para crian\u00e7as de 6 a 9 anos e outra turma de 10 a 15 anos, todas as sextas-feiras. As aulas ser\u00e3o oferecidas pela professora \u00c9rica Ock\u00e9 pela manh\u00e3 e tarde, com vagas limitadas. A mensalidade custa apenas R$ 10. J\u00e1 as aulas de dan\u00e7a afro-brasileira, oferecidas por Neide Rodrigues, acontecem \u00e0s ter\u00e7as e quartas-feiras a partir das 14h30min. O pacote mensal sai por R$ 50 e aulas avulsas a R$ 20.<\/p>\n<p><b>Programa\u00e7\u00e3o da semana<\/b><\/p>\n<p><b><i>\u00a0\u00a0\u00a0\u00a0\u00a0\u00a0\u00a0\u00a0\u00a0\u00a0\u00a0 <\/i><\/b>O Cineclube \u00c9quio Reis exibe curtas-metragens de Georges M\u00e9li\u00e8s, um dos precursores do cinema e pai dos efeitos especiais. As exibi\u00e7\u00f5es s\u00e3o gratuitas e acontecem na porta da Casa dos Artistas, nesta ter\u00e7a-feira (19), a partir das 19 horas. Em caso de mau tempo, a proje\u00e7\u00e3o ser\u00e1 no interior do espa\u00e7o cultural.<\/p>\n<p>O m\u00fasico Jeff Rodriguez, membro da banda OQuadro, discoteca suas mais recentes pesquisas musicais.\u00a0Intitulada <i>Transeunte<\/i>, a apresenta\u00e7\u00e3o \u00a0ser\u00e1 a partir das 17 horas desta quarta-feira (20), tamb\u00e9m em frente \u00e0 Casa dos Artistas. Ainda no universo musical, neste s\u00e1bado (23), tem projeto <i>S\u00e1bado Sim<\/i> com o som independente da regi\u00e3o. A partir das 20 horas, as bandas Kerberus e Mort\u00edfera comandam os shows. Os ingressos ser\u00e3o vendidos a R$ 10 e R$ 5.<\/p>\n","protected":false},"excerpt":{"rendered":"<p>Faltam duas semanas at\u00e9 o fim das inscri\u00e7\u00f5es para cursos e oficinas art\u00edsticas, organizadas pelo Teatro Popular de Ilh\u00e9us (TPI). Atualmente, h\u00e1 vagas para os cursos de bateria e percuss\u00e3o, dan\u00e7a criativa para crian\u00e7as e jovens, canto popular, viol\u00e3o e guitarra, instrumentos de sopro e dan\u00e7a afro. As turmas ser\u00e3o fechadas at\u00e9 o final deste [&hellip;]<\/p>\n","protected":false},"author":2,"featured_media":0,"comment_status":"open","ping_status":"open","sticky":false,"template":"","format":"standard","meta":{"_links_to":"","_links_to_target":""},"categories":[5],"tags":[],"_links":{"self":[{"href":"https:\/\/www.r2cpress.com.br\/v1\/wp-json\/wp\/v2\/posts\/59091"}],"collection":[{"href":"https:\/\/www.r2cpress.com.br\/v1\/wp-json\/wp\/v2\/posts"}],"about":[{"href":"https:\/\/www.r2cpress.com.br\/v1\/wp-json\/wp\/v2\/types\/post"}],"author":[{"embeddable":true,"href":"https:\/\/www.r2cpress.com.br\/v1\/wp-json\/wp\/v2\/users\/2"}],"replies":[{"embeddable":true,"href":"https:\/\/www.r2cpress.com.br\/v1\/wp-json\/wp\/v2\/comments?post=59091"}],"version-history":[{"count":4,"href":"https:\/\/www.r2cpress.com.br\/v1\/wp-json\/wp\/v2\/posts\/59091\/revisions"}],"predecessor-version":[{"id":59096,"href":"https:\/\/www.r2cpress.com.br\/v1\/wp-json\/wp\/v2\/posts\/59091\/revisions\/59096"}],"wp:attachment":[{"href":"https:\/\/www.r2cpress.com.br\/v1\/wp-json\/wp\/v2\/media?parent=59091"}],"wp:term":[{"taxonomy":"category","embeddable":true,"href":"https:\/\/www.r2cpress.com.br\/v1\/wp-json\/wp\/v2\/categories?post=59091"},{"taxonomy":"post_tag","embeddable":true,"href":"https:\/\/www.r2cpress.com.br\/v1\/wp-json\/wp\/v2\/tags?post=59091"}],"curies":[{"name":"wp","href":"https:\/\/api.w.org\/{rel}","templated":true}]}}