{"id":59105,"date":"2013-02-18T13:50:37","date_gmt":"2013-02-18T16:50:37","guid":{"rendered":"http:\/\/www.r2cpress.com.br\/v1\/?p=59105"},"modified":"2013-02-18T13:50:37","modified_gmt":"2013-02-18T16:50:37","slug":"ilheus-prefeitura-e-car-analisam-diagnostico-sobre-a-central-de-abastecimento-do-malhado","status":"publish","type":"post","link":"https:\/\/www.r2cpress.com.br\/v1\/2013\/02\/18\/ilheus-prefeitura-e-car-analisam-diagnostico-sobre-a-central-de-abastecimento-do-malhado\/","title":{"rendered":"ILH\u00c9US \/  Prefeitura e CAR analisam diagn\u00f3stico sobre a Central de Abastecimento do Malhado"},"content":{"rendered":"<p>O vice-prefeito e titular da Secretaria de Ind\u00fastria e Com\u00e9rcio, Carlos (Cac\u00e1) Machado e o Secret\u00e1rio de Meio Ambiente e Urbanismo, Ant\u00f4nio Vieira receberam em audi\u00eancia, na \u00faltima sexta-feira, 15, no Pal\u00e1cio Paranagu\u00e1, engenheiros da Companhia de Desenvolvimento e A\u00e7\u00e3o Regional (CAR) com o objetivo de discutir o diagn\u00f3stico elaborado sobre a situa\u00e7\u00e3o da Central de Abastecimento do Malhado, onde funciona a principal feira livre da cidade, e a respectiva revitaliza\u00e7\u00e3o do equipamento.<br \/>\n<div id=\"attachment_59106\" style=\"width: 510px\" class=\"wp-caption aligncenter\"><a href=\"http:\/\/www.r2cpress.com.br\/v1\/wp-content\/uploads\/Cac\u00e1-em-reuni\u00e3o-com-t\u00e9cnicos-da-CAR-Foto-Alfredo-Filho-Secom.jpg\"><img aria-describedby=\"caption-attachment-59106\" loading=\"lazy\" src=\"http:\/\/www.r2cpress.com.br\/v1\/wp-content\/uploads\/Cac\u00e1-em-reuni\u00e3o-com-t\u00e9cnicos-da-CAR-Foto-Alfredo-Filho-Secom.jpg\" alt=\"Cac\u00e1 em reuni\u00e3o com t\u00e9cnicos da CAR - Foto Alfredo Filho - Secom\" width=\"500\" height=\"342\" class=\"size-full wp-image-59106\" srcset=\"https:\/\/www.r2cpress.com.br\/v1\/wp-content\/uploads\/Cac\u00e1-em-reuni\u00e3o-com-t\u00e9cnicos-da-CAR-Foto-Alfredo-Filho-Secom.jpg 500w, https:\/\/www.r2cpress.com.br\/v1\/wp-content\/uploads\/Cac\u00e1-em-reuni\u00e3o-com-t\u00e9cnicos-da-CAR-Foto-Alfredo-Filho-Secom-300x205.jpg 300w\" sizes=\"(max-width: 500px) 100vw, 500px\" \/><\/a><p id=\"caption-attachment-59106\" class=\"wp-caption-text\">Cac\u00e1 em reuni\u00e3o com t\u00e9cnicos da CAR &#8211; Foto Alfredo Filho &#8211; Secom<\/p><\/div><br \/>\nOs t\u00e9cnicos da CAR identificaram in\u00fameros problemas na Central, que v\u00e3o desde a estrutura f\u00edsica \u00e0s quest\u00f5es de ordem social. Citaram aspectos como a deteriora\u00e7\u00e3o da rede el\u00e9trica, rachaduras nas paredes, teto em risco de desabamento, falta de higiene, boxes abandonados servindo de abrigo para usu\u00e1rios de drogas, entre outros, que apontam o estado de abandono do maior mercado p\u00fablico de Ilh\u00e9us.<\/p>\n<p><!--more--><\/p>\n<p>O ponto considerado mais cr\u00edtico \u00e9 o pavilh\u00e3o C, conhecido como Malvina. O trabalho at\u00e9 agora elaborado, por solicita\u00e7\u00e3o do prefeito Jabes Ribeiro, foi apresentado atrav\u00e9s de slides e fotos nos diversos \u00e2ngulos. \u201cA situa\u00e7\u00e3o \u00e9 bastante complicada para quem vende e quem compra\u201d, avalia Cac\u00e1 Machado.<\/p>\n<p>A partir da an\u00e1lise t\u00e9cnica, a CAR vai elaborar o projeto de revitaliza\u00e7\u00e3o da Central de Abastecimento do Malhado, que deve ser apresentado \u00e0s autoridades locais, no pr\u00f3ximo dia 27, com a presen\u00e7a do diretor executivo da CAR, Jos\u00e9 Vivaldo Mendon\u00e7a. Os feirantes e a comunidade tamb\u00e9m discutir\u00e3o com o governo municipal as poss\u00edveis formas de organiza\u00e7\u00e3o da feira livre.<\/p>\n<p>&#8212;<br \/>\nSecretaria de Comunica\u00e7\u00e3o (Secom)<br \/>\nIlh\u00e9us \u2013 18.02.2013<\/p>\n","protected":false},"excerpt":{"rendered":"<p>O vice-prefeito e titular da Secretaria de Ind\u00fastria e Com\u00e9rcio, Carlos (Cac\u00e1) Machado e o Secret\u00e1rio de Meio Ambiente e Urbanismo, Ant\u00f4nio Vieira receberam em audi\u00eancia, na \u00faltima sexta-feira, 15, no Pal\u00e1cio Paranagu\u00e1, engenheiros da Companhia de Desenvolvimento e A\u00e7\u00e3o Regional (CAR) com o objetivo de discutir o diagn\u00f3stico elaborado sobre a situa\u00e7\u00e3o da Central [&hellip;]<\/p>\n","protected":false},"author":2,"featured_media":0,"comment_status":"open","ping_status":"open","sticky":false,"template":"","format":"standard","meta":{"_links_to":"","_links_to_target":""},"categories":[23],"tags":[],"_links":{"self":[{"href":"https:\/\/www.r2cpress.com.br\/v1\/wp-json\/wp\/v2\/posts\/59105"}],"collection":[{"href":"https:\/\/www.r2cpress.com.br\/v1\/wp-json\/wp\/v2\/posts"}],"about":[{"href":"https:\/\/www.r2cpress.com.br\/v1\/wp-json\/wp\/v2\/types\/post"}],"author":[{"embeddable":true,"href":"https:\/\/www.r2cpress.com.br\/v1\/wp-json\/wp\/v2\/users\/2"}],"replies":[{"embeddable":true,"href":"https:\/\/www.r2cpress.com.br\/v1\/wp-json\/wp\/v2\/comments?post=59105"}],"version-history":[{"count":2,"href":"https:\/\/www.r2cpress.com.br\/v1\/wp-json\/wp\/v2\/posts\/59105\/revisions"}],"predecessor-version":[{"id":59108,"href":"https:\/\/www.r2cpress.com.br\/v1\/wp-json\/wp\/v2\/posts\/59105\/revisions\/59108"}],"wp:attachment":[{"href":"https:\/\/www.r2cpress.com.br\/v1\/wp-json\/wp\/v2\/media?parent=59105"}],"wp:term":[{"taxonomy":"category","embeddable":true,"href":"https:\/\/www.r2cpress.com.br\/v1\/wp-json\/wp\/v2\/categories?post=59105"},{"taxonomy":"post_tag","embeddable":true,"href":"https:\/\/www.r2cpress.com.br\/v1\/wp-json\/wp\/v2\/tags?post=59105"}],"curies":[{"name":"wp","href":"https:\/\/api.w.org\/{rel}","templated":true}]}}