{"id":59163,"date":"2013-02-19T11:06:29","date_gmt":"2013-02-19T14:06:29","guid":{"rendered":"http:\/\/www.r2cpress.com.br\/v1\/?p=59163"},"modified":"2013-02-19T11:06:29","modified_gmt":"2013-02-19T14:06:29","slug":"uma-linda-e-merecida-homenagem-a-eduardo-anunciacao-na-pagina-2-do-diario-bahia","status":"publish","type":"post","link":"https:\/\/www.r2cpress.com.br\/v1\/2013\/02\/19\/uma-linda-e-merecida-homenagem-a-eduardo-anunciacao-na-pagina-2-do-diario-bahia\/","title":{"rendered":"Uma linda e merecida homenagem a Eduardo Anuncia\u00e7\u00e3o na P\u00e1gina 2 do Diario Bahia"},"content":{"rendered":"<p><center> <a href=\"http:\/\/www.r2cpress.com.br\/v1\/wp-content\/uploads\/Di\u00e1rio-Bahia.jpg\"><img loading=\"lazy\" src=\"http:\/\/www.r2cpress.com.br\/v1\/wp-content\/uploads\/Di\u00e1rio-Bahia.jpg\" alt=\"Di\u00e1rio Bahia\" width=\"450\" height=\"655\" class=\"aligncenter size-full wp-image-59164\" srcset=\"https:\/\/www.r2cpress.com.br\/v1\/wp-content\/uploads\/Di\u00e1rio-Bahia.jpg 450w, https:\/\/www.r2cpress.com.br\/v1\/wp-content\/uploads\/Di\u00e1rio-Bahia-206x300.jpg 206w\" sizes=\"(max-width: 450px) 100vw, 450px\" \/><\/a>  <\/center><\/p>\n","protected":false},"excerpt":{"rendered":"","protected":false},"author":2,"featured_media":0,"comment_status":"open","ping_status":"open","sticky":false,"template":"","format":"standard","meta":{"_links_to":"","_links_to_target":""},"categories":[13],"tags":[],"_links":{"self":[{"href":"https:\/\/www.r2cpress.com.br\/v1\/wp-json\/wp\/v2\/posts\/59163"}],"collection":[{"href":"https:\/\/www.r2cpress.com.br\/v1\/wp-json\/wp\/v2\/posts"}],"about":[{"href":"https:\/\/www.r2cpress.com.br\/v1\/wp-json\/wp\/v2\/types\/post"}],"author":[{"embeddable":true,"href":"https:\/\/www.r2cpress.com.br\/v1\/wp-json\/wp\/v2\/users\/2"}],"replies":[{"embeddable":true,"href":"https:\/\/www.r2cpress.com.br\/v1\/wp-json\/wp\/v2\/comments?post=59163"}],"version-history":[{"count":2,"href":"https:\/\/www.r2cpress.com.br\/v1\/wp-json\/wp\/v2\/posts\/59163\/revisions"}],"predecessor-version":[{"id":59166,"href":"https:\/\/www.r2cpress.com.br\/v1\/wp-json\/wp\/v2\/posts\/59163\/revisions\/59166"}],"wp:attachment":[{"href":"https:\/\/www.r2cpress.com.br\/v1\/wp-json\/wp\/v2\/media?parent=59163"}],"wp:term":[{"taxonomy":"category","embeddable":true,"href":"https:\/\/www.r2cpress.com.br\/v1\/wp-json\/wp\/v2\/categories?post=59163"},{"taxonomy":"post_tag","embeddable":true,"href":"https:\/\/www.r2cpress.com.br\/v1\/wp-json\/wp\/v2\/tags?post=59163"}],"curies":[{"name":"wp","href":"https:\/\/api.w.org\/{rel}","templated":true}]}}