{"id":59187,"date":"2013-02-19T14:11:51","date_gmt":"2013-02-19T17:11:51","guid":{"rendered":"http:\/\/www.r2cpress.com.br\/v1\/?p=59187"},"modified":"2013-02-19T14:11:51","modified_gmt":"2013-02-19T17:11:51","slug":"novos-nutricionistas-formados-na-faculdade-de-ilheus","status":"publish","type":"post","link":"https:\/\/www.r2cpress.com.br\/v1\/2013\/02\/19\/novos-nutricionistas-formados-na-faculdade-de-ilheus\/","title":{"rendered":"Novos nutricionistas formados na Faculdade de Ilh\u00e9us"},"content":{"rendered":"<p>Centenas de convidados prestigiaram a cerim\u00f4nia de cola\u00e7\u00e3o de grau de 19 bachar\u00e9is em Nutri\u00e7\u00e3o formados pela Faculdade de Ilh\u00e9us, no \u00faltimo s\u00e1bado, dia 16. Presidida pelo diretor geral da institui\u00e7\u00e3o, professor Almir Milanesi, a solenidade aconteceu no audit\u00f3rio Professora Ad\u00e9lia Melo, no campus da pr\u00f3pria Faculdade, localizado no bairro S\u00e3o Francisco, zona sul da cidade.<br \/>\n<center> <a href=\"http:\/\/www.r2cpress.com.br\/v1\/wp-content\/uploads\/01-faculdade-de-ilh\u00e9us-nutri\u00e7\u00e3o.jpg\"><img loading=\"lazy\" src=\"http:\/\/www.r2cpress.com.br\/v1\/wp-content\/uploads\/01-faculdade-de-ilh\u00e9us-nutri\u00e7\u00e3o.jpg\" alt=\"01 faculdade de ilh\u00e9us nutri\u00e7\u00e3o\" width=\"550\" height=\"550\" class=\"aligncenter size-full wp-image-59188\" srcset=\"https:\/\/www.r2cpress.com.br\/v1\/wp-content\/uploads\/01-faculdade-de-ilh\u00e9us-nutri\u00e7\u00e3o.jpg 550w, https:\/\/www.r2cpress.com.br\/v1\/wp-content\/uploads\/01-faculdade-de-ilh\u00e9us-nutri\u00e7\u00e3o-150x150.jpg 150w, https:\/\/www.r2cpress.com.br\/v1\/wp-content\/uploads\/01-faculdade-de-ilh\u00e9us-nutri\u00e7\u00e3o-300x300.jpg 300w\" sizes=\"(max-width: 550px) 100vw, 550px\" \/><\/a> <\/center><br \/>\n     A cerim\u00f4nia de formatura contou com as presen\u00e7as do empres\u00e1rio Daury Frisso, representante do Cesupi (Centro de Ensino Superior de Ilh\u00e9us), da diretora acad\u00eamica, Sandra Milanesi, da professora Adriana Lopes, coordenadora do curso e patronesse da turma, da professora e paraninfa Juliana Argolo, al\u00e9m do professor Marcelo Cordeiro, amigo da turma, e de Grasiela Greise dos Santos Souza, que deu nome \u00e0 turma de formandos. <\/p>\n<p><!--more--><\/p>\n<p>      A oradora da turma, Kamila Ad\u00e9lia de Almeida Azevedo, falou sobre a trajet\u00f3ria dos formandos durante o curso. Walk\u00edria Souza de Freitas Cardeal procedeu ao requerimento de cola\u00e7\u00e3o de grau e Danielle Santos do Vale Almeida leu o juramento. Na oportunidade, o diretor Almir Milanesi falou da hist\u00f3ria de dez anos da Faculdade de Ilh\u00e9us e da satisfa\u00e7\u00e3o do curso de Nutri\u00e7\u00e3o, j\u00e1 reconhecido pelo Minist\u00e9rio da Educa\u00e7\u00e3o, e \u00fanico da cidade. <\/p>\n<p>     Ele destacou o desempenho dos alunos durante o curso e a import\u00e2ncia das atividades de extens\u00e3o que s\u00e3o realizadas diretamente com a comunidade local. Atrav\u00e9s de parceria com clubes de servi\u00e7o, os estudantes t\u00eam realizado, gratuitamente, diagn\u00f3stico e avalia\u00e7\u00e3o nutricionais em v\u00e1rios segmentos da popula\u00e7\u00e3o. \u201cO maior laborat\u00f3rio da produ\u00e7\u00e3o do conhecimento est\u00e1 em levar o saber ao seio da sociedade, ou seja, contribuir com as pessoas, com a pesquisa e a valoriza\u00e7\u00e3o da cidadania\u201d, afirmou o diretor.<\/p>\n<p><strong>Nutricionistas <\/strong>\u2013 Al\u00e9m dos formandos citados, tamb\u00e9m colaram grau em Nutri\u00e7\u00e3o: Ariane Neves Paiva, Danielle Santos do Vale Almeida, Joilma dos Santos Ferreira, La\u00edse Rolemberg de Brito, \tLeyla Cristina Lima Andrade, Maria \u00c2ngela Mendes Franco, Mayana Barbosa Martins, M\u00e9rcia Ba\u00eda Lemos. \tMilena Costa Santana, \tNaianne Souza Santos, Nilson Aparecido da Silva Ara\u00fajo, Rafaela Santos Birschiner, Raquel Almeida Resende, T\u00e1fila Ara\u00fajo de \u00c2ngelo, Tamires Souza da Silva, Thaiane Cristina Nascimento da Hora e Viviane Carvalho de Oliveira.   <\/p>\n","protected":false},"excerpt":{"rendered":"<p>Centenas de convidados prestigiaram a cerim\u00f4nia de cola\u00e7\u00e3o de grau de 19 bachar\u00e9is em Nutri\u00e7\u00e3o formados pela Faculdade de Ilh\u00e9us, no \u00faltimo s\u00e1bado, dia 16. Presidida pelo diretor geral da institui\u00e7\u00e3o, professor Almir Milanesi, a solenidade aconteceu no audit\u00f3rio Professora Ad\u00e9lia Melo, no campus da pr\u00f3pria Faculdade, localizado no bairro S\u00e3o Francisco, zona sul da [&hellip;]<\/p>\n","protected":false},"author":2,"featured_media":0,"comment_status":"open","ping_status":"open","sticky":false,"template":"","format":"standard","meta":{"_links_to":"","_links_to_target":""},"categories":[8],"tags":[],"_links":{"self":[{"href":"https:\/\/www.r2cpress.com.br\/v1\/wp-json\/wp\/v2\/posts\/59187"}],"collection":[{"href":"https:\/\/www.r2cpress.com.br\/v1\/wp-json\/wp\/v2\/posts"}],"about":[{"href":"https:\/\/www.r2cpress.com.br\/v1\/wp-json\/wp\/v2\/types\/post"}],"author":[{"embeddable":true,"href":"https:\/\/www.r2cpress.com.br\/v1\/wp-json\/wp\/v2\/users\/2"}],"replies":[{"embeddable":true,"href":"https:\/\/www.r2cpress.com.br\/v1\/wp-json\/wp\/v2\/comments?post=59187"}],"version-history":[{"count":2,"href":"https:\/\/www.r2cpress.com.br\/v1\/wp-json\/wp\/v2\/posts\/59187\/revisions"}],"predecessor-version":[{"id":59190,"href":"https:\/\/www.r2cpress.com.br\/v1\/wp-json\/wp\/v2\/posts\/59187\/revisions\/59190"}],"wp:attachment":[{"href":"https:\/\/www.r2cpress.com.br\/v1\/wp-json\/wp\/v2\/media?parent=59187"}],"wp:term":[{"taxonomy":"category","embeddable":true,"href":"https:\/\/www.r2cpress.com.br\/v1\/wp-json\/wp\/v2\/categories?post=59187"},{"taxonomy":"post_tag","embeddable":true,"href":"https:\/\/www.r2cpress.com.br\/v1\/wp-json\/wp\/v2\/tags?post=59187"}],"curies":[{"name":"wp","href":"https:\/\/api.w.org\/{rel}","templated":true}]}}