{"id":59241,"date":"2013-02-20T14:33:33","date_gmt":"2013-02-20T17:33:33","guid":{"rendered":"http:\/\/www.r2cpress.com.br\/v1\/?p=59241"},"modified":"2013-02-20T14:33:33","modified_gmt":"2013-02-20T17:33:33","slug":"prefeitura-de-ilheus-10","status":"publish","type":"post","link":"https:\/\/www.r2cpress.com.br\/v1\/2013\/02\/20\/prefeitura-de-ilheus-10\/","title":{"rendered":"Prefeitura de Ilh\u00e9us"},"content":{"rendered":"<p><center><strong>Prefeito vai a solenidade de 95 anos da Capitania dos Portos<\/strong><br \/>\n<a href=\"http:\/\/www.r2cpress.com.br\/v1\/wp-content\/uploads\/CAPA-R2CPRESS24.jpg\"><img loading=\"lazy\" src=\"http:\/\/www.r2cpress.com.br\/v1\/wp-content\/uploads\/CAPA-R2CPRESS24.jpg\" alt=\"CAPA R2CPRESS\" width=\"500\" height=\"500\" class=\"aligncenter size-full wp-image-59242\" srcset=\"https:\/\/www.r2cpress.com.br\/v1\/wp-content\/uploads\/CAPA-R2CPRESS24.jpg 500w, https:\/\/www.r2cpress.com.br\/v1\/wp-content\/uploads\/CAPA-R2CPRESS24-150x150.jpg 150w, https:\/\/www.r2cpress.com.br\/v1\/wp-content\/uploads\/CAPA-R2CPRESS24-300x300.jpg 300w\" sizes=\"(max-width: 500px) 100vw, 500px\" \/><\/a><br \/>\n<strong>Fundaci capacita artistas e produtores para gest\u00e3o em cultura<\/strong><\/center><\/p>\n<p><!--more--><\/p>\n<p>***<\/p>\n<p><strong>Prefeito vai a solenidade de 95 anos da Capitania dos Portos<\/strong><\/p>\n<p>O Prefeito Jabes Ribeiro prestigiou a solenidade de comemora\u00e7\u00e3o do 95\u00b0 anivers\u00e1rio da Delegacia da Capitania dos Portos em Ilh\u00e9us, realizada na manh\u00e3 desta quarta-feira, 20, na sede do \u00f3rg\u00e3o, no Bairro Cidade Nova. O evento contou com a presen\u00e7a de autoridades civis e militares das esferas estadual e federal. Na oportunidade, o capit\u00e3o de corveta Alexsandre Teixeira, delegado da Capitania, fez uma apresenta\u00e7\u00e3o sobre a atua\u00e7\u00e3o da representa\u00e7\u00e3o do Minist\u00e9rio da Marinha na regi\u00e3o.<br \/>\nA \u00e1rea de jurisdi\u00e7\u00e3o da Delegacia da Capitania dos Portos, sediada em Ilh\u00e9us, abrange 66 munic\u00edpios da regi\u00e3o. Entre os principais servi\u00e7os prestados, destacam-se o ensino profissional mar\u00edtimo, a seguran\u00e7a do tr\u00e1fego aquavi\u00e1rio, a sinaliza\u00e7\u00e3o n\u00e1utica e a presta\u00e7\u00e3o de servi\u00e7os de atendimentos aos militares ativos e inativos e pensionistas.<br \/>\nO delegado Alexsandre Teixeira destacou a import\u00e2ncia dos servi\u00e7os realizados nos setores de fiscaliza\u00e7\u00e3o, orienta\u00e7\u00e3o e conscientiza\u00e7\u00e3o no mar. O projeto Amaz\u00f4nia Azul, que tenta alertar a sociedade sobre a import\u00e2ncia do mar do ponto de vista estrat\u00e9gico e econ\u00f4mico tamb\u00e9m foi apresentado durante a cerim\u00f4nia.<\/p>\n<p><strong>Fundaci capacita artistas e produtores para gest\u00e3o em cultura<\/strong><\/p>\n<p>Artistas, produtores e gestores culturais de Ilh\u00e9us iniciaram, nesta quarta-feira, 20, os cursos de Financiamento e de Gest\u00e3o da Cultura, cujo objetivo \u00e9 a capacita\u00e7\u00e3o de agentes na linha de empreendedores da economia criativa. Promovido pela Funda\u00e7\u00e3o Cultural de Ilh\u00e9us (Fundaci), o curso tem parceria com a Secretaria de Cultura do Estado da Bahia (Secult) e o Sebrae.<\/p>\n<p>As atividades ocorrem at\u00e9 o pr\u00f3ximo s\u00e1bado, 23, nos turnos matutino e vespertino, na Casa de Cultura Jorge Amado, no centro da cidade, ministrado pela instrutora de qualifica\u00e7\u00e3o da Secult, Rosa Villas Boas, e pela coordenadora do programa Qualicult da secretaria estadual, Lila Silva. Ser\u00e3o 40 horas de estudos te\u00f3ricos e t\u00e9cnicos sobre a elabora\u00e7\u00e3o de projetos na linha da cultura e informa\u00e7\u00f5es referente a editais de financiamento em n\u00edveis local, nacional e internacional.<\/p>\n<p>O presidente da Fundaci, Paulo Atto, observa que cursos de capacita\u00e7\u00e3o s\u00e3o importantes para a dinamiza\u00e7\u00e3o da cultura local, uma vez que os pr\u00f3prios artistas e produtores poder\u00e3o administrar seus empreendimentos. \u201cUma das principais diretrizes da nossa gest\u00e3o \u00e9 a qualifica\u00e7\u00e3o t\u00e9cnica dos gestores, artistas e produtores\u201d, atesta Atto.<\/p>\n<p>Do mesmo modo, para os gestores, iniciativas como esta colaboram para o aprimoramento e moderniza\u00e7\u00e3o da cultura local. \u201cA quest\u00e3o da qualifica\u00e7\u00e3o e formaliza\u00e7\u00e3o t\u00e9cnica tanto dos gestores quanto dos artistas leva ao fortalecimento da economia criativa e dinamiza a nossa produ\u00e7\u00e3o\u201d, afirma o professor e conselheiro municipal de cultura, Andr\u00e9 Rosa.<\/p>\n<p>&#8212;<br \/>\nSecretaria de Comunica\u00e7\u00e3o Social (Secom)<br \/>\nIlh\u00e9us \u2013 20.02.2013<br \/>\nFotos: Alfredo Filho<\/p>\n","protected":false},"excerpt":{"rendered":"<p>Prefeito vai a solenidade de 95 anos da Capitania dos Portos Fundaci capacita artistas e produtores para gest\u00e3o em cultura<\/p>\n","protected":false},"author":2,"featured_media":0,"comment_status":"open","ping_status":"open","sticky":false,"template":"","format":"standard","meta":{"_links_to":"","_links_to_target":""},"categories":[23],"tags":[],"_links":{"self":[{"href":"https:\/\/www.r2cpress.com.br\/v1\/wp-json\/wp\/v2\/posts\/59241"}],"collection":[{"href":"https:\/\/www.r2cpress.com.br\/v1\/wp-json\/wp\/v2\/posts"}],"about":[{"href":"https:\/\/www.r2cpress.com.br\/v1\/wp-json\/wp\/v2\/types\/post"}],"author":[{"embeddable":true,"href":"https:\/\/www.r2cpress.com.br\/v1\/wp-json\/wp\/v2\/users\/2"}],"replies":[{"embeddable":true,"href":"https:\/\/www.r2cpress.com.br\/v1\/wp-json\/wp\/v2\/comments?post=59241"}],"version-history":[{"count":4,"href":"https:\/\/www.r2cpress.com.br\/v1\/wp-json\/wp\/v2\/posts\/59241\/revisions"}],"predecessor-version":[{"id":59246,"href":"https:\/\/www.r2cpress.com.br\/v1\/wp-json\/wp\/v2\/posts\/59241\/revisions\/59246"}],"wp:attachment":[{"href":"https:\/\/www.r2cpress.com.br\/v1\/wp-json\/wp\/v2\/media?parent=59241"}],"wp:term":[{"taxonomy":"category","embeddable":true,"href":"https:\/\/www.r2cpress.com.br\/v1\/wp-json\/wp\/v2\/categories?post=59241"},{"taxonomy":"post_tag","embeddable":true,"href":"https:\/\/www.r2cpress.com.br\/v1\/wp-json\/wp\/v2\/tags?post=59241"}],"curies":[{"name":"wp","href":"https:\/\/api.w.org\/{rel}","templated":true}]}}