{"id":59255,"date":"2013-02-20T19:35:46","date_gmt":"2013-02-20T22:35:46","guid":{"rendered":"http:\/\/www.r2cpress.com.br\/v1\/?p=59255"},"modified":"2013-02-20T19:35:46","modified_gmt":"2013-02-20T22:35:46","slug":"ilheus-ganha-hospital-de-referencia","status":"publish","type":"post","link":"https:\/\/www.r2cpress.com.br\/v1\/2013\/02\/20\/ilheus-ganha-hospital-de-referencia\/","title":{"rendered":"ILH\u00c9US GANHA HOSPITAL DE REFER\u00caNCIA"},"content":{"rendered":"<h3 itemprop=\"name\"><strong><a href=\"http:\/\/3.bp.blogspot.com\/-hiO4aC1l82s\/USU2fDTIpgI\/AAAAAAAABBw\/FwsrQlkMNx8\/s1600\/DSCF2506.JPG\"><img loading=\"lazy\" class=\"aligncenter\" style=\"border: 0px none;\" alt=\"\" src=\"http:\/\/3.bp.blogspot.com\/-hiO4aC1l82s\/USU2fDTIpgI\/AAAAAAAABBw\/FwsrQlkMNx8\/s400\/DSCF2506.JPG\" width=\"400\" height=\"300\" border=\"0\" \/><\/a><\/strong><\/h3>\n<div dir=\"ltr\"><strong>\u00a0O prefeito Jabes Ribeiro recebeu nesta quarta-feira (20) um grupo de empres\u00e1rios que pretende implantar um hospital de refer\u00eancia em Ilh\u00e9us. A unidade, que inicialmente contar\u00e1 com 197 leitos, ser\u00e1 abrigada no pr\u00e9dio do antigo Hospital Santa Isabel, no bairro Cidade Nova.<\/strong><\/p>\n<div><strong>\u00a0<\/strong><\/div>\n<p><strong><a href=\"http:\/\/4.bp.blogspot.com\/-8ZsX_Nyv-0c\/USU1pSVe8yI\/AAAAAAAABBQ\/IGzwEcuc72g\/s1600\/DSCF2501.JPG\"><img loading=\"lazy\" class=\"aligncenter\" style=\"border: 0px none;\" alt=\"\" src=\"http:\/\/4.bp.blogspot.com\/-8ZsX_Nyv-0c\/USU1pSVe8yI\/AAAAAAAABBQ\/IGzwEcuc72g\/s400\/DSCF2501.JPG\" width=\"400\" height=\"300\" border=\"0\" \/><\/a><\/strong><\/p>\n<div><\/div>\n<h4><strong>A reuni\u00e3o contou tamb\u00e9m com a participa\u00e7\u00e3o do vice-prefeito, Cac\u00e1 Colch\u00f5es, e da Secret\u00e1ria de Sa\u00fade, Led\u00edvia Espinheira.<\/strong><\/h4>\n<div>\n<h4><strong>Para suportar a estrutura de \u00faltima gera\u00e7\u00e3o, o grupo empresarial pretende construir um anexo no pr\u00e9dio, aumentando a capacidade operacional.<\/strong><\/h4>\n<p><!--more--><\/p>\n<\/div>\n<div><strong><a href=\"http:\/\/2.bp.blogspot.com\/-Gor8dJKLZNk\/USU1us68T4I\/AAAAAAAABBg\/bzPV909rrbw\/s1600\/DSCF2502.JPG\"><img loading=\"lazy\" class=\"aligncenter\" style=\"border: 0px none;\" alt=\"\" src=\"http:\/\/2.bp.blogspot.com\/-Gor8dJKLZNk\/USU1us68T4I\/AAAAAAAABBg\/bzPV909rrbw\/s400\/DSCF2502.JPG\" width=\"400\" height=\"300\" border=\"0\" \/><\/a><\/strong><\/div>\n<h4><strong>O Hospital de Refer\u00eancia contar\u00e1 tamb\u00e9m com Banco de Sangue, atendimento pelo SUS,\u00a0plano\u00a0de sa\u00fade pr\u00f3prio e conv\u00eanios. Tamb\u00e9m de acordo com o site, as obras come\u00e7am em mar\u00e7o e a primeira etapa ser\u00e1 conclu\u00edda em julho deste ano.<\/strong><\/h4>\n<div><strong><a href=\"http:\/\/1.bp.blogspot.com\/-rg5DIX6w1gY\/USU1q6SPbqI\/AAAAAAAABBY\/240MpvA43Uc\/s1600\/DSCF2503.JPG\"><img loading=\"lazy\" class=\"aligncenter\" style=\"border: 0px none;\" alt=\"\" src=\"http:\/\/1.bp.blogspot.com\/-rg5DIX6w1gY\/USU1q6SPbqI\/AAAAAAAABBY\/240MpvA43Uc\/s400\/DSCF2503.JPG\" width=\"400\" height=\"300\" border=\"0\" \/><\/a><\/strong><\/div>\n<div><strong><img loading=\"lazy\" class=\"aligncenter\" alt=\"\" src=\"http:\/\/3.bp.blogspot.com\/-1Fh5Ef7b_2E\/USU2gphFsuI\/AAAAAAAABB4\/JKW46A-OaYE\/s400\/DSCF2504.JPG\" width=\"400\" height=\"300\" \/><\/strong><\/div>\n<h4><strong>Dr. Juarez, um dos integrantes do cons\u00f3rcio respons\u00e1vel pelo projeto, afirmou que a nova unidade de sa\u00fade atender\u00e1 regionalmente, al\u00e9m de dar suporte a outras unidades da cidade.<\/strong><\/h4>\n<div><strong>REPORTAGEM E FOTOS: COUTINHO NETO<\/strong><\/div>\n<p><strong> EDI\u00c7\u00c3O DE TEXTO: ANDREI SANSIL<\/strong><\/div>\n<div dir=\"ltr\"><\/div>\n<div dir=\"ltr\"><strong>NO BLOG S\u00d3 EM ILH\u00c9US<\/strong><\/div>\n<div dir=\"ltr\"><strong>http:\/\/soemilheus.blogspot.com.br\/2013\/02\/ilheus-ganha-hospital-de-referencia_20.html<\/strong><\/div>\n<div dir=\"ltr\"><\/div>\n","protected":false},"excerpt":{"rendered":"<p>\u00a0O prefeito Jabes Ribeiro recebeu nesta quarta-feira (20) um grupo de empres\u00e1rios que pretende implantar um hospital de refer\u00eancia em Ilh\u00e9us. A unidade, que inicialmente contar\u00e1 com 197 leitos, ser\u00e1 abrigada no pr\u00e9dio do antigo Hospital Santa Isabel, no bairro Cidade Nova. \u00a0 A reuni\u00e3o contou tamb\u00e9m com a participa\u00e7\u00e3o do vice-prefeito, Cac\u00e1 Colch\u00f5es, e [&hellip;]<\/p>\n","protected":false},"author":2,"featured_media":0,"comment_status":"open","ping_status":"open","sticky":false,"template":"","format":"standard","meta":{"_links_to":"","_links_to_target":""},"categories":[24],"tags":[],"_links":{"self":[{"href":"https:\/\/www.r2cpress.com.br\/v1\/wp-json\/wp\/v2\/posts\/59255"}],"collection":[{"href":"https:\/\/www.r2cpress.com.br\/v1\/wp-json\/wp\/v2\/posts"}],"about":[{"href":"https:\/\/www.r2cpress.com.br\/v1\/wp-json\/wp\/v2\/types\/post"}],"author":[{"embeddable":true,"href":"https:\/\/www.r2cpress.com.br\/v1\/wp-json\/wp\/v2\/users\/2"}],"replies":[{"embeddable":true,"href":"https:\/\/www.r2cpress.com.br\/v1\/wp-json\/wp\/v2\/comments?post=59255"}],"version-history":[{"count":4,"href":"https:\/\/www.r2cpress.com.br\/v1\/wp-json\/wp\/v2\/posts\/59255\/revisions"}],"predecessor-version":[{"id":59259,"href":"https:\/\/www.r2cpress.com.br\/v1\/wp-json\/wp\/v2\/posts\/59255\/revisions\/59259"}],"wp:attachment":[{"href":"https:\/\/www.r2cpress.com.br\/v1\/wp-json\/wp\/v2\/media?parent=59255"}],"wp:term":[{"taxonomy":"category","embeddable":true,"href":"https:\/\/www.r2cpress.com.br\/v1\/wp-json\/wp\/v2\/categories?post=59255"},{"taxonomy":"post_tag","embeddable":true,"href":"https:\/\/www.r2cpress.com.br\/v1\/wp-json\/wp\/v2\/tags?post=59255"}],"curies":[{"name":"wp","href":"https:\/\/api.w.org\/{rel}","templated":true}]}}