{"id":59260,"date":"2013-02-20T19:39:51","date_gmt":"2013-02-20T22:39:51","guid":{"rendered":"http:\/\/www.r2cpress.com.br\/v1\/?p=59260"},"modified":"2013-02-20T19:39:51","modified_gmt":"2013-02-20T22:39:51","slug":"assembleia-aprova-projeto-do-22o-seminario-de-marketing-da-bahia","status":"publish","type":"post","link":"https:\/\/www.r2cpress.com.br\/v1\/2013\/02\/20\/assembleia-aprova-projeto-do-22o-seminario-de-marketing-da-bahia\/","title":{"rendered":"Assembl\u00e9ia aprova projeto do 22\u00ba Semin\u00e1rio de Marketing da Bahia"},"content":{"rendered":"<div id=\"attachment_59261\" style=\"width: 220px\" class=\"wp-caption alignleft\"><a href=\"http:\/\/www.r2cpress.com.br\/v1\/wp-content\/uploads\/Presidente-Eduardo-Fontes.jpg\"><img aria-describedby=\"caption-attachment-59261\" loading=\"lazy\" class=\"size-full wp-image-59261\" alt=\"Presidente Eduardo Fontes\" src=\"http:\/\/www.r2cpress.com.br\/v1\/wp-content\/uploads\/Presidente-Eduardo-Fontes.jpg\" width=\"210\" height=\"313\" srcset=\"https:\/\/www.r2cpress.com.br\/v1\/wp-content\/uploads\/Presidente-Eduardo-Fontes.jpg 210w, https:\/\/www.r2cpress.com.br\/v1\/wp-content\/uploads\/Presidente-Eduardo-Fontes-201x300.jpg 201w\" sizes=\"(max-width: 210px) 100vw, 210px\" \/><\/a><p id=\"caption-attachment-59261\" class=\"wp-caption-text\">Presidente Eduardo Fontes<\/p><\/div>\n<p>Aconteceu na \u00faltima ter\u00e7a-feira, 19, no Tarik Plaza hotel, uma assembleia ordin\u00e1ria, com a presen\u00e7a da comiss\u00e3o organizadora do 22\u00ba Semin\u00e1rio de Marketing da Bahia &#8211; uma evolu\u00e7\u00e3o e nova dimens\u00e3o ao Semin\u00e1rio de Propaganda e Marketing do Sul da Bahia, para a avalia\u00e7\u00e3o do projeto geral e programa\u00e7\u00e3o de palestras que ser\u00e3o proferidas nos dias 18 a 20 de abril no audit\u00f3rio Paulo Souto da UESC.<\/p>\n<p>A reuni\u00e3o contou com presen\u00e7a de membros da Associa\u00e7\u00e3o Comercial e Empresarial de Itabuna (ACI), idealizadora e realizadora do evento, que este ano promove o Semin\u00e1rio em uma parceria com a MVU Eventos, do Grupo M21, que trar\u00e1 diversas inova\u00e7\u00f5es para assim consolid\u00e1-lo de vez como o maior evento de marketing do norte e nordeste do pa\u00eds.<\/p>\n<p>Ao final da apresenta\u00e7\u00e3o e da aprova\u00e7\u00e3o de todos, o m\u00e9dico e empres\u00e1rio Eduardo Fontes, presidente da Associa\u00e7\u00e3o assinou autorizou propostas para a capta\u00e7\u00e3o de recursos para o Semin\u00e1rio.<\/p>\n","protected":false},"excerpt":{"rendered":"<p>Aconteceu na \u00faltima ter\u00e7a-feira, 19, no Tarik Plaza hotel, uma assembleia ordin\u00e1ria, com a presen\u00e7a da comiss\u00e3o organizadora do 22\u00ba Semin\u00e1rio de Marketing da Bahia &#8211; uma evolu\u00e7\u00e3o e nova dimens\u00e3o ao Semin\u00e1rio de Propaganda e Marketing do Sul da Bahia, para a avalia\u00e7\u00e3o do projeto geral e programa\u00e7\u00e3o de palestras que ser\u00e3o proferidas nos [&hellip;]<\/p>\n","protected":false},"author":2,"featured_media":0,"comment_status":"open","ping_status":"open","sticky":false,"template":"","format":"standard","meta":{"_links_to":"","_links_to_target":""},"categories":[28],"tags":[],"_links":{"self":[{"href":"https:\/\/www.r2cpress.com.br\/v1\/wp-json\/wp\/v2\/posts\/59260"}],"collection":[{"href":"https:\/\/www.r2cpress.com.br\/v1\/wp-json\/wp\/v2\/posts"}],"about":[{"href":"https:\/\/www.r2cpress.com.br\/v1\/wp-json\/wp\/v2\/types\/post"}],"author":[{"embeddable":true,"href":"https:\/\/www.r2cpress.com.br\/v1\/wp-json\/wp\/v2\/users\/2"}],"replies":[{"embeddable":true,"href":"https:\/\/www.r2cpress.com.br\/v1\/wp-json\/wp\/v2\/comments?post=59260"}],"version-history":[{"count":3,"href":"https:\/\/www.r2cpress.com.br\/v1\/wp-json\/wp\/v2\/posts\/59260\/revisions"}],"predecessor-version":[{"id":59264,"href":"https:\/\/www.r2cpress.com.br\/v1\/wp-json\/wp\/v2\/posts\/59260\/revisions\/59264"}],"wp:attachment":[{"href":"https:\/\/www.r2cpress.com.br\/v1\/wp-json\/wp\/v2\/media?parent=59260"}],"wp:term":[{"taxonomy":"category","embeddable":true,"href":"https:\/\/www.r2cpress.com.br\/v1\/wp-json\/wp\/v2\/categories?post=59260"},{"taxonomy":"post_tag","embeddable":true,"href":"https:\/\/www.r2cpress.com.br\/v1\/wp-json\/wp\/v2\/tags?post=59260"}],"curies":[{"name":"wp","href":"https:\/\/api.w.org\/{rel}","templated":true}]}}