{"id":59291,"date":"2013-02-20T21:07:17","date_gmt":"2013-02-21T00:07:17","guid":{"rendered":"http:\/\/www.r2cpress.com.br\/v1\/?p=59291"},"modified":"2013-02-20T21:07:17","modified_gmt":"2013-02-21T00:07:17","slug":"carnavelhinhos-abrigo-sao-vicente","status":"publish","type":"post","link":"https:\/\/www.r2cpress.com.br\/v1\/2013\/02\/20\/carnavelhinhos-abrigo-sao-vicente\/","title":{"rendered":"Carnavelhinhos &#8211; Abrigo S\u00e3o Vicente"},"content":{"rendered":"<p>A Associa\u00e7\u00e3o dos Pr\u00e9-Idosos do Sul da Bahia sob a coordena\u00e7\u00e3o da Sra. Maria Jos\u00e9 Rodrigues dos Santos  patrocinar\u00e1 <strong> O CARNAVELHINHOS &#8211; 2013<\/strong>,  no Abrigo S\u00e3o Vicente de Paulo de Ilh\u00e9us, no dia 28 de fevereiro, das 14:00 \u00e0s 17:00 horas no sal\u00e3o do Abrigo, onde nossos idosos estar\u00e3o relembrando tempo idos, alegres, festivos, animados.<br \/>\nParticipa\u00e7\u00e3o especial da Natura com voc\u00ea  premiando a institui\u00e7\u00e3o com cestas b\u00e1sicas, Lions Clube Norte,  nossos idosos , funcion\u00e1rios,  diretoria e do secret\u00e1rio de Assist\u00eancia Social do Munic\u00edpio \u2013 Sr. Jamil Ock\u00e9.  O convite estende-se a todos os volunt\u00e1rios, imprensa e empresas diversificadas, enfim toda comunidade ilheense.<\/p>\n<p>Agradecemos em nome dos idosos e toda  diretoria a iniciativa de humanidade e carinho para com cidad\u00e3os  que muito j\u00e1 fizeram em prol do nosso pa\u00eds.<\/p>\n<p>Marileide Souza<br \/>\nPresidente<\/p>\n","protected":false},"excerpt":{"rendered":"<p>A Associa\u00e7\u00e3o dos Pr\u00e9-Idosos do Sul da Bahia sob a coordena\u00e7\u00e3o da Sra. Maria Jos\u00e9 Rodrigues dos Santos patrocinar\u00e1 O CARNAVELHINHOS &#8211; 2013, no Abrigo S\u00e3o Vicente de Paulo de Ilh\u00e9us, no dia 28 de fevereiro, das 14:00 \u00e0s 17:00 horas no sal\u00e3o do Abrigo, onde nossos idosos estar\u00e3o relembrando tempo idos, alegres, festivos, animados. [&hellip;]<\/p>\n","protected":false},"author":2,"featured_media":0,"comment_status":"open","ping_status":"open","sticky":false,"template":"","format":"standard","meta":{"_links_to":"","_links_to_target":""},"categories":[28],"tags":[],"_links":{"self":[{"href":"https:\/\/www.r2cpress.com.br\/v1\/wp-json\/wp\/v2\/posts\/59291"}],"collection":[{"href":"https:\/\/www.r2cpress.com.br\/v1\/wp-json\/wp\/v2\/posts"}],"about":[{"href":"https:\/\/www.r2cpress.com.br\/v1\/wp-json\/wp\/v2\/types\/post"}],"author":[{"embeddable":true,"href":"https:\/\/www.r2cpress.com.br\/v1\/wp-json\/wp\/v2\/users\/2"}],"replies":[{"embeddable":true,"href":"https:\/\/www.r2cpress.com.br\/v1\/wp-json\/wp\/v2\/comments?post=59291"}],"version-history":[{"count":2,"href":"https:\/\/www.r2cpress.com.br\/v1\/wp-json\/wp\/v2\/posts\/59291\/revisions"}],"predecessor-version":[{"id":59293,"href":"https:\/\/www.r2cpress.com.br\/v1\/wp-json\/wp\/v2\/posts\/59291\/revisions\/59293"}],"wp:attachment":[{"href":"https:\/\/www.r2cpress.com.br\/v1\/wp-json\/wp\/v2\/media?parent=59291"}],"wp:term":[{"taxonomy":"category","embeddable":true,"href":"https:\/\/www.r2cpress.com.br\/v1\/wp-json\/wp\/v2\/categories?post=59291"},{"taxonomy":"post_tag","embeddable":true,"href":"https:\/\/www.r2cpress.com.br\/v1\/wp-json\/wp\/v2\/tags?post=59291"}],"curies":[{"name":"wp","href":"https:\/\/api.w.org\/{rel}","templated":true}]}}