{"id":59304,"date":"2013-02-21T12:52:47","date_gmt":"2013-02-21T15:52:47","guid":{"rendered":"http:\/\/www.r2cpress.com.br\/v1\/?p=59304"},"modified":"2013-02-21T12:52:47","modified_gmt":"2013-02-21T15:52:47","slug":"ilheus-maramata-incentiva-educacao-socioambiental-com-projeto-meninos-guerreiros","status":"publish","type":"post","link":"https:\/\/www.r2cpress.com.br\/v1\/2013\/02\/21\/ilheus-maramata-incentiva-educacao-socioambiental-com-projeto-meninos-guerreiros\/","title":{"rendered":"ILH\u00c9US \/ Maramata incentiva educa\u00e7\u00e3o socioambiental com Projeto Meninos Guerreiros"},"content":{"rendered":"<p>O presidente da Funda\u00e7\u00e3o Universidade Livre do Mar e da Mata (Maramata), Frederico Andrade, reuniu crian\u00e7as e adolescentes inscritas no Projeto Meninos Guerreiros na tarde de quarta-feira, 20, para dar boas vindas e apresentar os cursos que ser\u00e3o ministrados a partir de mar\u00e7o. O projeto inclui cursos de artesanato, pintura, capoeira e produ\u00e7\u00e3o de berimbau, compostagem, produ\u00e7\u00e3o org\u00e2nica de plantas medicinais, paisagismo e jardinagem, no\u00e7\u00e3o de ecossistema, produ\u00e7\u00e3o de sab\u00e3o ecol\u00f3gico para estudantes entre 8 e 15 anos, com aulas ministradas por volunt\u00e1rios, nos turnos matutino e vespertino.<br \/>\n<div id=\"attachment_59305\" style=\"width: 560px\" class=\"wp-caption aligncenter\"><a href=\"http:\/\/www.r2cpress.com.br\/v1\/wp-content\/uploads\/Presidente-da-Maramata-Frederico-Andrade-junto-com-as-crian\u00e7as-e-adolescentes-do-Projeto-Meninos-Guerreiros-Foto-Alfredo-Filho-Secom-2.jpg\"><img aria-describedby=\"caption-attachment-59305\" loading=\"lazy\" src=\"http:\/\/www.r2cpress.com.br\/v1\/wp-content\/uploads\/Presidente-da-Maramata-Frederico-Andrade-junto-com-as-crian\u00e7as-e-adolescentes-do-Projeto-Meninos-Guerreiros-Foto-Alfredo-Filho-Secom-2.jpg\" alt=\"Presidente da Maramata, Frederico Andrade, junto com as crian\u00e7as e adolescentes do Projeto Meninos Guerreiros - Foto Alfredo Filho - Secom.\" width=\"550\" height=\"474\" class=\"size-full wp-image-59305\" srcset=\"https:\/\/www.r2cpress.com.br\/v1\/wp-content\/uploads\/Presidente-da-Maramata-Frederico-Andrade-junto-com-as-crian\u00e7as-e-adolescentes-do-Projeto-Meninos-Guerreiros-Foto-Alfredo-Filho-Secom-2.jpg 550w, https:\/\/www.r2cpress.com.br\/v1\/wp-content\/uploads\/Presidente-da-Maramata-Frederico-Andrade-junto-com-as-crian\u00e7as-e-adolescentes-do-Projeto-Meninos-Guerreiros-Foto-Alfredo-Filho-Secom-2-300x258.jpg 300w\" sizes=\"(max-width: 550px) 100vw, 550px\" \/><\/a><p id=\"caption-attachment-59305\" class=\"wp-caption-text\">Presidente da Maramata, Frederico Andrade, junto com as crian\u00e7as e adolescentes do Projeto Meninos Guerreiros &#8211; Foto Alfredo Filho &#8211; Secom.<\/p><\/div><br \/>\nResultado de uma parceria entre a Maramata e pessoas envolvidas nas causas culturais e sociais, o Projeto Meninos Guerreiros tem como objetivo estimular a inclus\u00e3o social e promover o aprendizado cultural e socioambiental das crian\u00e7as e adolescentes atendidas. As inscri\u00e7\u00f5es para os cursos foram iniciadas no \u00faltimo dia 18, e seguem 28 de fevereiro. At\u00e9 o momento, mais de 40 estudantes j\u00e1 est\u00e3o cadastrados.<br \/>\n<!--more--><br \/>\nInicialmente, o projeto ir\u00e1 acolher as crian\u00e7as da comunidade do entorno da Maramata, localizada no bairro Nova Bras\u00edlia, zona sul da Ilh\u00e9us. A meta do presidente Frederico Andrade \u00e9 estender os cursos para diversos bairros da cidade, apoiado na filosofia \u201ca\u00e7\u00e3o local, vis\u00e3o global\u201d. Ele enfatiza que a meta \u00e9 perpetuar o conhecimento transmitido nos cursos, atrav\u00e9s dos \u201cmeninos guerreiros\u201d, que ir\u00e3o se apresentar em eventos sociais da cidade.<\/p>\n<p>O presidente ressalta, ainda, a import\u00e2ncia da participa\u00e7\u00e3o ativa dos pais ou respons\u00e1veis para o desenvolvimento das crian\u00e7as e adolescentes envolvidos. \u201cVamos buscar conhecer cada fam\u00edlia e torn\u00e1-la coparticipante. As crian\u00e7as transmitem em casa os valores que aprenderam no projeto, por isso \u00e9 importante que em casa esses valores sejam reafirmados\u201d.<\/p>\n<p>Hist\u00f3rico \u2013 Criada em 12 de junho de 2000, durante a segunda gest\u00e3o do prefeito Jabes Ribeiro, a Maramata tornou-se o principal \u00f3rg\u00e3o de fomento a pol\u00edticas de educa\u00e7\u00e3o com foco na consci\u00eancia ambiental em Ilh\u00e9us. O Projeto Meninos Guerreiros funcionou, por muitos anos, como importante elo entre a administra\u00e7\u00e3o municipal e comunidade, com resultados positivos tanto para as pessoas quanto para o meio ambiente, at\u00e9 ser interrompido pela gest\u00e3o passada.<\/p>\n<p>&#8212;<br \/>\nSecretaria de Comunica\u00e7\u00e3o Social (Secom)<br \/>\nIlh\u00e9us \u2013 21.02.2013<\/p>\n","protected":false},"excerpt":{"rendered":"<p>O presidente da Funda\u00e7\u00e3o Universidade Livre do Mar e da Mata (Maramata), Frederico Andrade, reuniu crian\u00e7as e adolescentes inscritas no Projeto Meninos Guerreiros na tarde de quarta-feira, 20, para dar boas vindas e apresentar os cursos que ser\u00e3o ministrados a partir de mar\u00e7o. O projeto inclui cursos de artesanato, pintura, capoeira e produ\u00e7\u00e3o de berimbau, [&hellip;]<\/p>\n","protected":false},"author":2,"featured_media":0,"comment_status":"open","ping_status":"open","sticky":false,"template":"","format":"standard","meta":{"_links_to":"","_links_to_target":""},"categories":[23],"tags":[],"_links":{"self":[{"href":"https:\/\/www.r2cpress.com.br\/v1\/wp-json\/wp\/v2\/posts\/59304"}],"collection":[{"href":"https:\/\/www.r2cpress.com.br\/v1\/wp-json\/wp\/v2\/posts"}],"about":[{"href":"https:\/\/www.r2cpress.com.br\/v1\/wp-json\/wp\/v2\/types\/post"}],"author":[{"embeddable":true,"href":"https:\/\/www.r2cpress.com.br\/v1\/wp-json\/wp\/v2\/users\/2"}],"replies":[{"embeddable":true,"href":"https:\/\/www.r2cpress.com.br\/v1\/wp-json\/wp\/v2\/comments?post=59304"}],"version-history":[{"count":2,"href":"https:\/\/www.r2cpress.com.br\/v1\/wp-json\/wp\/v2\/posts\/59304\/revisions"}],"predecessor-version":[{"id":59307,"href":"https:\/\/www.r2cpress.com.br\/v1\/wp-json\/wp\/v2\/posts\/59304\/revisions\/59307"}],"wp:attachment":[{"href":"https:\/\/www.r2cpress.com.br\/v1\/wp-json\/wp\/v2\/media?parent=59304"}],"wp:term":[{"taxonomy":"category","embeddable":true,"href":"https:\/\/www.r2cpress.com.br\/v1\/wp-json\/wp\/v2\/categories?post=59304"},{"taxonomy":"post_tag","embeddable":true,"href":"https:\/\/www.r2cpress.com.br\/v1\/wp-json\/wp\/v2\/tags?post=59304"}],"curies":[{"name":"wp","href":"https:\/\/api.w.org\/{rel}","templated":true}]}}