{"id":5931,"date":"2011-01-06T20:54:05","date_gmt":"2011-01-06T23:54:05","guid":{"rendered":"http:\/\/www.r2cpress.com.br\/v1\/?p=5931"},"modified":"2011-01-06T20:54:05","modified_gmt":"2011-01-06T23:54:05","slug":"pecador-tem-jeito","status":"publish","type":"post","link":"https:\/\/www.r2cpress.com.br\/v1\/2011\/01\/06\/pecador-tem-jeito\/","title":{"rendered":"Pecador tem jeito"},"content":{"rendered":"<p><a href=\"http:\/\/www.r2cpress.com.br\/v1\/wp-content\/uploads\/Maria-Regina-Canhos-Vicentin_cart\u00e3o.jpg\"><img loading=\"lazy\" src=\"http:\/\/www.r2cpress.com.br\/v1\/wp-content\/uploads\/Maria-Regina-Canhos-Vicentin_cart\u00e3o.jpg\" alt=\"\" title=\"Maria Regina Canhos Vicentin_cart\u00e3o\" width=\"300\" height=\"117\" class=\"alignleft size-full wp-image-5932\" \/><\/a>Janeiro \u00e9 um m\u00eas sensacional para quem gosta de manga. Que del\u00edcia! Os p\u00e9s est\u00e3o carregadinhos daquela fruta amarela, alaranjada, avermelhada e at\u00e9 verde. Uma alegria visual e ao paladar. Tem gente que faz malabarismos para adquirir algumas mangas. As mais bonitas quase sempre est\u00e3o l\u00e1 em cima, ent\u00e3o, muitas vezes \u00e9 preciso subir no p\u00e9 ou exercitar os bra\u00e7os com um pau comprido. Depois, \u00e9 s\u00f3 saborear aquela fruta gostosa e suculenta. \u00c0s vezes, pode acontecer tamb\u00e9m dela estar bichada, principalmente se n\u00e3o pulverizaram produtos espec\u00edficos para proteg\u00ea-la. Algumas pessoas simplesmente descartam as mangas que est\u00e3o com furinhos, pressentindo que h\u00e1 bichos l\u00e1 dentro. Eu n\u00e3o fa\u00e7o isso n\u00e3o, pois h\u00e1 mangas bichadas extremamente doces. Basta tirar a parte estragada e aproveitar a parte boa. Talvez voc\u00ea ache estranho, mas as pessoas se parecem com as mangas. E algumas s\u00e3o bem bichadas! Mesmo assim, n\u00e3o me desfa\u00e7o delas. Por for\u00e7a da minha profiss\u00e3o, estou acostumada a trabalhar com as partes estragadas das pessoas e posso assegurar que existe do\u00e7ura nas partes boas.<\/p>\n<p> <!--more--><\/p>\n<p>N\u00e3o se pode tomar o todo pela parte. Existem \u00e1reas verdadeiramente estragadas em nosso ser. Os bichos da inveja, m\u00e1goa, rancor e falta de perd\u00e3o trabalham sem cessar para amargar o que temos de bom. Quando o pecado acontece, normalmente \u00e9 porque a parte bichada est\u00e1 tomando um espa\u00e7o maior que a boa. Precisamos trabalhar sobre as feridas sem medo, identificando a \u00e1rea infectada e realizando a necess\u00e1ria assepsia. O pecador tem jeito, sim. Basta que entregue sua vida machucada nas m\u00e3os do Senhor Jesus. O Mestre tem uma equipe treinada que trabalha para auxiliar o pr\u00f3ximo. S\u00e3o farmac\u00eauticos, enfermeiros, m\u00e9dicos, cirurgi\u00f5es, psic\u00f3logos, padres, pastores, conselheiros. Na verdade, os t\u00edtulos importam pouco, pois \u00e9 o pr\u00f3prio Deus quem capacita seus oper\u00e1rios para o aux\u00edlio m\u00fatuo. Ainda assim, \u00e9 preciso haver disposi\u00e7\u00e3o para abrir o cora\u00e7\u00e3o e aceitar Jesus Cristo como Senhor e Salvador, repudiando o pecado.<\/p>\n<p>E o que \u00e9 o pecado? \u00c9 tudo aquilo que afasta, divide, desune, vulnerabiliza o ser humano fazendo com que ele creia n\u00e3o ser amado, nem imagem e semelhan\u00e7a de Deus. O pecador est\u00e1 bichado, est\u00e1 doente; no entanto, continua sendo saboroso ao paladar do Criador, pois Ele sabe extirpar a parte estragada e aproveitar a parte boa. O Pai confia at\u00e9 o \u00faltimo momento, e s\u00f3 n\u00e3o cura aquele que n\u00e3o deseja ser curado, respeitando o nosso livre-arb\u00edtrio. Mas, para qu\u00ea permanecer doente quando se pode desfrutar o bem-estar, livre do sofrimento e das amarras da dor, da culpa e do desamor?<\/p>\n<p>Que neste ano rec\u00e9m-iniciado possamos experimentar a extens\u00e3o do amor de Deus em n\u00f3s, melhorando nossa autoestima, curando as partes doentes e estragadas. Exercitemos a cren\u00e7a no amor divino por n\u00f3s e pela cria\u00e7\u00e3o. Meditemos sobre a crucifica\u00e7\u00e3o de Jesus e analisemos o valor dessa entrega com o intuito de anistiar os pecadores. J\u00e1 n\u00e3o h\u00e1 sentido em persistir no erro se Cristo lavou nossos pecados com seu pr\u00f3prio sangue. Deixemos que as partes boas se sobressaiam. Vamos extrair toda a do\u00e7ura que existe em n\u00f3s.<\/p>\n<p>&#8212;<br \/>\nMaria Regina Canhos Vicentin<br \/>\ncontato@mariaregina.com.br<\/p>\n","protected":false},"excerpt":{"rendered":"<p>Janeiro \u00e9 um m\u00eas sensacional para quem gosta de manga. Que del\u00edcia! Os p\u00e9s est\u00e3o carregadinhos daquela fruta amarela, alaranjada, avermelhada e at\u00e9 verde. Uma alegria visual e ao paladar. Tem gente que faz malabarismos para adquirir algumas mangas. As mais bonitas quase sempre est\u00e3o l\u00e1 em cima, ent\u00e3o, muitas vezes \u00e9 preciso subir no [&hellip;]<\/p>\n","protected":false},"author":2,"featured_media":0,"comment_status":"open","ping_status":"open","sticky":false,"template":"","format":"standard","meta":{"_links_to":"","_links_to_target":""},"categories":[12],"tags":[],"_links":{"self":[{"href":"https:\/\/www.r2cpress.com.br\/v1\/wp-json\/wp\/v2\/posts\/5931"}],"collection":[{"href":"https:\/\/www.r2cpress.com.br\/v1\/wp-json\/wp\/v2\/posts"}],"about":[{"href":"https:\/\/www.r2cpress.com.br\/v1\/wp-json\/wp\/v2\/types\/post"}],"author":[{"embeddable":true,"href":"https:\/\/www.r2cpress.com.br\/v1\/wp-json\/wp\/v2\/users\/2"}],"replies":[{"embeddable":true,"href":"https:\/\/www.r2cpress.com.br\/v1\/wp-json\/wp\/v2\/comments?post=5931"}],"version-history":[{"count":2,"href":"https:\/\/www.r2cpress.com.br\/v1\/wp-json\/wp\/v2\/posts\/5931\/revisions"}],"predecessor-version":[{"id":5934,"href":"https:\/\/www.r2cpress.com.br\/v1\/wp-json\/wp\/v2\/posts\/5931\/revisions\/5934"}],"wp:attachment":[{"href":"https:\/\/www.r2cpress.com.br\/v1\/wp-json\/wp\/v2\/media?parent=5931"}],"wp:term":[{"taxonomy":"category","embeddable":true,"href":"https:\/\/www.r2cpress.com.br\/v1\/wp-json\/wp\/v2\/categories?post=5931"},{"taxonomy":"post_tag","embeddable":true,"href":"https:\/\/www.r2cpress.com.br\/v1\/wp-json\/wp\/v2\/tags?post=5931"}],"curies":[{"name":"wp","href":"https:\/\/api.w.org\/{rel}","templated":true}]}}