{"id":59327,"date":"2013-02-21T19:13:50","date_gmt":"2013-02-21T22:13:50","guid":{"rendered":"http:\/\/www.r2cpress.com.br\/v1\/?p=59327"},"modified":"2013-02-21T19:13:50","modified_gmt":"2013-02-21T22:13:50","slug":"prefeitura-de-ilheus-11","status":"publish","type":"post","link":"https:\/\/www.r2cpress.com.br\/v1\/2013\/02\/21\/prefeitura-de-ilheus-11\/","title":{"rendered":"Prefeitura de Ilh\u00e9us"},"content":{"rendered":"<p><center><a href=\"http:\/\/www.r2cpress.com.br\/v1\/wp-content\/uploads\/CAPA-R2CPRESS26.jpg\"><img loading=\"lazy\" src=\"http:\/\/www.r2cpress.com.br\/v1\/wp-content\/uploads\/CAPA-R2CPRESS26.jpg\" alt=\"CAPA R2CPRESS\" width=\"500\" height=\"500\" class=\"aligncenter size-full wp-image-59328\" srcset=\"https:\/\/www.r2cpress.com.br\/v1\/wp-content\/uploads\/CAPA-R2CPRESS26.jpg 500w, https:\/\/www.r2cpress.com.br\/v1\/wp-content\/uploads\/CAPA-R2CPRESS26-150x150.jpg 150w, https:\/\/www.r2cpress.com.br\/v1\/wp-content\/uploads\/CAPA-R2CPRESS26-300x300.jpg 300w\" sizes=\"(max-width: 500px) 100vw, 500px\" \/><\/a><br \/>\n<strong>Deputado garante apoio a Jabes para reorganizar Ilh\u00e9us<br \/>\nJornada pedag\u00f3gica discutiu evas\u00e3o escolar e melhoria do ensino-aprendizagem<br \/>\nPrefeitura vai modificar tr\u00e2nsito na Avenida Ubaitaba nos finais de semana<br \/>\nSecretaria reativa mais tr\u00eas postos de sa\u00fade em Ilh\u00e9us<\/strong><\/center><\/p>\n<p><!--more--><\/p>\n<p>***<\/p>\n<p><strong>Deputado garante apoio a Jabes para reorganizar Ilh\u00e9us<\/strong><\/p>\n<p>O prefeito Jabes Ribeiro, acompanhado do vice e secret\u00e1rio da Ind\u00fastria e Com\u00e9rcio, Carlos Machado (Cac\u00e1), recebeu na tarde desta quinta-feira, 21, em seu gabinete, no Pal\u00e1cio Paranagu\u00e1, a visita do deputado estadual Pedro Tavares (PMDB). Durante o encontro, os gestores conversaram com o parlamentar sobre a dif\u00edcil situa\u00e7\u00e3o econ\u00f4mica do munic\u00edpio deixada pela gest\u00e3o passada, pontuando os entraves econ\u00f4micos e administrativos encontrados. Na ocasi\u00e3o, o deputado declarou apoio ao prefeito e ao vice para colaborar, no exerc\u00edcio do seu mandato, com a reestrutura\u00e7\u00e3o da cidade.<\/p>\n<p><strong>Jornada pedag\u00f3gica discutiu evas\u00e3o escolar e melhoria do ensino-aprendizagem<\/strong><\/p>\n<p>O reordenamento da rede de ensino e o est\u00edmulo ao senso de responsabiliza\u00e7\u00e3o coletiva foram t\u00f3picos priorit\u00e1rios que dominaram a Jornada Pedag\u00f3gica 2013, segundo informou a coordenadora pedag\u00f3gica da Secretaria Municipal de Educa\u00e7\u00e3o de Ilh\u00e9us, Ana Ang\u00e9lica Serafim. O evento, que ocorreu entre os \u00faltimos dias 18 e 20, teve o objetivo de delimitar a\u00e7\u00f5es como o planejamento do ano letivo da rede municipal, o fortalecimento da rela\u00e7\u00e3o do professor na sua unidade de ensino, al\u00e9m de estabelecer metas para reduzir a evas\u00e3o escolar e melhorar o ensino-aprendizagem.<br \/>\n\u201cO encontro atingiu pontos positivos, com a participa\u00e7\u00e3o dos profissionais da educa\u00e7\u00e3o e o bom aproveitamento das discuss\u00f5es no evento\u201d, destacou Ana serafim. A jornada focou quest\u00f5es relacionadas \u00e0 aprendizagem, envolvendo a intera\u00e7\u00e3o entre o pedagogo e as fam\u00edlias, principalmente, a boa rela\u00e7\u00e3o entre pais e escola, fator importante para o desenvolvimento cognitivo dos alunos. Na abertura do evento, realizado no audit\u00f3rio da Faculdade de Ilh\u00e9us, uma palestra foi proferida pela educadora Ad\u00e9lia Melo, uma das mais experientes da cidade.<br \/>\nIn\u00edcio das aulas &#8211; Para a titular da Seduc, professora Marl\u00facia Rocha, a jornada foi um momento positivo para a organiza\u00e7\u00e3o das atividades do ano letivo, atingindo o plano de a\u00e7\u00e3o do atual governo municipal, focado na gest\u00e3o escolar com otimiza\u00e7\u00e3o dos resultados de aprendizagem.  A secret\u00e1ria informou que nesta quinta-feira, 21, gestores e professores do munic\u00edpio receberam os estudantes no Instituto Municipal de Ensino (IME), em um ato simb\u00f3lico, dando in\u00edcio ao ano letivo de 2013.<br \/>\nMarl\u00facia Rocha ressalta, no entanto, que algumas escolas iniciaram as atividades letivas nesta quinta-feira,  e que outras, ainda em fase de organiza\u00e7\u00e3o, come\u00e7ar\u00e3o as aulas na pr\u00f3xima segunda-feira, 24.<\/p>\n<p><strong>Prefeitura vai modificar tr\u00e2nsito na Avenida Ubaitaba nos finais de semana<\/strong><\/p>\n<p>Considerada uma das mais importantes vias de Ilh\u00e9us, a Avenida Ubaitaba ter\u00e1 o tr\u00e2nsito modificado nos finais de semana, a partir do pr\u00f3ximo s\u00e1bado, 3 de mar\u00e7o. A Superintend\u00eancia de Transporte e Tr\u00e2nsito (Sutran) anunciou que a trajet\u00f3ria de ve\u00edculos ir\u00e1 fluir apenas em m\u00e3o \u00fanica, no sentido Parque Infantil-Avenida Itabuna, no s\u00e1bado das 7 \u00e0s 17 horas e domingo das 7 \u00e0s 13 horas.<br \/>\nO objetivo da modifica\u00e7\u00e3o \u00e9 melhorar o intenso fluxo de ve\u00edculos e pedestres na Avenida Ubaitaba. Agentes de tr\u00e2nsito estar\u00e3o presentes no local para evitar excesso de velocidade e outras infra\u00e7\u00f5es.<br \/>\nSegundo o superintendente Val\u00e9rio Bomfim, a a\u00e7\u00e3o faz parte da Opera\u00e7\u00e3o M\u00e3o \u00danica, que est\u00e1 em fase de teste e se estender\u00e1 para outras \u00e1reas da cidade.<\/p>\n<p><strong>Secretaria reativa mais tr\u00eas postos de sa\u00fade em Ilh\u00e9us<\/strong><\/p>\n<p>Com o objetivo de reestruturar a rede de aten\u00e7\u00e3o b\u00e1sica, a Secretaria de Sa\u00fade de Ilh\u00e9us anunciou a reativa\u00e7\u00e3o de mais tr\u00eas postos de sa\u00fade no munic\u00edpio. Al\u00e9m das unidades da Urbis, Centro Social Urbano, Sarah Kubitscheky e do Programa de Sa\u00fade da Fam\u00edlia do Nelson Costa, que j\u00e1 est\u00e3o em funcionamento, a secret\u00e1ria Led\u00edvia Espinheira confirmou o rein\u00edcio do atendimento m\u00e9dico nos postos da Avenida Princesa Isabel, Almiro Vinhais, e dos bairros de S\u00e3o Miguel e Iguape.<br \/>\nSegundo a secret\u00e1ria, a equipe t\u00e9cnica est\u00e1 trabalhando para promover a amplia\u00e7\u00e3o do atendimento \u00e0 popula\u00e7\u00e3o, fazendo remanejamento de pessoal administrativo e especializado bem como a log\u00edstica de dispensa de medicamentos nos postos onde h\u00e1 farm\u00e1cias. No posto do S\u00e3o Miguel, o atendimento m\u00e9dico ser\u00e1 prestado a partir da pr\u00f3xima semana, \u00e0s ter\u00e7as e quintas-feiras, sendo que o servi\u00e7o de enfermagem e imuniza\u00e7\u00e3o funcionar\u00e1 diariamente. No posto do Iguape, haver\u00e1 atendimento m\u00e9dico cl\u00ednico e pedi\u00e1trico, al\u00e9m de atendimento de enfermagem e distribui\u00e7\u00e3o de medicamentos.<br \/>\nJ\u00e1 o posto de sa\u00fade Almiro Vinhais, funcionar\u00e1 das 7 \u00e0s 17 horas, com servi\u00e7os de enfermagem, imuniza\u00e7\u00e3o, medicamentos e atendimento m\u00e9dico em cl\u00ednica geral e ginecologia. No Centro de Sa\u00fade Avan\u00e7ado da Zona Sul, na Urbis, o atendimento m\u00e9dico disponibilizado ser\u00e1 nas \u00e1reas de ginecologia e pediatria. No posto Sarah Kubistscheky, no Malhado, h\u00e1 consultas para cl\u00ednica geral e ginecologia, e no Centro Social Urbano, atendimento de cl\u00ednica geral.<\/p>\n<p>&#8212;<br \/>\nSecretaria de Comunica\u00e7\u00e3o Social (Secom)<br \/>\nIlh\u00e9us \u2013 21.02.2013<br \/>\nFotos: Gidelzo Silva, Roberto Santos e Alfredo Filho.<\/p>\n","protected":false},"excerpt":{"rendered":"<p>Deputado garante apoio a Jabes para reorganizar Ilh\u00e9us Jornada pedag\u00f3gica discutiu evas\u00e3o escolar e melhoria do ensino-aprendizagem Prefeitura vai modificar tr\u00e2nsito na Avenida Ubaitaba nos finais de semana Secretaria reativa mais tr\u00eas postos de sa\u00fade em Ilh\u00e9us<\/p>\n","protected":false},"author":2,"featured_media":0,"comment_status":"open","ping_status":"open","sticky":false,"template":"","format":"standard","meta":{"_links_to":"","_links_to_target":""},"categories":[23],"tags":[],"_links":{"self":[{"href":"https:\/\/www.r2cpress.com.br\/v1\/wp-json\/wp\/v2\/posts\/59327"}],"collection":[{"href":"https:\/\/www.r2cpress.com.br\/v1\/wp-json\/wp\/v2\/posts"}],"about":[{"href":"https:\/\/www.r2cpress.com.br\/v1\/wp-json\/wp\/v2\/types\/post"}],"author":[{"embeddable":true,"href":"https:\/\/www.r2cpress.com.br\/v1\/wp-json\/wp\/v2\/users\/2"}],"replies":[{"embeddable":true,"href":"https:\/\/www.r2cpress.com.br\/v1\/wp-json\/wp\/v2\/comments?post=59327"}],"version-history":[{"count":2,"href":"https:\/\/www.r2cpress.com.br\/v1\/wp-json\/wp\/v2\/posts\/59327\/revisions"}],"predecessor-version":[{"id":59330,"href":"https:\/\/www.r2cpress.com.br\/v1\/wp-json\/wp\/v2\/posts\/59327\/revisions\/59330"}],"wp:attachment":[{"href":"https:\/\/www.r2cpress.com.br\/v1\/wp-json\/wp\/v2\/media?parent=59327"}],"wp:term":[{"taxonomy":"category","embeddable":true,"href":"https:\/\/www.r2cpress.com.br\/v1\/wp-json\/wp\/v2\/categories?post=59327"},{"taxonomy":"post_tag","embeddable":true,"href":"https:\/\/www.r2cpress.com.br\/v1\/wp-json\/wp\/v2\/tags?post=59327"}],"curies":[{"name":"wp","href":"https:\/\/api.w.org\/{rel}","templated":true}]}}