{"id":59338,"date":"2013-02-21T20:34:08","date_gmt":"2013-02-21T23:34:08","guid":{"rendered":"http:\/\/www.r2cpress.com.br\/v1\/?p=59338"},"modified":"2013-02-21T20:34:08","modified_gmt":"2013-02-21T23:34:08","slug":"prefeitura-de-itabuna-35","status":"publish","type":"post","link":"https:\/\/www.r2cpress.com.br\/v1\/2013\/02\/21\/prefeitura-de-itabuna-35\/","title":{"rendered":"Prefeitura de Itabuna"},"content":{"rendered":"<p><center><a href=\"http:\/\/www.r2cpress.com.br\/v1\/wp-content\/uploads\/CAPA-R2CPRESS27.jpg\"><img loading=\"lazy\" src=\"http:\/\/www.r2cpress.com.br\/v1\/wp-content\/uploads\/CAPA-R2CPRESS27.jpg\" alt=\"CAPA R2CPRESS\" width=\"500\" height=\"500\" class=\"aligncenter size-full wp-image-59339\" srcset=\"https:\/\/www.r2cpress.com.br\/v1\/wp-content\/uploads\/CAPA-R2CPRESS27.jpg 500w, https:\/\/www.r2cpress.com.br\/v1\/wp-content\/uploads\/CAPA-R2CPRESS27-150x150.jpg 150w, https:\/\/www.r2cpress.com.br\/v1\/wp-content\/uploads\/CAPA-R2CPRESS27-300x300.jpg 300w\" sizes=\"(max-width: 500px) 100vw, 500px\" \/><\/a><br \/>\n<strong>Prefeitura, PM e Bombeiros tra\u00e7am estrat\u00e9gias para a Lavagem do Beco do Fuxico<br \/>\nEducadores itabunenses planejam a\u00e7\u00f5es pedag\u00f3gicas para 2013<br \/>\nItabuna realiza em maio a 5\u00aa Confer\u00eancia das Cidades<br \/>\nPrefeitura de Itabuna pede amplia\u00e7\u00e3o do Projeto Cidade Digital<br \/>\nPrefeitura garante apoio ao Campeonato de Futebol Amador de Itabuna<\/strong><\/center><\/p>\n<p><!--more--><\/p>\n<p>***<\/p>\n<p><strong>Prefeitura, PM e Bombeiros tra\u00e7am estrat\u00e9gias para a Lavagem do Beco do Fuxico<\/strong><\/p>\n<p>A \u201cLavagem do Beco do Fuxico\u201d est\u00e1 confirmada para o dia 9 de mar\u00e7o, s\u00e1bado, das 15 horas at\u00e9 a meia noite e ter\u00e1 a apresenta\u00e7\u00e3o da banda Armandinho, Dod\u00f4 e Osmar. A vinda da banda foi anunciada pelo secret\u00e1rio de Ind\u00fastria, Com\u00e9rcio e Turismo, Jos\u00e9 Humberto Martins Ramos, que se reuniu hoje na Prefeitura de Itabuna, com representantes do 15\u00b0 Batalh\u00e3o de Pol\u00edcia Militar, 4\u00b0 Grupamento de Bombeiros Militares e blocos carnavalescos.<br \/>\nNo encontro foram determinadas as estrat\u00e9gias de seguran\u00e7a e organiza\u00e7\u00e3o para o tradicional evento carnavalesco da comunidade itabunense. O m\u00fasico Armandinho Macedo \u00e9 filho de Osmar, um dos inventores do trio el\u00e9trico, juntamente com Dod\u00f4, e vem \u00e0 Itabuna numa parceria com a Bahiag\u00e1s, pois o Munic\u00edpio vai assumir apenas a infraestrutura.<br \/>\nA secretaria de Transporte e Tr\u00e2nsito \u2013 Settran vai isolar toda a Avenida do Cinquenten\u00e1rio, parte das Avenidas Adolfo Maron e Duque de Caxias e Pra\u00e7a Adami no dia da festa. Nas \u00e1reas pr\u00f3ximas a esse circuito ser\u00e1 feito somente um controle do p\u00fablico. A partir das 5 horas da manh\u00e3 do s\u00e1bado, a Settran j\u00e1 iniciar\u00e1 a fiscaliza\u00e7\u00e3o para evitar estacionamento em locais impr\u00f3prios. O fechamento total das avenidas ser\u00e1 a partir do meio-dia para garantir o funcionamento normal do com\u00e9rcio.<br \/>\nNa reuni\u00e3o ficou definido que todos os ve\u00edculos, barracas e palcos participantes da festa passar\u00e3o por fiscaliza\u00e7\u00e3o do Corpo de Bombeiros, Settran e Vigil\u00e2ncia Sanit\u00e1ria na semana que antecede a Lavagem. A inspe\u00e7\u00e3o dos trios el\u00e9tricos ser\u00e1 no dia quatro e a vistoria final no dia nove de mar\u00e7o. Somente ser\u00e3o permitidos ve\u00edculos de som vistoriados e cadastrados pela Prefeitura.<br \/>\n\u00c1reas espec\u00edficas para comercializa\u00e7\u00e3o de alimentos e bebidas ser\u00e3o determinadas pelo governo municipal. Na pr\u00f3xima semana os ambulantes ser\u00e3o cadastrados para trabalhar na festa. A venda de espetinhos em palito de madeira e o uso de copos e garrafas de vidro estar\u00e3o proibidos. A secretaria de Sa\u00fade vai montar um estande com ambul\u00e2ncia, um m\u00e9dico, um enfermeiro e um auxiliar de enfermagem garantindo atendimento na festa.<br \/>\nA Pol\u00edcia Militar se comprometeu em utilizar um efetivo superior a 85 policiais para garantir a seguran\u00e7a dos foli\u00f5es. \u201cPosso assegurar que vai ser um n\u00famero que vai atender a demanda da festa\u201d afirmou o capit\u00e3o PM Manoilzo das Neves. A a\u00e7\u00e3o da PM para o evento deve come\u00e7ar por volta das 8 da manh\u00e3, quando as equipes come\u00e7ar\u00e3o a ocupar seus postos. A Guarda Municipal tamb\u00e9m far\u00e1 a seguran\u00e7a do evento.<br \/>\nNa pr\u00f3xima segunda-feira nova reuni\u00e3o com os blocos vai programar a ordem de desfile no circuito. O representante dos blocos de Itabuna Jos\u00e9 Geraldo Ribeiro disse que nove blocos j\u00e1 est\u00e3o cadastrados e lembrou que o p\u00fablico de Itabuna \u00e9 festeiro e a Lavagem do Beco \u00e9 uma festa necess\u00e1ria \u00e0 cidade. O homenageado do dia ser\u00e1 o Caboclo Alencar do ABC da Noite, que completou 82 anos no in\u00edcio do m\u00eas e ter\u00e1 o bar tombado como patrim\u00f4nio cultural.<br \/>\nA reuni\u00e3o na Secretaria de Ind\u00fastria, Com\u00e9rcio e Turismo para tratar da Lavagem do Beco do Fuxico contou com a presen\u00e7a do capit\u00e3o da Pol\u00edcia Militar Manoilzo das Neves, do comandante do 4\u00ba Grupamento do Corpo de Bombeiros, Major Edson Neiva, o diretor de Tr\u00e2nsito Manoel J\u00fanior, o comandante da Guarda Municipal Ant\u00f4nio Roberto G\u00f3es, da fiscal da Vigil\u00e2ncia Sanit\u00e1ria Francis Mary Bulh\u00f5es, do presidente do bloco Mendigos de Gravata, Francisco Vieira, e do presidente do bloco Maria Rosa, Jos\u00e9 Geraldo Ribeiro.  <\/p>\n<p><strong>Educadores itabunenses planejam a\u00e7\u00f5es pedag\u00f3gicas para 2013<\/strong><\/p>\n<p>\tO planejamento did\u00e1tico-pedag\u00f3gico do ano letivo de 2013 est\u00e1 mobilizando os mais de 1.400 professores da Rede P\u00fablica Municipal de Ensino de Itabuna, que participam at\u00e9 amanh\u00e3 do Semin\u00e1rio de Planejamento promovido pela Secretaria da Educa\u00e7\u00e3o (SEC). Reunidos em suas respectivas unidades escolares, os educadores est\u00e3o tendo a oportunidade de avaliar o desempenho da escola, refletir a pr\u00e1tica docente e tra\u00e7ar metas da a\u00e7\u00e3o pedag\u00f3gica.<br \/>\n           Durante a abertura do Semin\u00e1rio na quarta-feira, 20, no Audit\u00f3rio do Centro de Arte e Cultura da Uesc, a secret\u00e1ria da Educa\u00e7\u00e3o, Dilnalva Melo do Nascimento, enfatizou que o planejamento educacional, al\u00e9m de um trabalho coletivo, \u00e9 fruto de um consenso m\u00ednimo que deve convergir para a melhoria da qualidade da Educa\u00e7\u00e3o. Ela lembrou que a fun\u00e7\u00e3o primordial da Escola \u00e9 construir conhecimento, por\u00e9m, \u00e9 necess\u00e1rio atrelar ao ato de educar a arte e a tecnologia.<br \/>\n\t\u201cN\u00e3o podemos deixar de fora de nossas salas de aula a arte, pois \u00e9 atrav\u00e9s dela que podemos trazer \u00e0 luz os desejos contidos no interior de cada pessoa. Quanto \u00e0 tecnologia, precisamos repensar e dar uma nova din\u00e2mica ao uso deste recurso de maneira que possamos ir al\u00e9m dos nossos laborat\u00f3rios de inform\u00e1tica\u201d, disse Dinalva. A secret\u00e1ria saudou os educadores e solicitou que eles acolham com muito carinho a nova equipe gestora da SEC e as propostas que ser\u00e3o postas em pr\u00e1tica a partir deste ano.<br \/>\n\tCom base em registros fotogr\u00e1ficos e dados est\u00e1ticos do MEC e da pr\u00f3pria Secretaria da Educa\u00e7\u00e3o, os diretores da SEC apresentaram o diagn\u00f3stico situacional da Rede P\u00fablica Municipal de Ensino de Itabuna, com foco no financiamento educacional, no \u00cdndice de Desenvolvimento da Educa\u00e7\u00e3o B\u00e1sica (Ideb) e na infraestrutura das escolas municipais. A diretora do Departamento de Educa\u00e7\u00e3o B\u00e1sica, Rosenaide Ramos, enfatizou que os investimentos que ser\u00e3o feitos na Escola Grapi\u00fana estar\u00e3o direcionados \u00e0s quest\u00f5es pedag\u00f3gicas e, consequentemente, para a melhoria da qualidade da Educa\u00e7\u00e3o ofertada nas escolas itabunenses.<br \/>\n\tPresente na abertura do Semin\u00e1rio de Planejamento, a professora Helen Batista de Deus destacou a import\u00e2ncia do direcionamento das a\u00e7\u00f5es da SEC para o aspecto pedag\u00f3gico, al\u00e9m da aten\u00e7\u00e3o que ser\u00e1 dada ao uso da tecnologia e a inser\u00e7\u00e3o da arte nas salas de aula. \u201cNeste sentido, ficou evidente a preocupa\u00e7\u00e3o dos novos gestores em promover uma nova din\u00e2mica para a Educa\u00e7\u00e3o de Itabuna, a partir do que ela tem de fundamental que \u00e9 o aspecto pedag\u00f3gico\u201d, argumentou a educadora.<br \/>\n\tNo planejamento did\u00e1tico-pedag\u00f3gico, dentre outros pontos, est\u00e3o sendo ressaltados os seguintes aspectos: rela\u00e7\u00e3o com Plano Pol\u00edtico Pedag\u00f3gico (PPP); aspectos relacionados ao processo de ensino e de aprendizagem; o referencial te\u00f3rico que orientar\u00e1 as a\u00e7\u00f5es da equipe gestora e as a\u00e7\u00f5es voltadas para a melhoria do processo de ensino e de aprendizagem. A abertura do Semin\u00e1rio na Uesc tamb\u00e9m foi marcada pela apresenta\u00e7\u00e3o da Trupe da Biblioteca Itinerante, com a montagem teatral \u201cAprecie o lado positivo das pessoas \u2013 A Assembleia das Ferramentas\u201d. <\/p>\n<p><strong>Itabuna realiza em maio a 5\u00aa Confer\u00eancia das Cidades <\/strong><\/p>\n<p>\tA Comiss\u00e3o Preparat\u00f3ria da Confer\u00eancia Municipal das Cidades definiu a realiza\u00e7\u00e3o do evento em Itabuna para os dias 9 e 10 de maio durante reuni\u00e3o na tarde de quarta-feira, 19, convocada para o Plen\u00e1rio da C\u00e2mara de Vereadores pela Prefeitura. Na oportunidade foram indicados os sete representantes da sociedade civil organizada que ser\u00e3o respons\u00e1veis pela elabora\u00e7\u00e3o do Regimento da Confer\u00eancia e os crit\u00e9rios para escolha dos delegados municipais, juntamente com os quatro representantes do Munic\u00edpio a serem indicados pelo prefeito Claudevane Leite para a Comiss\u00e3o.<br \/>\n\tSob o tema \u201cQuem muda as cidades somos n\u00f3s. Reforma Urbana J\u00e1!\u201d, a 5\u00aa Confer\u00eancia Municipal das Cidades ser\u00e1 foro para que sejam apresentadas e debatidas id\u00e9ias e sugest\u00f5es de pol\u00edticas p\u00fablicas para de desenvolvimento urbano. A reuni\u00e3o para escolha dos integrantes da Comiss\u00e3o Preparat\u00f3ria Municipal foi bastante concorrida, o que foi avaliado como positivo pelo secret\u00e1rio de Desenvolvimento Urbano, Marcos Monteiro, principalmente pelo desejo da maioria dos participantes de ser o indicado representando institui\u00e7\u00f5es.<br \/>\nNa abertura, o secret\u00e1rio municipal de Planejamento e Tecnologia, Wenceslau Augusto Junior, destacou a import\u00e2ncia da Confer\u00eancia das Cidades, pois, segundo disse, \u00e9 atrav\u00e9s desse mecanismo de participa\u00e7\u00e3o popular que o governo federal instituiu o Estatuto das Cidades, um instrumento moderno de gest\u00e3o urbana. Falou ainda a respeito de programas como Minha Casa, Minha Vida, que traz a melhoria da habita\u00e7\u00e3o popular e \u00e9 conseq\u00fc\u00eancia pol\u00edtica p\u00fablica ap\u00f3s debate nas confer\u00eancias anteriores.<br \/>\nPara o presidente da Associa\u00e7\u00e3o de Moradores do Jardim Primavera, Paulo Roberto dos Santos, a expectativa \u00e9 grande em rela\u00e7\u00e3o ao evento, principalmente pelo novo governo e em rela\u00e7\u00e3o aos seus projetos para Itabuna. \u201cCom certeza se a sociedade civil se dispuser a cooperar com a Confer\u00eancia, a cidade pode ter muitos benef\u00edcios pela defini\u00e7\u00e3o de prioridades\u201d, disse. J\u00e1 o presidente da Associa\u00e7\u00e3o Comercial e Empresarial de Itabuna (ACI), Eduardo Fontes Neto, se disse satisfeito com o encontro e avalia que a forma democr\u00e1tica de escolha da Comiss\u00e3o revela transpar\u00eancia e mudan\u00e7a de atitude da administra\u00e7\u00e3o municipal.<\/p>\n<p><strong>Prefeitura de Itabuna pede amplia\u00e7\u00e3o do Projeto Cidade Digital<\/strong><\/p>\n<p>\tA Prefeitura de Itabuna, por meio da Secretaria de Planejamento e Tecnologia (Seplantec), protocolou no Minist\u00e9rio das Comunica\u00e7\u00f5es, em Bras\u00edlia, nesta semana, pedido para ampliar em tr\u00eas quil\u00f4metros o anel de fibra \u00f3tica que vai atender ao Projeto Cidade Digital. Al\u00e9m disso, tamb\u00e9m requereu aumento de tr\u00eas para quatro os pontos de acesso p\u00fablico e conex\u00e3o com a rede principal da Telebr\u00e1s, subsidiado pelo Minist\u00e9rio.<br \/>\n\tO diretor do Departamento de Tecnologia da Informa\u00e7\u00e3o (DTI), da Secretaria de Planejamento e Tecnologia, Marcelo Andrade, se reuniu com o diretor da Telebr\u00e1s, Paulo Kapp, e recebeu a informa\u00e7\u00e3o de que a empresa tem uma torre pronta para funcionamento no munic\u00edpio e que aguarda apenas a liga\u00e7\u00e3o da energia el\u00e9trica pela Coelba. Com isto, Itabuna poder\u00e1 ter banda larga de alta conectividade fornecida pela Telebr\u00e1s, aumentando a velocidade, qualidade e diminuindo os custos de implanta\u00e7\u00e3o do Projeto Cidade Digital.<br \/>\n\tO Cidade Digital vai permitir \u00e0 popula\u00e7\u00e3o o acesso f\u00e1cil e gratuito \u00e0 internet e, principalmente, \u00e0s informa\u00e7\u00f5es atualizadas de todas as a\u00e7\u00f5es e atos da administra\u00e7\u00e3o municipal. Na pr\u00f3xima semana, engenheiros da G4S Technology Brasil, respons\u00e1veis por sua implanta\u00e7\u00e3o, estar\u00e3o de volta a Itabuna para elaborar o projeto executivo. Caber\u00e1 \u00e0 Prefeitura solicitar da Coelba a permiss\u00e3o para utiliza\u00e7\u00e3o dos postes da rede el\u00e9trica e a licen\u00e7a do servi\u00e7o limitado privado junto \u00e0 Anatel, exigidos pelo MC, para que se inicie sua implanta\u00e7\u00e3o.<br \/>\nPara a implanta\u00e7\u00e3o do projeto Cidade Digital, o MC em parceria com a prefeitura promover\u00e1 10 cursos de capacita\u00e7\u00e3o divididos em tr\u00eas etapas. A primeira visa a forma\u00e7\u00e3o do escal\u00e3o estrat\u00e9gico, a ser realizada pela Universidade de Bras\u00edlia (UNB). A segunda, a forma\u00e7\u00e3o t\u00e9cnica para servidores que caber\u00e1 \u00e0 Rede Nacional de Ensino e Pesquisa (RNP) e a terceira, a forma\u00e7\u00e3o aberta \u00e0 comunidade realizada pelo Programa Nacional de Acesso ao Ensino T\u00e9cnico e Emprego (Pronatec).<br \/>\nA popula\u00e7\u00e3o vai ser integrada ao programa j\u00e1 que h\u00e1 previs\u00e3o de cursos t\u00e9cnicos com carga hor\u00e1ria de 160 horas para os participantes. Nesse sentido, a Seplantec estabelecera entendimentos com o Instituto Federal de Educa\u00e7\u00e3o tecnol\u00f3gica da Bahia (IF-Bahia) e SEST\/SENAT. Outra boa noticia \u00e9 que o Minist\u00e9rio das Comunica\u00e7\u00f5es disponibilizar\u00e1 gratuitamente aplicativos como o e-cidades (um software que permite interligar Prefeitura, autarquias e funda\u00e7\u00f5es (administra\u00e7\u00e3o descentralizada) e a C\u00e2mara Municipal). <\/p>\n<p><strong>Prefeitura garante apoio ao Campeonato de Futebol Amador de Itabuna<\/strong><\/p>\n<p>O Campeonato de Futebol Amador, que vai acontecer em Itabuna de mar\u00e7o a junho de 2013, ter\u00e1 apoio da Prefeitura. Durante audi\u00eancia na  manh\u00e3 de hoje, o prefeito Claudevane Leite recebeu a diretoria da Liga Itabunense de Desportos Atl\u00e9ticos &#8211; LIDA, o secret\u00e1rio de Esportes Evans Maxwel Silva e o diretor de Turismo, Eric Ettinger, e aprovou a proposta de or\u00e7amento que lhe foi apresentada para o certame que integra o calend\u00e1rio anual da LIDA.<br \/>\nA disputa das partidas vai acontecer no Est\u00e1dio Lu\u00eds Viana Filho que passa por vistoria de \u00f3rg\u00e3os t\u00e9cnicos e obras de reforma do gramado e demais depend\u00eancias visando a segunda divis\u00e3o do Campeonato Baiano. O certame amador ter\u00e1 a participa\u00e7\u00e3o de 13 equipes formadas por atletas dos bairros da cidade.<br \/>\nO presidente da LIDA, Ubaldino Eduardo Souza, Zu, levou a Vane o projeto do Campeonato 2013 contendo um or\u00e7amento que tem como destaque a despesa com arbitragem, mas que com base no ano passado teve uma redu\u00e7\u00e3o de custos.  O prefeito aprovou os valores e garantiu a assinatura do conv\u00eanio para suporte financeiro total na realiza\u00e7\u00e3o do evento esportivo da cidade.<br \/>\nVane lembrou que esse \u00e9 um campeonato tradicional e que Itabuna tem como caracter\u00edstica revelar atletas amadores por isso \u00e9 preciso incentivar o esporte. \u201cMesmo com todas as dificuldades financeiras que a Prefeitura enfrenta, vamos apoiar o Campeonato Amador. A comunidade itabunense gosta e precisa do esporte para melhor qualidade de vida. Faremos um campeonato em grande forma\u201d afirmou o prefeito.<br \/>\nO secret\u00e1rio de Esportes, Evans Maxwel Silva, contou que a tentativa \u00e9 organizar o evento de forma que todos saiam ganhando, em especial o esporte itabunense. Ele afirma que \u201co Campeonato Amador abre uma porta para os jovens, tanto de incentivo para a pr\u00e1tica esportiva quanto para a cria\u00e7\u00e3o de novas competi\u00e7\u00f5es na cidade\u201d.<br \/>\nO secret\u00e1rio informou que amanh\u00e3 acontecer\u00e1 uma reuni\u00e3o arbitral na qual ser\u00e3o decididos os \u00faltimos detalhes sobre a divis\u00e3o de equipes, forma\u00e7\u00e3o de grupos para a disputa e primeiras a\u00e7\u00f5es para in\u00edcio do evento. Tamb\u00e9m participaram da reuni\u00e3o com o prefeito Vane, o diretor de Pra\u00e7as Esportivas da Secretaria de Esportes \u00c1lvaro Castro, Zenildo Santos, vice-presidente, o 2\u00ba vice Eduardo de Santana, e o secret\u00e1rio Adonias Bonfim, todos dirigentes da LIDA.<\/p>\n<p>____________________________________________<br \/>\nPrefeitura Municipal de Itabuna<br \/>\nDepartamento de Comunica\u00e7\u00e3o Social<br \/>\nFotos: Pedro Augusto, Wilson Oliveira e Gabriel de Oliveira.<\/p>\n","protected":false},"excerpt":{"rendered":"<p>Prefeitura, PM e Bombeiros tra\u00e7am estrat\u00e9gias para a Lavagem do Beco do Fuxico Educadores itabunenses planejam a\u00e7\u00f5es pedag\u00f3gicas para 2013 Itabuna realiza em maio a 5\u00aa Confer\u00eancia das Cidades Prefeitura de Itabuna pede amplia\u00e7\u00e3o do Projeto Cidade Digital Prefeitura garante apoio ao Campeonato de Futebol Amador de Itabuna<\/p>\n","protected":false},"author":2,"featured_media":0,"comment_status":"open","ping_status":"open","sticky":false,"template":"","format":"standard","meta":{"_links_to":"","_links_to_target":""},"categories":[15],"tags":[],"_links":{"self":[{"href":"https:\/\/www.r2cpress.com.br\/v1\/wp-json\/wp\/v2\/posts\/59338"}],"collection":[{"href":"https:\/\/www.r2cpress.com.br\/v1\/wp-json\/wp\/v2\/posts"}],"about":[{"href":"https:\/\/www.r2cpress.com.br\/v1\/wp-json\/wp\/v2\/types\/post"}],"author":[{"embeddable":true,"href":"https:\/\/www.r2cpress.com.br\/v1\/wp-json\/wp\/v2\/users\/2"}],"replies":[{"embeddable":true,"href":"https:\/\/www.r2cpress.com.br\/v1\/wp-json\/wp\/v2\/comments?post=59338"}],"version-history":[{"count":2,"href":"https:\/\/www.r2cpress.com.br\/v1\/wp-json\/wp\/v2\/posts\/59338\/revisions"}],"predecessor-version":[{"id":59341,"href":"https:\/\/www.r2cpress.com.br\/v1\/wp-json\/wp\/v2\/posts\/59338\/revisions\/59341"}],"wp:attachment":[{"href":"https:\/\/www.r2cpress.com.br\/v1\/wp-json\/wp\/v2\/media?parent=59338"}],"wp:term":[{"taxonomy":"category","embeddable":true,"href":"https:\/\/www.r2cpress.com.br\/v1\/wp-json\/wp\/v2\/categories?post=59338"},{"taxonomy":"post_tag","embeddable":true,"href":"https:\/\/www.r2cpress.com.br\/v1\/wp-json\/wp\/v2\/tags?post=59338"}],"curies":[{"name":"wp","href":"https:\/\/api.w.org\/{rel}","templated":true}]}}