{"id":5935,"date":"2011-01-07T08:50:22","date_gmt":"2011-01-07T11:50:22","guid":{"rendered":"http:\/\/www.r2cpress.com.br\/v1\/?p=5935"},"modified":"2011-01-07T08:50:22","modified_gmt":"2011-01-07T11:50:22","slug":"m21-rima-solidariedade-com-criatividade-e-desenvolve-projeto-social-em-bairro-carente-de-ilheus","status":"publish","type":"post","link":"https:\/\/www.r2cpress.com.br\/v1\/2011\/01\/07\/m21-rima-solidariedade-com-criatividade-e-desenvolve-projeto-social-em-bairro-carente-de-ilheus\/","title":{"rendered":"M21 rima solidariedade com criatividade e desenvolve projeto social em bairro carente de Ilh\u00e9us"},"content":{"rendered":"<p><a href=\"http:\/\/www.r2cpress.com.br\/v1\/wp-content\/uploads\/mont-m21.jpg\"><img loading=\"lazy\" src=\"http:\/\/www.r2cpress.com.br\/v1\/wp-content\/uploads\/mont-m21.jpg\" alt=\"\" title=\"mont m21\" width=\"200\" height=\"272\" class=\"alignleft size-full wp-image-5936\" \/><\/a>Para diretores e colaboradores da ag\u00eancia de publicidade M21, de Ilh\u00e9us, solidariedade rima com criatividade. Por este motivo, a ag\u00eancia est\u00e1 elaborando um calend\u00e1rio de a\u00e7\u00f5es sociais que ser\u00e3o desenvolvidas no sul da Bahia durante todo este ano. A iniciativa, que era um sonho antigo de toda a equipe, ganhou for\u00e7a no \u00faltimo natal, quando 40 crian\u00e7as carentes, atendidas pela Associa\u00e7\u00e3o Centro Educacional de A\u00e7\u00e3o Integrada, ganharam uma festa de final de ano com farta distribui\u00e7\u00e3o de kits com doces, brinquedos, livros e roupas. A associa\u00e7\u00e3o fica localizada no bairro Nossa Senhora da Vit\u00f3ria, um dos mais carentes de Ilh\u00e9us.<\/p>\n<p>\u201cEntre as id\u00e9ias que fervilham o ambiente criativo da M21, surgiu a vontade de fazer o Natal de algumas crian\u00e7as um pouco mais feliz e o resultado foi emocionante\u201d, comemora o diretor da M21, publicit\u00e1rio Marco Lessa. Colaboradores da M21, em parceria com volunt\u00e1rios da localidade, promoveram atividades l\u00fadicas, recrea\u00e7\u00e3o, pintura art\u00edstica e competi\u00e7\u00f5es na \u00e1rea da institui\u00e7\u00e3o. A festa tamb\u00e9m contou com a ajuda de dois profissionais que atuaram no corte de cabelo dos meninos, enquanto volunt\u00e1rias cuidavam do penteado e maquiagem das meninas. No final da tarde, foi distribu\u00eddo um delicioso lanche com cachorro quente, pipoca, refrigerante e chocolate.<\/p>\n<p><!--more--><\/p>\n<p>Expans\u00e3o &#8211; Para este ano, a M21 elaborou um projeto de extens\u00e3o das suas atividades, ampliando seu raio de a\u00e7\u00e3o na Bahia. Al\u00e9m do marketing e da publicidade, atividades que posicionam a ag\u00eancia entre as mais importantes do interior da Bahia, a M21 amplia o seu raio de a\u00e7\u00e3o oferecendo projetos de comunica\u00e7\u00e3o social voltados para a \u00e1rea de Assessoria de Imprensa. \u201cQueremos avan\u00e7ar empresarialmente. Mas tamb\u00e9m estaremos focados na contrapartida social, convocando clientes e parceiros a contribuir no combate \u00e0 desigualdade social\u201d, revela Lessa.<\/p>\n<p>Nesta primeira a\u00e7\u00e3o social, a M21 contou com a participa\u00e7\u00e3o de Marco e Luana Lessa, Setores de M\u00eddia e Produ\u00e7\u00e3o (Caroline Jasmineiro &#8211; maquiagem \/ Daniele Santos &#8211; penteados) e Setor de Eventos (Diana Sodr\u00e9 &#8211; pintura art\u00edstica \/ Marcella Benedictis &#8211; palha\u00e7a). Entre outros volunt\u00e1rios envolvidos, destaques para os empres\u00e1rios Jackson Moura (Jac\u00f3 Sucateiro), Norbeto Silva (Cloros), Jacqueline Benedictis, Matheus Riella, Gustavo Maia, Lucas Prado e Meive.<\/p>\n","protected":false},"excerpt":{"rendered":"<p>Para diretores e colaboradores da ag\u00eancia de publicidade M21, de Ilh\u00e9us, solidariedade rima com criatividade. Por este motivo, a ag\u00eancia est\u00e1 elaborando um calend\u00e1rio de a\u00e7\u00f5es sociais que ser\u00e3o desenvolvidas no sul da Bahia durante todo este ano. A iniciativa, que era um sonho antigo de toda a equipe, ganhou for\u00e7a no \u00faltimo natal, quando [&hellip;]<\/p>\n","protected":false},"author":2,"featured_media":0,"comment_status":"open","ping_status":"open","sticky":false,"template":"","format":"standard","meta":{"_links_to":"","_links_to_target":""},"categories":[28],"tags":[],"_links":{"self":[{"href":"https:\/\/www.r2cpress.com.br\/v1\/wp-json\/wp\/v2\/posts\/5935"}],"collection":[{"href":"https:\/\/www.r2cpress.com.br\/v1\/wp-json\/wp\/v2\/posts"}],"about":[{"href":"https:\/\/www.r2cpress.com.br\/v1\/wp-json\/wp\/v2\/types\/post"}],"author":[{"embeddable":true,"href":"https:\/\/www.r2cpress.com.br\/v1\/wp-json\/wp\/v2\/users\/2"}],"replies":[{"embeddable":true,"href":"https:\/\/www.r2cpress.com.br\/v1\/wp-json\/wp\/v2\/comments?post=5935"}],"version-history":[{"count":2,"href":"https:\/\/www.r2cpress.com.br\/v1\/wp-json\/wp\/v2\/posts\/5935\/revisions"}],"predecessor-version":[{"id":5938,"href":"https:\/\/www.r2cpress.com.br\/v1\/wp-json\/wp\/v2\/posts\/5935\/revisions\/5938"}],"wp:attachment":[{"href":"https:\/\/www.r2cpress.com.br\/v1\/wp-json\/wp\/v2\/media?parent=5935"}],"wp:term":[{"taxonomy":"category","embeddable":true,"href":"https:\/\/www.r2cpress.com.br\/v1\/wp-json\/wp\/v2\/categories?post=5935"},{"taxonomy":"post_tag","embeddable":true,"href":"https:\/\/www.r2cpress.com.br\/v1\/wp-json\/wp\/v2\/tags?post=5935"}],"curies":[{"name":"wp","href":"https:\/\/api.w.org\/{rel}","templated":true}]}}