{"id":59361,"date":"2013-02-22T10:18:09","date_gmt":"2013-02-22T13:18:09","guid":{"rendered":"http:\/\/www.r2cpress.com.br\/v1\/?p=59361"},"modified":"2013-02-22T10:18:09","modified_gmt":"2013-02-22T13:18:09","slug":"p-a-r-a-b-e-n-s-5","status":"publish","type":"post","link":"https:\/\/www.r2cpress.com.br\/v1\/2013\/02\/22\/p-a-r-a-b-e-n-s-5\/","title":{"rendered":"P A R A B \u00c9 N S !"},"content":{"rendered":"<p><center><strong>Rita de C\u00e1ssia, aniversariante<\/strong><\/center><\/p>\n<p>Quem aniversaria neste domingo \u00e9 a nossa companheira de imprensa, Rita de C\u00e1ssia, assessora de comunica\u00e7\u00e3o do Sindicato dos Radialistas de Ilh\u00e9us.<br \/>\n<div id=\"attachment_59362\" style=\"width: 510px\" class=\"wp-caption aligncenter\"><a href=\"http:\/\/www.r2cpress.com.br\/v1\/wp-content\/uploads\/Ritaaniversariante-deste-domingo..jpg\"><img aria-describedby=\"caption-attachment-59362\" loading=\"lazy\" src=\"http:\/\/www.r2cpress.com.br\/v1\/wp-content\/uploads\/Ritaaniversariante-deste-domingo..jpg\" alt=\"Rita ladeada por suas filhas Am\u00e9lia e Martinha\" width=\"500\" height=\"375\" class=\"size-full wp-image-59362\" srcset=\"https:\/\/www.r2cpress.com.br\/v1\/wp-content\/uploads\/Ritaaniversariante-deste-domingo..jpg 500w, https:\/\/www.r2cpress.com.br\/v1\/wp-content\/uploads\/Ritaaniversariante-deste-domingo.-300x225.jpg 300w\" sizes=\"(max-width: 500px) 100vw, 500px\" \/><\/a><p id=\"caption-attachment-59362\" class=\"wp-caption-text\">Rita ladeada por suas filhas Am\u00e9lia e Martinha<\/p><\/div><br \/>\nPessoa super amiga, sol\u00edcita, gentil, agrad\u00e1vel e acima de tudo uma grande m\u00e3e e esposa. Receba os parab\u00e9ns da nossa equipe e todos os seus amigos, familiares e diretores sindicais. <\/p>\n<p>&#8212;<br \/>\nE.R.<\/p>\n","protected":false},"excerpt":{"rendered":"<p>Rita de C\u00e1ssia, aniversariante Quem aniversaria neste domingo \u00e9 a nossa companheira de imprensa, Rita de C\u00e1ssia, assessora de comunica\u00e7\u00e3o do Sindicato dos Radialistas de Ilh\u00e9us. Pessoa super amiga, sol\u00edcita, gentil, agrad\u00e1vel e acima de tudo uma grande m\u00e3e e esposa. Receba os parab\u00e9ns da nossa equipe e todos os seus amigos, familiares e diretores [&hellip;]<\/p>\n","protected":false},"author":2,"featured_media":0,"comment_status":"open","ping_status":"open","sticky":false,"template":"","format":"standard","meta":{"_links_to":"","_links_to_target":""},"categories":[26],"tags":[],"_links":{"self":[{"href":"https:\/\/www.r2cpress.com.br\/v1\/wp-json\/wp\/v2\/posts\/59361"}],"collection":[{"href":"https:\/\/www.r2cpress.com.br\/v1\/wp-json\/wp\/v2\/posts"}],"about":[{"href":"https:\/\/www.r2cpress.com.br\/v1\/wp-json\/wp\/v2\/types\/post"}],"author":[{"embeddable":true,"href":"https:\/\/www.r2cpress.com.br\/v1\/wp-json\/wp\/v2\/users\/2"}],"replies":[{"embeddable":true,"href":"https:\/\/www.r2cpress.com.br\/v1\/wp-json\/wp\/v2\/comments?post=59361"}],"version-history":[{"count":2,"href":"https:\/\/www.r2cpress.com.br\/v1\/wp-json\/wp\/v2\/posts\/59361\/revisions"}],"predecessor-version":[{"id":59364,"href":"https:\/\/www.r2cpress.com.br\/v1\/wp-json\/wp\/v2\/posts\/59361\/revisions\/59364"}],"wp:attachment":[{"href":"https:\/\/www.r2cpress.com.br\/v1\/wp-json\/wp\/v2\/media?parent=59361"}],"wp:term":[{"taxonomy":"category","embeddable":true,"href":"https:\/\/www.r2cpress.com.br\/v1\/wp-json\/wp\/v2\/categories?post=59361"},{"taxonomy":"post_tag","embeddable":true,"href":"https:\/\/www.r2cpress.com.br\/v1\/wp-json\/wp\/v2\/tags?post=59361"}],"curies":[{"name":"wp","href":"https:\/\/api.w.org\/{rel}","templated":true}]}}