{"id":59369,"date":"2013-02-22T13:01:53","date_gmt":"2013-02-22T16:01:53","guid":{"rendered":"http:\/\/www.r2cpress.com.br\/v1\/?p=59369"},"modified":"2013-02-22T13:01:53","modified_gmt":"2013-02-22T16:01:53","slug":"cadastramento-para-eleicao-do-conselho-de-cultura-encerra-quinta-feira-28","status":"publish","type":"post","link":"https:\/\/www.r2cpress.com.br\/v1\/2013\/02\/22\/cadastramento-para-eleicao-do-conselho-de-cultura-encerra-quinta-feira-28\/","title":{"rendered":"Cadastramento para elei\u00e7\u00e3o do Conselho de Cultura encerra quinta-feira, 28"},"content":{"rendered":"<p>Os interessados em concorrer \u00e0s elei\u00e7\u00f5es das c\u00e2maras tem\u00e1ticas do Conselho Municipal de Cultura de Ilh\u00e9us t\u00eam at\u00e9 a pr\u00f3xima quinta-feira, 28, para preencher o cadastro, iniciado no \u00faltimo dia 20. O processo pode ser realizado na seda da Funda\u00e7\u00e3o Cultural de Ilh\u00e9us, na Casa de Cultura Jorge Amado, no per\u00edodo das 8h30 \u00e0s 12 horas e das 13h30 \u00e0s 18 horas, ou pela internet:\u00a0<a href=\"http:\/\/conselhodeculturadeilheus.blogspot.com.br\/p\/cadastramento-das-camaras.html\" target=\"_blank\">http:\/\/<wbr><\/wbr>conselhodeculturadeilheus.<wbr><\/wbr>blogspot.com.br\/p\/<wbr><\/wbr>cadastramento-das-camaras.html<\/a><wbr><\/wbr>.<\/p>\n<p>Ap\u00f3s o cadastramento, ser\u00e1 realizada a delimita\u00e7\u00e3o dos candidatos por c\u00e2maras tem\u00e1ticas, entre os dias 1\u00ba e 10 de mar\u00e7o. Em seguida, haver\u00e1 a an\u00e1lise dos cadastros, para verificar se o candidato atende \u00e0s especificidades da c\u00e2mara a qual ele concorre (entre os dias 11 e 14\/03). O pretendente que tiver sua inscri\u00e7\u00e3o indeferida tem os dias 15 e 16\/03 para entrar com recurso, e no dia 17\/03 ser\u00e1 publicada a lista dos cadastrados.<\/p>\n<p>As elei\u00e7\u00f5es para as c\u00e2maras tem\u00e1ticas v\u00e3o ocorrer entre os dias 18 a 25 de mar\u00e7o. A an\u00e1lise dos cadastrados \u00e9 feita pela diretoria do Conselho, composta pelo Presidente Mestre Nei (representante da cultura Afro) e o Secret\u00e1rio Geral, Andr\u00e9 Rosa. J\u00e1 a elei\u00e7\u00e3o da diretoria do Conselho Municipal de Cultura ser\u00e1 realizada no dia 30 de mar\u00e7o.<\/p>\n<p>O Conselho Municipal de Cultura foi reestruturado atrav\u00e9s da lei 3.539, de 31 de mar\u00e7o de 2011, constitu\u00eddo por vinte membros. Entre esses, 10 s\u00e3o representantes da sociedade civil e 10 representam os \u00f3rg\u00e3os municipais. Os primeiros comp\u00f5em as c\u00e2maras tem\u00e1ticas (teatro, m\u00fasica, dan\u00e7a, artes visuais, audiovisual, cultura popular, cultura ind\u00edgena, cultura afro, patrim\u00f4nio cultural e literatura), j\u00e1 os conselheiros do poder p\u00fablico s\u00e3o indicados pelos respons\u00e1veis dos setores representativos (Funda\u00e7\u00e3o Cultural, Secretarias de Turismo, Educa\u00e7\u00e3o, Planejamento, Meio Ambiente, Fazenda, Desenvolvimento Social, Sa\u00fade, Gabinete do Prefeito e Diretor de Esportes).<\/p>\n<p><b>\u00a0<\/b><\/p>\n<p><b>Secretaria de Comunica\u00e7\u00e3o Social (Secom)<\/b><\/p>\n<p><b>Ilh\u00e9us \u2013 22.02.2013<\/b><\/p>\n","protected":false},"excerpt":{"rendered":"<p>Os interessados em concorrer \u00e0s elei\u00e7\u00f5es das c\u00e2maras tem\u00e1ticas do Conselho Municipal de Cultura de Ilh\u00e9us t\u00eam at\u00e9 a pr\u00f3xima quinta-feira, 28, para preencher o cadastro, iniciado no \u00faltimo dia 20. O processo pode ser realizado na seda da Funda\u00e7\u00e3o Cultural de Ilh\u00e9us, na Casa de Cultura Jorge Amado, no per\u00edodo das 8h30 \u00e0s 12 [&hellip;]<\/p>\n","protected":false},"author":2,"featured_media":0,"comment_status":"open","ping_status":"open","sticky":false,"template":"","format":"standard","meta":{"_links_to":"","_links_to_target":""},"categories":[23],"tags":[],"_links":{"self":[{"href":"https:\/\/www.r2cpress.com.br\/v1\/wp-json\/wp\/v2\/posts\/59369"}],"collection":[{"href":"https:\/\/www.r2cpress.com.br\/v1\/wp-json\/wp\/v2\/posts"}],"about":[{"href":"https:\/\/www.r2cpress.com.br\/v1\/wp-json\/wp\/v2\/types\/post"}],"author":[{"embeddable":true,"href":"https:\/\/www.r2cpress.com.br\/v1\/wp-json\/wp\/v2\/users\/2"}],"replies":[{"embeddable":true,"href":"https:\/\/www.r2cpress.com.br\/v1\/wp-json\/wp\/v2\/comments?post=59369"}],"version-history":[{"count":3,"href":"https:\/\/www.r2cpress.com.br\/v1\/wp-json\/wp\/v2\/posts\/59369\/revisions"}],"predecessor-version":[{"id":59372,"href":"https:\/\/www.r2cpress.com.br\/v1\/wp-json\/wp\/v2\/posts\/59369\/revisions\/59372"}],"wp:attachment":[{"href":"https:\/\/www.r2cpress.com.br\/v1\/wp-json\/wp\/v2\/media?parent=59369"}],"wp:term":[{"taxonomy":"category","embeddable":true,"href":"https:\/\/www.r2cpress.com.br\/v1\/wp-json\/wp\/v2\/categories?post=59369"},{"taxonomy":"post_tag","embeddable":true,"href":"https:\/\/www.r2cpress.com.br\/v1\/wp-json\/wp\/v2\/tags?post=59369"}],"curies":[{"name":"wp","href":"https:\/\/api.w.org\/{rel}","templated":true}]}}