{"id":5942,"date":"2011-01-07T09:18:49","date_gmt":"2011-01-07T12:18:49","guid":{"rendered":"http:\/\/www.r2cpress.com.br\/v1\/?p=5942"},"modified":"2011-01-07T09:18:49","modified_gmt":"2011-01-07T12:18:49","slug":"presidente-do-stf-mantem-battisti-preso-e-adia-decisao-sobre-libertacao","status":"publish","type":"post","link":"https:\/\/www.r2cpress.com.br\/v1\/2011\/01\/07\/presidente-do-stf-mantem-battisti-preso-e-adia-decisao-sobre-libertacao\/","title":{"rendered":"Presidente do STF mant\u00e9m Battisti preso e adia decis\u00e3o sobre liberta\u00e7\u00e3o"},"content":{"rendered":"<p><strong>Ex-presidente Lula negou pedido de extradi\u00e7\u00e3o de Cesare Battisti<\/strong><\/p>\n<p><div id=\"attachment_5943\" style=\"width: 225px\" class=\"wp-caption alignleft\"><a href=\"http:\/\/www.r2cpress.com.br\/v1\/wp-content\/uploads\/battisti.jpg\"><img aria-describedby=\"caption-attachment-5943\" loading=\"lazy\" src=\"http:\/\/www.r2cpress.com.br\/v1\/wp-content\/uploads\/battisti.jpg\" alt=\"\" title=\"BRAZIL-ITALY-TRIAL-EXTRADITION-DIPLOMACY-DELAY\" width=\"215\" height=\"241\" class=\"size-full wp-image-5943\" \/><\/a><p id=\"caption-attachment-5943\" class=\"wp-caption-text\">AFP<\/p><\/div>O presidente do Supremo Tribunal Federal (STF), ministro Cezar Peluso, decidiu nesta quinta-feira (6), diante da urg\u00eancia do caso, encaminhar o processo de extradi\u00e7\u00e3o do ex-ativista de esquerda Cesare Battisti para ser apreciado pelo relator do caso, ministro Gilmar Mendes.<\/p>\n<p>Por causa do recesso judici\u00e1rio, em tese, Mendes s\u00f3 voltar\u00e1 ao trabalho em fevereiro. At\u00e9 l\u00e1, Cesare Battisti continua preso.<\/p>\n<p>Na \u00faltima sexta-feira (31), o ex-presidente Luiz In\u00e1cio Lula da Silva acatou parecer da Advocacia-Geral da Uni\u00e3o e decidiu n\u00e3o extraditar Battisti, contrariando os apelos do governo italiano. A defesa do italiano entrou com pedido de alvar\u00e1 de soltura no STF, questionado pelo governo italiano.<\/p>\n<p>A defesa da Rep\u00fablica Italiana afirma que a expedi\u00e7\u00e3o do alvar\u00e1 de soltura de Battisti deve ser feita pelo plen\u00e1rio do Supremo, uma vez que a decis\u00e3o de prend\u00ea-lo para aguardar a extradi\u00e7\u00e3o foi uma decis\u00e3o do colegiado.<\/p>\n<p><!--more--><\/p>\n<p>O advogado que representa o governo italiano no Brasil, Nabor Bulh\u00f5es, afirmou que ainda nesta semana vai entrar no STF com um pedido de impugna\u00e7\u00e3o da decis\u00e3o do ex-presidente Luiz In\u00e1cio Lula da Silva de n\u00e3o extraditar Battisti. Preso no Brasil desde mar\u00e7o de 2007, o italiano est\u00e1 detido na penitenci\u00e1ria da Papuda, em Bras\u00edlia.<\/p>\n<p>Berlusconi<br \/>\nNesta ter\u00e7a-feira (4), o chefe do governo italiano, Silvio Berlusconi, afirmou que as rela\u00e7\u00f5es com o Brasil n\u00e3o mudar\u00e3o, apesar das tens\u00f5es causadas pela recusa da extradi\u00e7\u00e3o de Cesare Battisti, condenado na It\u00e1lia \u00e0 pris\u00e3o perp\u00e9tua por suposta participa\u00e7\u00e3o em quatro assassinatos.<\/p>\n<p>&#8220;Este caso n\u00e3o afeta as boas rela\u00e7\u00f5es que temos com o Brasil, trata-se de um caso de Justi\u00e7a, por isso nossas rela\u00e7\u00f5es com esse pa\u00eds n\u00e3o mudar\u00e3o por causa dessa situa\u00e7\u00e3o&#8221;, declarou Berlusconi ao t\u00e9rmino de uma reuni\u00e3o em Mil\u00e3o com Alberto Torregiani, filho do joalheiro assassinado em 1979 por um comando do grupo de ultraesquerda Prolet\u00e1rios Armados pelo Comunismo (PAC), do qual Battisti foi membro. As informa\u00e7\u00f5es s\u00e3o do G1. <\/p>\n<p>Reda\u00e7\u00e3o <a href = \"http:\/\/www.correio24horas.com.br\/noticias\/detalhes\/detalhes-1\/artigo\/presidente-do-stf-mantem-battisti-preso-e-adia-decisao-sobre-libertacao\/\" target = \"_news\"><b>CORREIO DA BAHIA<\/b><\/a><\/p>\n","protected":false},"excerpt":{"rendered":"<p>Ex-presidente Lula negou pedido de extradi\u00e7\u00e3o de Cesare Battisti O presidente do Supremo Tribunal Federal (STF), ministro Cezar Peluso, decidiu nesta quinta-feira (6), diante da urg\u00eancia do caso, encaminhar o processo de extradi\u00e7\u00e3o do ex-ativista de esquerda Cesare Battisti para ser apreciado pelo relator do caso, ministro Gilmar Mendes. Por causa do recesso judici\u00e1rio, em [&hellip;]<\/p>\n","protected":false},"author":2,"featured_media":0,"comment_status":"open","ping_status":"open","sticky":false,"template":"","format":"standard","meta":{"_links_to":"","_links_to_target":""},"categories":[13],"tags":[],"_links":{"self":[{"href":"https:\/\/www.r2cpress.com.br\/v1\/wp-json\/wp\/v2\/posts\/5942"}],"collection":[{"href":"https:\/\/www.r2cpress.com.br\/v1\/wp-json\/wp\/v2\/posts"}],"about":[{"href":"https:\/\/www.r2cpress.com.br\/v1\/wp-json\/wp\/v2\/types\/post"}],"author":[{"embeddable":true,"href":"https:\/\/www.r2cpress.com.br\/v1\/wp-json\/wp\/v2\/users\/2"}],"replies":[{"embeddable":true,"href":"https:\/\/www.r2cpress.com.br\/v1\/wp-json\/wp\/v2\/comments?post=5942"}],"version-history":[{"count":3,"href":"https:\/\/www.r2cpress.com.br\/v1\/wp-json\/wp\/v2\/posts\/5942\/revisions"}],"predecessor-version":[{"id":5946,"href":"https:\/\/www.r2cpress.com.br\/v1\/wp-json\/wp\/v2\/posts\/5942\/revisions\/5946"}],"wp:attachment":[{"href":"https:\/\/www.r2cpress.com.br\/v1\/wp-json\/wp\/v2\/media?parent=5942"}],"wp:term":[{"taxonomy":"category","embeddable":true,"href":"https:\/\/www.r2cpress.com.br\/v1\/wp-json\/wp\/v2\/categories?post=5942"},{"taxonomy":"post_tag","embeddable":true,"href":"https:\/\/www.r2cpress.com.br\/v1\/wp-json\/wp\/v2\/tags?post=5942"}],"curies":[{"name":"wp","href":"https:\/\/api.w.org\/{rel}","templated":true}]}}