{"id":5947,"date":"2011-01-07T09:24:29","date_gmt":"2011-01-07T12:24:29","guid":{"rendered":"http:\/\/www.r2cpress.com.br\/v1\/?p=5947"},"modified":"2011-01-07T09:24:29","modified_gmt":"2011-01-07T12:24:29","slug":"alencar-esta-consciente-e-respira-sem-ajuda-de-aparelhos","status":"publish","type":"post","link":"https:\/\/www.r2cpress.com.br\/v1\/2011\/01\/07\/alencar-esta-consciente-e-respira-sem-ajuda-de-aparelhos\/","title":{"rendered":"Alencar est\u00e1 consciente e respira sem ajuda de aparelhos"},"content":{"rendered":"<p><strong>S\u00e3o Paulo<\/strong> &#8211; O ex-vice-presidente da Rep\u00fablica Jos\u00e9 Alencar permanece internado na Unidade de Terapia Intensiva (UTI) Cardiol\u00f3gica do Hospital S\u00edrio-Liban\u00eas, na capital paulista. Acompanhado da fam\u00edlia, ele est\u00e1 acordado,conversando e se alimentando normalmente. Durante a tarde foram retirados os aparelhos que o ajudavam na respira\u00e7\u00e3o.<\/p>\n<p>Alencar se recupera de uma arteriografia realizada ontem (5). O procedimento serviu para estancar a hemorragia intestinal sofrido por ex-vice-presidente. Ele est\u00e1 internado desde o dia 22 para tratar de um sangramento intestinal causado pelo c\u00e2ncer.<\/p>\n<p>Daniel Mello<br \/>\nRep\u00f3rter da <a href = \"http:\/\/agenciabrasil.ebc.com.br\/home;jsessionid=29AA212C28C501D2D446BEC0676A7A00?p_p_id=56&#038;p_p_lifecycle=0&#038;p_p_state=maximized&#038;p_p_mode=view&#038;p_p_col_id=column-4&#038;p_p_col_pos=3&#038;p_p_col_count=8&#038;_56_groupId=19523&#038;_56_articleId=3158312\" target = \"_news\"><b>Ag\u00eancia Brasil<\/b><\/a><br \/>\nEdi\u00e7\u00e3o: Jo\u00e3o Carlos Rodrigues<\/p>\n","protected":false},"excerpt":{"rendered":"<p>S\u00e3o Paulo &#8211; O ex-vice-presidente da Rep\u00fablica Jos\u00e9 Alencar permanece internado na Unidade de Terapia Intensiva (UTI) Cardiol\u00f3gica do Hospital S\u00edrio-Liban\u00eas, na capital paulista. Acompanhado da fam\u00edlia, ele est\u00e1 acordado,conversando e se alimentando normalmente. Durante a tarde foram retirados os aparelhos que o ajudavam na respira\u00e7\u00e3o. Alencar se recupera de uma arteriografia realizada ontem (5). [&hellip;]<\/p>\n","protected":false},"author":2,"featured_media":0,"comment_status":"open","ping_status":"open","sticky":false,"template":"","format":"standard","meta":{"_links_to":"","_links_to_target":""},"categories":[18],"tags":[],"_links":{"self":[{"href":"https:\/\/www.r2cpress.com.br\/v1\/wp-json\/wp\/v2\/posts\/5947"}],"collection":[{"href":"https:\/\/www.r2cpress.com.br\/v1\/wp-json\/wp\/v2\/posts"}],"about":[{"href":"https:\/\/www.r2cpress.com.br\/v1\/wp-json\/wp\/v2\/types\/post"}],"author":[{"embeddable":true,"href":"https:\/\/www.r2cpress.com.br\/v1\/wp-json\/wp\/v2\/users\/2"}],"replies":[{"embeddable":true,"href":"https:\/\/www.r2cpress.com.br\/v1\/wp-json\/wp\/v2\/comments?post=5947"}],"version-history":[{"count":2,"href":"https:\/\/www.r2cpress.com.br\/v1\/wp-json\/wp\/v2\/posts\/5947\/revisions"}],"predecessor-version":[{"id":5949,"href":"https:\/\/www.r2cpress.com.br\/v1\/wp-json\/wp\/v2\/posts\/5947\/revisions\/5949"}],"wp:attachment":[{"href":"https:\/\/www.r2cpress.com.br\/v1\/wp-json\/wp\/v2\/media?parent=5947"}],"wp:term":[{"taxonomy":"category","embeddable":true,"href":"https:\/\/www.r2cpress.com.br\/v1\/wp-json\/wp\/v2\/categories?post=5947"},{"taxonomy":"post_tag","embeddable":true,"href":"https:\/\/www.r2cpress.com.br\/v1\/wp-json\/wp\/v2\/tags?post=5947"}],"curies":[{"name":"wp","href":"https:\/\/api.w.org\/{rel}","templated":true}]}}