{"id":59581,"date":"2013-02-25T19:14:49","date_gmt":"2013-02-25T22:14:49","guid":{"rendered":"http:\/\/www.r2cpress.com.br\/v1\/?p=59581"},"modified":"2013-02-25T19:14:49","modified_gmt":"2013-02-25T22:14:49","slug":"prefeitura-de-itabuna-37","status":"publish","type":"post","link":"https:\/\/www.r2cpress.com.br\/v1\/2013\/02\/25\/prefeitura-de-itabuna-37\/","title":{"rendered":"Prefeitura de Itabuna"},"content":{"rendered":"<p><center><a href=\"http:\/\/www.r2cpress.com.br\/v1\/wp-content\/uploads\/CAPA-R2CPRESS30.jpg\"><img loading=\"lazy\" src=\"http:\/\/www.r2cpress.com.br\/v1\/wp-content\/uploads\/CAPA-R2CPRESS30.jpg\" alt=\"CAPA R2CPRESS\" width=\"500\" height=\"500\" class=\"aligncenter size-full wp-image-59582\" srcset=\"https:\/\/www.r2cpress.com.br\/v1\/wp-content\/uploads\/CAPA-R2CPRESS30.jpg 500w, https:\/\/www.r2cpress.com.br\/v1\/wp-content\/uploads\/CAPA-R2CPRESS30-150x150.jpg 150w, https:\/\/www.r2cpress.com.br\/v1\/wp-content\/uploads\/CAPA-R2CPRESS30-300x300.jpg 300w\" sizes=\"(max-width: 500px) 100vw, 500px\" \/><\/a><br \/>\n<strong>Motociclistas que estacionarem na Cinquenten\u00e1rio ser\u00e3o multados. Mas Settran mant\u00e9m a\u00e7\u00f5es educativas<br \/>\nPrefeitura treina servidores para cumprimento de norma do TCM<br \/>\nBenefici\u00e1rios n\u00e3o precisam fazer recadastramento no Bolsa Fam\u00edlia<br \/>\nPrefeitura abre inscri\u00e7\u00f5es para cursos gratuitos do Pronatec<br \/>\nCome\u00e7am as aulas na rede p\u00fablica municipal de Itabuna<\/strong><\/center><\/p>\n<p><!--more--><\/p>\n<p>***<\/p>\n<p><strong>Motociclistas que estacionarem na Cinquenten\u00e1rio ser\u00e3o multados. Mas Settran mant\u00e9m a\u00e7\u00f5es educativas<\/strong><\/p>\n<p>A partir desta segunda-feira, o motociclista que estacionar na Avenida do Cinquenten\u00e1rio, no centro de Itabuna, poder\u00e1 ter o ve\u00edculo removido por guincho e ser multado em R$ 53,00.  A orienta\u00e7\u00e3o \u00e9 que as motocicletas sejam estacionadas na Alameda da Juventude, onde h\u00e1 300 vagas, e na Pra\u00e7a Camac\u00e3, onde foram disponibilizadas 400 vagas. De acordo com o secret\u00e1rio de Transporte e Tr\u00e2nsito, Clodovil Soares, essas vagas continuar\u00e3o gratuitas mesmo ap\u00f3s o retorno da Zona Azul, quando este ocorrer.<br \/>\nAo longo da Cinquenten\u00e1rio tamb\u00e9m foram determinados pontos estrat\u00e9gicos para estacionamento de motot\u00e1xis, uma forte reivindica\u00e7\u00e3o da categoria. O secret\u00e1rio diz que os mais de 23 mil motociclistas que circulam em Itabuna podem se tranq\u00fcilizar em rela\u00e7\u00e3o \u00e0 seguran\u00e7a dos estacionamentos obrigat\u00f3rios, pois j\u00e1 est\u00e1 em andamento a retomada do videomonitoramento em parceria com a Pol\u00edcia Militar, bem como o refor\u00e7o do policiamento nos locais. Os condutores devem se adaptar as novas regras, visto que no pr\u00f3ximo m\u00eas o estacionamento em uma das laterais da Avenida In\u00e1cio Tosta Filho tamb\u00e9m ser\u00e1 proibido.<br \/>\nAs medidas do governo municipal visam melhorar a circula\u00e7\u00e3o no centro. Por isso, a interven\u00e7\u00e3o come\u00e7ou pela Cinquenten\u00e1rio.  A \u00e1rea abriga o com\u00e9rcio, os servi\u00e7os e o sistema banc\u00e1rio de Itabuna, que \u00e9 p\u00f3lo da regi\u00e3o Sul da Bahia. \u201cA medida foi salutar e ben\u00e9fica para a coletividade\u201d considera Clodovil Soares.<br \/>\nEle explica que a Settran tem organizado projetos para educa\u00e7\u00e3o no tr\u00e2nsito no sentido de torn\u00e1-lo ainda mais civilizado, educado e seguro. \u201cQueremos passar informa\u00e7\u00f5es para o cidad\u00e3o e provoc\u00e1-lo para que se aprofunde no estudo das regras de transito e n\u00e3o fique apenas no \u2018achismo\u2019\u201d ressaltou o Clodovil Soares.<br \/>\nNestas segunda e ter\u00e7a-feira a Settran realiza o Encontro Educativo sobre Seguran\u00e7a no Tr\u00e2nsito, tendo como participantes os condutores e propriet\u00e1rios de ve\u00edculos do sistema de transporte escolar. J\u00e1 nos dias 6 e 7 de mar\u00e7o acontecer\u00e1 o I F\u00f3rum de Mobilidade Urbana e Qualidade de Vida para o qual toda a comunidade itabunense est\u00e1 convidada a participar. O secret\u00e1rio antecipou que ainda este ano devem ocorrer a\u00e7\u00f5es que destacam o respeito no tr\u00e2nsito. O projeto Agente de Tr\u00e2nsito Mirim em parceria com as escolas p\u00fablicas e o projeto \u201cO Dono da Rua\u201d que estimula a conscientiza\u00e7\u00e3o por meio do teatro.<\/p>\n<p><strong>Prefeitura treina servidores para cumprimento de norma do TCM <\/strong><\/p>\n<p>\tA Prefeitura de Itabuna, por meio da Controladoria Geral do Munic\u00edpio &#8211; CGM deu in\u00edcio a partir de hoje \u00e0 opera\u00e7\u00e3o do Sistema Integrado de Gest\u00e3o e Auditoria (SIGA), em cumprimento a Resolu\u00e7\u00e3o1.282\/09, de 22 de dezembro de 2009, do Tribunal de Contas dos Munic\u00edpios. A medida estabeleceu a obrigatoriedade de Prefeituras, C\u00e2maras de Vereadores e demais \u00f3rg\u00e3os e entidades da administra\u00e7\u00e3o direta e indireta municipal, remeter informa\u00e7\u00f5es da gest\u00e3o p\u00fablica municipal ao Tribunal, pelo software SIGA \u00e0s respectivas Inspetorias Regionais, sob forma documental, com demonstrativos mensais de receita e despesa.<br \/>\n\tNa semana passada, a Controladoria promoveu conjuntamente com a Divis\u00e3o de Treinamento e Educa\u00e7\u00e3o Permanente da Secretaria da Administra\u00e7\u00e3o o treinamento de um grupo de 25 servidores p\u00fablicos municipais para capacit\u00e1-los na coleta de informa\u00e7\u00f5es e cadastramento no sistema para garantir o acesso \u00e0 presta\u00e7\u00e3o de contas mensal pela Inspetoria Regional de Controle Externo (IRCE) do TCM e ao gestor. Segundo avalia o controlador geral Oton Souza Matos, os servidores participantes do curso tiveram bom aproveitamento e est\u00e3o aptos operar o SIGA, regulamentado pela CGM em janeiro passado.<br \/>\n\tOton Matos informou que somente agora \u00e9 que o munic\u00edpio se preocupou em treinar servidores para o cumprimento do que determina do Tribunal de Contas dos Munic\u00edpios, apesar de, por ser sede da Inspetoria Regional de Controle Externo do TCM, Itabuna j\u00e1 estar obrigada ao cumprimento da Resolu\u00e7\u00e3o do SIGA desde 2008\u201d, explicou o controlador, acrescentando que a transpar\u00eancia na gest\u00e3o p\u00fablica municipal \u00e9 um dos principais compromissos da administra\u00e7\u00e3o do prefeito Claudevane Leite.<br \/>\n\tSegundo o diretor do Departamento de Controle Interno da Prefeitura, Alex Santos de Souza, o curso realizado na quinta-feira passada, orientou os servidores sob aspectos conceituais e pr\u00e1ticos do SIGA, contando com palestras do inspetor da 4\u00aa IRCE Juliano Silva, do diretor do Departamento de Auditoria da Prefeitura, Antonio Carlos Silva Jovita e dele pr\u00f3prio.<br \/>\n\tPela Resolu\u00e7\u00e3o1.282\/09, trimestralmente tamb\u00e9m ter\u00e3o que ser enviadas rela\u00e7\u00f5es das obras e servi\u00e7os de engenharia realizados e em andamento no munic\u00edpio, al\u00e9m de relat\u00f3rio dos servidores nomeados e contratados, bem como o total de despesa de pessoal confrontado com o valor das receitas no semestre e no per\u00edodo vencido do ano e a rela\u00e7\u00e3o dos gastos efetivados com notici\u00e1rio e propaganda. <\/p>\n<p><strong>Benefici\u00e1rios n\u00e3o precisam fazer recadastramento no Bolsa Fam\u00edlia <\/strong><\/p>\n<p>\tAs fam\u00edlias benefici\u00e1rias do Programa Bolsa Fam\u00edlia que fizeram o cadastramento no ano de 2012 n\u00e3o precisar\u00e3o fazer novamente este ano.  A determina\u00e7\u00e3o \u00e9 do Minist\u00e9rio de Desenvolvimento e Combate a Fome, que exige o recadastramento somente a cada dois anos.<br \/>\n\tO diretor do Departamento de Combate \u00e0 Pobreza da Secretaria de Assist\u00eancia Social, Evandro Pereira dos Santos Filho, informa, entretanto, que as fam\u00edlias que tiveram o beneficio suspenso devem comparecer \u00e0 sede da Divis\u00e3o, na Avenida In\u00e1cio Tosta, na antiga Central de Regula\u00e7\u00e3o, no centro da cidade, para atualiza\u00e7\u00e3o do cadastro. Ele explicou que a suspens\u00e3o parcial do benef\u00edcio pode ocorrer quando h\u00e1 mudan\u00e7a de endere\u00e7o ou transfer\u00eancia de filhos de uma escola para outra.<br \/>\n\tA Secretaria de Assist\u00eancia Social (SAS) recebeu determina\u00e7\u00e3o expressa do prefeito Claudevane Leite para que agilize os procedimentos para que sejam dirimidas todas as d\u00favidas sobre o Bolsa Fam\u00edlia e outros programas sociais realizados em parceria com o Governo Federal. Vane tranquiliza as fam\u00edlias beneficiadas, garantindo que ningu\u00e9m ficar\u00e1 de fora dos benef\u00edcios, se a situa\u00e7\u00e3o estiver regular.<br \/>\n\tO Bolsa Fam\u00edlia \u00e9 um programa do Governo Federal e assegura \u00e0s fam\u00edlias em situa\u00e7\u00e3o de vulnerabilidade e pobreza uma renda mensal que pode chegar at\u00e9 R$ 240 mensais. Em Itabuna, o programa atende mais de 23 mil fam\u00edlias, muitas das quais sobrevivem apenas com esse valor.<\/p>\n<p><strong>Prefeitura abre inscri\u00e7\u00f5es para cursos gratuitos do Pronatec <\/strong><\/p>\n<p>\tA Prefeitura de Itabuna abriu, nesta segunda-feira, as inscri\u00e7\u00f5es para uma s\u00e9rie de cursos t\u00e9cnicos gratuitos, a serem ministrados em parceria com o Instituto Federal de Educa\u00e7\u00e3o, Ci\u00eancias e Tecnologias da Bahia (IFBA), atrav\u00e9s do Programa Nacional de Acesso ao Ensino T\u00e9cnico (Pronatec). As inscri\u00e7\u00f5es podem ser feitas das 8 \u00e0s 14 horas, na Casa do Bolsa Fam\u00edlia (antiga Central de Regula\u00e7\u00e3o), na avenida In\u00e1cio Tosta Filho.<br \/>\n\tOs cursos s\u00e3o destinados a pessoas a partir de 15 anos de idade, com escolaridade m\u00ednima exigida do ensino fundamental ou m\u00e9dio incompleto, e ter\u00e1 carga hor\u00e1ria de 180 horas. As aulas ser\u00e3o ministradas no Grupo Escolar L\u00facia Oliveira, no turno noturno, logo que as turmas estiverem formadas. Ao todo s\u00e3o 19 cursos com v\u00e1rios eixos tecnol\u00f3gicos, a exemplo de Gest\u00e3o e Neg\u00f3cios, Ambiente e Sa\u00fade, Informa\u00e7\u00e3o e Comunica\u00e7\u00e3o, Desenvolvimento Educacional e Social e Produ\u00e7\u00e3o Industrial.<br \/>\n\tA diretora do Departamento de Prote\u00e7\u00e3o Social B\u00e1sica da Secretaria de Assist\u00eancia Social de Itabuna (SAS), Luciana Seara, informa que ser\u00e3o disponibilizadas 1.450 vagas, e alguns cursos chegam a oferecer at\u00e9 110 vagas, como \u00e9 o caso de Ingl\u00eas Aplicado a Servi\u00e7os Tur\u00edsticos e Auxiliar de Fiscaliza\u00e7\u00e3o Ambiental.<br \/>\n\tO secret\u00e1rio de Assist\u00eancia Social, Jos\u00e9 Carlos Trindade, lembra que a promo\u00e7\u00e3o de cursos profissionalizantes e gratuitos \u00e0 comunidade, a exemplo destes e de outros que ser\u00e3o trazidos para Itabuna, faz parte do plano de a\u00e7\u00e3o do prefeito Claudevane Leite, visando \u00e0 gera\u00e7\u00e3o de emprego, renda e de uma qualidade de vida melhor para todos.<br \/>\n\t\u201cNosso objetivo \u00e9 incluir, no mercado de trabalho, um maior n\u00famero de pessoas carentes de todos os cantos da cidade, a partir da capacita\u00e7\u00e3o e da qualifica\u00e7\u00e3o profissional que s\u00e3o o caminho para abrir portas para o trabalho, e por extens\u00e3o, para o acesso \u00e0 cidadania, \u00e0 igualdade social e \u00e0 dignidade, que todos n\u00f3s temos direito\u201d, refor\u00e7ou Trindade.<\/p>\n<p><strong>Come\u00e7am as aulas na rede p\u00fablica municipal de Itabuna<\/strong><\/p>\n<p>Ap\u00f3s dois meses de f\u00e9rias, mais de 25 mil alunos da Rede P\u00fablica Municipal de Ensino de Itabuna retornaram \u00e0s aulas nesta segunda-feira, nas 110 unidades escolares instaladas na cidade e na zona rural. Para marcar o in\u00edcio do ano letivo, as escolas programaram uma s\u00e9rie de atividades recreativas e culturais como forma de acolher pais e alunos, promovendo uma maior intera\u00e7\u00e3o entre a fam\u00edlia e a equipe escolar.<br \/>\n\tPara transmitir a mensagem de boas-vindas da Secretaria da Educa\u00e7\u00e3o (SEC), a secret\u00e1ria Dinalva Melo do Nascimento esteve no Instituto Municipal de Educa\u00e7\u00e3o Aziz Maron (Imeam), participando das atividades programadas pela escola, que \u00e9 a maior da Rede e a \u00fanica que oferece atendimento em tempo integral. Falando aos professores, alunos e aos pais reunidos no Gin\u00e1sio de Esportes, a secret\u00e1ria lembrou que o ato de acolher \u00e9 algo imprescind\u00edvel ao processo educacional.<br \/>\n\t\u201cAcolher bem as pessoas \u00e9 condicionante para que elas se envolvam, sintam-se participantes e importantes no processo, comprometendo-se com os resultados esperados por todos, que \u00e9 uma educa\u00e7\u00e3o de mais qualidade. Neste aspecto, o Imeam deve fazer destes princ\u00edpios algo indissoci\u00e1vel da sua proposta de Educa\u00e7\u00e3o em Tempo Integral, buscando uma maior intera\u00e7\u00e3o com as fam\u00edlias dos alunos e com a comunidade\u201d, afirmou Dinalva.<br \/>\n\tEla disse ainda que a inser\u00e7\u00e3o da arte nas salas de aula ser\u00e1 um dos recursos que a SEC ir\u00e1 implementar visando promover uma melhor compreens\u00e3o do processo cultural que envolve as quest\u00f5es do ensino-aprendizagem na forma\u00e7\u00e3o do cidad\u00e3o em sua totalidade enquanto ser. A programa\u00e7\u00e3o de acolhida no Imeam inclui apresenta\u00e7\u00f5es musicais e a mensagem do diretor da Escola, professor Ricardo Dantas, que aproveitou para apresentar o corpo docente e informes sobre a unidade escolar.<\/p>\n<p>\tExpectativa dos pais<\/p>\n<p>\tVinda de Belo Horizonte (MG) e residindo em Itabuna desde janeiro \u00faltimo, Karla Cristina Am\u00e9rica Novis, que \u00e9 m\u00e3e de dois novos estudantes do Imeam, falou de suas expectativas em rela\u00e7\u00e3o \u00e0 escola. \u201cEspero que este espa\u00e7o educacional possa atender \u00e0 precis\u00e3o de aprendizagem dos meus filhos, que tamb\u00e9m s\u00e3o oriundos de escola p\u00fablica na capital mineira. A princ\u00edpio, achei muito interessante a proposta de Educa\u00e7\u00e3o em Tempo Integral e acredito que ela poder\u00e1 atender n\u00e3o s\u00f3 as minhas expectativas, e \u00e0s necessidades educacionais da minha fam\u00edlia, mas de todos os pais que buscam o melhor para seus filhos\u201d, argumentou.<br \/>\n\tAcompanhando dois netos com necessidades educacionais especiais, Maria Rosangela Alves da Silva Lima tamb\u00e9m falou das suas perspectivas em rela\u00e7\u00e3o ao Imeam. \u201cCom o atendimento em Educa\u00e7\u00e3o Inclusiva oferecido na Rede Municipal de Ensino, inclusive aqui nesta escola, tenho a certeza de que os meus netos poder\u00e3o se desenvolver melhor, em rela\u00e7\u00e3o \u00e0 aprendizagem, de maneira que eles possam interagir socialmente com mais autonomia e independ\u00eancia\u201d, disse a dona de casa.<br \/>\n\tJ\u00e1 o estudante Henrique Novis, 12 anos, matriculado no Ciclo da Adolesc\u00eancia, revelou estar muito ansioso em rela\u00e7\u00e3o ao ensino do Imeam, a nova escola que ir\u00e1 estudar a partir de agora. \u201cAcho que ser\u00e1 muito legal, pois, al\u00e9m das aulas normais, poderei participar de oficinas de m\u00fasica e outras atividades esportivas. Isto \u00e9 muito bom\u201d, opinou o aluno que veio transferido da Rede P\u00fablica de Belo Horizonte.  Mesmo com o in\u00edcio do ano letivo, as escolas municipais de Itabuna ainda disp\u00f5e de vagas para alunos oriundos de outras redes.<br \/>\n________________________________________<br \/>\nPrefeitura de Itabuna<br \/>\nDepartamento de Comunica\u00e7\u00e3o Social<br \/>\nFotos:  Gabriel de Oliveira e Wilson Oliveira.<\/p>\n","protected":false},"excerpt":{"rendered":"<p>Motociclistas que estacionarem na Cinquenten\u00e1rio ser\u00e3o multados. Mas Settran mant\u00e9m a\u00e7\u00f5es educativas Prefeitura treina servidores para cumprimento de norma do TCM Benefici\u00e1rios n\u00e3o precisam fazer recadastramento no Bolsa Fam\u00edlia Prefeitura abre inscri\u00e7\u00f5es para cursos gratuitos do Pronatec Come\u00e7am as aulas na rede p\u00fablica municipal de Itabuna<\/p>\n","protected":false},"author":2,"featured_media":0,"comment_status":"open","ping_status":"open","sticky":false,"template":"","format":"standard","meta":{"_links_to":"","_links_to_target":""},"categories":[15],"tags":[],"_links":{"self":[{"href":"https:\/\/www.r2cpress.com.br\/v1\/wp-json\/wp\/v2\/posts\/59581"}],"collection":[{"href":"https:\/\/www.r2cpress.com.br\/v1\/wp-json\/wp\/v2\/posts"}],"about":[{"href":"https:\/\/www.r2cpress.com.br\/v1\/wp-json\/wp\/v2\/types\/post"}],"author":[{"embeddable":true,"href":"https:\/\/www.r2cpress.com.br\/v1\/wp-json\/wp\/v2\/users\/2"}],"replies":[{"embeddable":true,"href":"https:\/\/www.r2cpress.com.br\/v1\/wp-json\/wp\/v2\/comments?post=59581"}],"version-history":[{"count":3,"href":"https:\/\/www.r2cpress.com.br\/v1\/wp-json\/wp\/v2\/posts\/59581\/revisions"}],"predecessor-version":[{"id":59585,"href":"https:\/\/www.r2cpress.com.br\/v1\/wp-json\/wp\/v2\/posts\/59581\/revisions\/59585"}],"wp:attachment":[{"href":"https:\/\/www.r2cpress.com.br\/v1\/wp-json\/wp\/v2\/media?parent=59581"}],"wp:term":[{"taxonomy":"category","embeddable":true,"href":"https:\/\/www.r2cpress.com.br\/v1\/wp-json\/wp\/v2\/categories?post=59581"},{"taxonomy":"post_tag","embeddable":true,"href":"https:\/\/www.r2cpress.com.br\/v1\/wp-json\/wp\/v2\/tags?post=59581"}],"curies":[{"name":"wp","href":"https:\/\/api.w.org\/{rel}","templated":true}]}}