{"id":59797,"date":"2013-02-28T19:17:11","date_gmt":"2013-02-28T22:17:11","guid":{"rendered":"http:\/\/www.r2cpress.com.br\/v1\/?p=59797"},"modified":"2013-02-28T19:17:11","modified_gmt":"2013-02-28T22:17:11","slug":"mais-de-oito-mil-turistas-visitaram-ilheus-em-apenas-dois-dias","status":"publish","type":"post","link":"https:\/\/www.r2cpress.com.br\/v1\/2013\/02\/28\/mais-de-oito-mil-turistas-visitaram-ilheus-em-apenas-dois-dias\/","title":{"rendered":"Mais de oito mil turistas visitaram Ilh\u00e9us em apenas dois dias"},"content":{"rendered":"<p>Tr\u00eas navios transatl\u00e2nticos, com mais de oito mil turistas a bordo, atracaram ontem e hoje, dias 27 e 28, no porto de Ilh\u00e9us, movimentando ainda mais o com\u00e9rcio e a economia da cidade. Os principais pontos tur\u00edsticos e ruas do centro hist\u00f3rico ficaram lotados, a exemplo do Bar Ves\u00favio, Espa\u00e7o Bataclan, Casa de Jorge Amado, Pal\u00e1cio Paranagu\u00e1, Igreja Matriz de S\u00e3o Jorge, Catedral de S\u00e3o Sebasti\u00e3o, todos eles referenciados nacional e internacionalmente atrav\u00e9s da obra do escritor Jorge Amado, \u201cGabriela\u201d, \u201cS\u00e3o Jorge dos Ilh\u00e9us\u201d e \u201cTerras do Sem Fim.\u201d<br \/>\n<div id=\"attachment_59799\" style=\"width: 560px\" class=\"wp-caption aligncenter\"><a href=\"http:\/\/www.r2cpress.com.br\/v1\/wp-content\/uploads\/CAPA-R2CPRESS33.jpg\"><img aria-describedby=\"caption-attachment-59799\" loading=\"lazy\" src=\"http:\/\/www.r2cpress.com.br\/v1\/wp-content\/uploads\/CAPA-R2CPRESS33.jpg\" alt=\"Centro_Ilh\u00e9us\" width=\"550\" height=\"550\" class=\"size-full wp-image-59799\" srcset=\"https:\/\/www.r2cpress.com.br\/v1\/wp-content\/uploads\/CAPA-R2CPRESS33.jpg 550w, https:\/\/www.r2cpress.com.br\/v1\/wp-content\/uploads\/CAPA-R2CPRESS33-150x150.jpg 150w, https:\/\/www.r2cpress.com.br\/v1\/wp-content\/uploads\/CAPA-R2CPRESS33-300x300.jpg 300w\" sizes=\"(max-width: 550px) 100vw, 550px\" \/><\/a><p id=\"caption-attachment-59799\" class=\"wp-caption-text\">Centro_Ilh\u00e9us<\/p><\/div><br \/>\nOs visitantes desembarcaram nos navios MSC Orchestra, Splendour of the Seas e Grand Mistral. Eles procuraram tamb\u00e9m outros atrativos tur\u00edsticos, como as praias do Sul, a est\u00e2ncia hidromineral de Oliven\u00e7a, o Mercado de Artesanato e fazendas de cacau abertas \u00e0 visita\u00e7\u00e3o. Os turistas demonstraram encantamento com a cidade, sempre curiosos com a hist\u00f3ria e o cen\u00e1rio descritos por Jorge Amado no romance \u201cGabriela, Cravo e Canela\u201d, entre as d\u00e9cadas de 1920 e 1930.<\/p>\n<p><!--more--><\/p>\n<p>Os turistas, origin\u00e1rios de diversos estados do Brasil, v\u00eam em busca de divers\u00e3o, culin\u00e1ria, paisagens naturais e refer\u00eancias hist\u00f3ricas de Ilh\u00e9us, cidade que foi Capitania Heredit\u00e1ria. Geralmente, falam com alegria e satisfa\u00e7\u00e3o sobre a cidade e seus encantos. \u00c9 o caso do turista Marco Quadro, que veio acompanhado pela namorada Roseli. \u201cEu pensei que Ilh\u00e9us fosse uma prov\u00edncia ainda; pensei que n\u00e3o tivesse toda essa estrutura e me impressionei. Realmente, com o crescimento de Ilh\u00e9us, dou parab\u00e9ns ao prefeito e todo esse povo daqui.\u201d<\/p>\n<p>A cidade tamb\u00e9m ultrapassou as expectativas do brasiliense Luis Carlos Mello, que tamb\u00e9m se disse encantado com Ilh\u00e9us. \u201cA cidade \u00e9 muito linda, superou nossa expectativa. A simplicidade do povo e a beleza da cidade &#8211; tudo \u00e9 lindo. Os ilheenses est\u00e3o de parab\u00e9ns\u201d, acrescentou.<\/p>\n<p>A turista paulista Elvira Gagliarde conta que n\u00e3o \u00e9 a primeira vez que veio a Ilh\u00e9us. Acompanhada por amigas, ela aproveitou o clima da cidade para passear pelo centro hist\u00f3rico e experimentar o famoso \u201cquibe do Nacib\u201d, no Bar Ves\u00favio. \u201cA cidade \u00e9 muito boa. J\u00e1 estivemos aqui v\u00e1rias vezes e sempre voltamos. Sempre que compramos o cruzeiro, a primeira coisa que perguntamos \u00e9 se passar\u00e1 por Ilh\u00e9us. Eu e minhas amigas estamos sempre aqui\u201d, repetiu.<\/p>\n<p>Para\u00edso. Essa foi a defini\u00e7\u00e3o das empres\u00e1rias de Campos dos Goytacazes, Rio de Janeiro, Regina Mendon\u00e7a e Maria das Neves, para Ilh\u00e9us. A Terra da Gabriela atrai todos os anos milhares de turistas que v\u00eam conhecer de perto as belezas e potencialidades tur\u00edsticas da cidade.  O pr\u00f3ximo transatl\u00e2ntico a atracar no Porto de Ilh\u00e9us ser\u00e1 o Aidacara, no dia 7 de mar\u00e7o. Outros navios chegar\u00e3o \u00e0 cidade ainda no m\u00eas de mar\u00e7o.<\/p>\n<p>Dois navios transatl\u00e2nticos, com cerca de seis mil turistas abordo, atracaram ontem, dia 27, em Ilh\u00e9us. Movimentando ainda mais a economia da cidade, os turistas v\u00eaem em busca da hist\u00f3ria da cidade da Gabriela. Hoje pela manh\u00e3 outro navio pode ser visto no Porto da cidade.<\/p>\n<p>Que v\u00eam em busca de divers\u00e3o, culin\u00e1ria, belas paisagens naturais e referencia hist\u00f3rica n\u00e3o se decepciona com os encantos da cidade. \u00c9 o caso do turista Marco Quadro que veio acompanhada da namorada Roseli. \u201cEu pensei que Ilh\u00e9us fosse uma prov\u00edncia ainda, pensei que n\u00e3o tivesse toda essa estrutura me impressionei realmente com o crescimento de Ilh\u00e9us. Dou parab\u00e9ns para o prefeito e para esse povo daqui.\u201d<\/p>\n<p>A cidade tamb\u00e9m superou as expectativas do brasiliense Luis Carlos Mello que se encantou com Ilh\u00e9us. \u201cA cidade \u00e9 muito linda, superou nossa expectativas. A simplicidade do povo e a beleza da cidade, tudo \u00e9 lindo. Os ilheenses est\u00e3o de parab\u00e9ns\u201d.<\/p>\n<p>A turista paulista, Elvira Gagliarde conta que n\u00e3o \u00e9 a primeira vez que ela visita Ilh\u00e9us. A paulista veio acompanha pelas amigas e aproveitou o clima da cidade para passear pelo centro hist\u00f3rico e experimentar o famoso quibe do Nacib, do Bar Ves\u00favio. \u201cA cidade \u00e9 muito boa j\u00e1 estivemos aqui v\u00e1rias vezes e sempre voltamos. Sempre que compramos o cruzeiro a primeira coisa que perguntamos \u00e9 se passa por Ilh\u00e9us, eu e minhas amigas estamos sempre aqui\u201d.<\/p>\n<p>Para\u00edso, assim foi \u00e0 defini\u00e7\u00e3o das empres\u00e1rias de Campos dos Goytacazes Regina Mendon\u00e7a e Maria das Neves para Ilh\u00e9us.<\/p>\n<p>&#8212;<br \/>\nSecretaria de Comunica\u00e7\u00e3o Social (Secom)<br \/>\nIlh\u00e9us \u2013 28.02.2013<br \/>\nFotos: Gidelzo Siva<\/p>\n","protected":false},"excerpt":{"rendered":"<p>Tr\u00eas navios transatl\u00e2nticos, com mais de oito mil turistas a bordo, atracaram ontem e hoje, dias 27 e 28, no porto de Ilh\u00e9us, movimentando ainda mais o com\u00e9rcio e a economia da cidade. Os principais pontos tur\u00edsticos e ruas do centro hist\u00f3rico ficaram lotados, a exemplo do Bar Ves\u00favio, Espa\u00e7o Bataclan, Casa de Jorge Amado, [&hellip;]<\/p>\n","protected":false},"author":2,"featured_media":0,"comment_status":"open","ping_status":"open","sticky":false,"template":"","format":"standard","meta":{"_links_to":"","_links_to_target":""},"categories":[23],"tags":[],"_links":{"self":[{"href":"https:\/\/www.r2cpress.com.br\/v1\/wp-json\/wp\/v2\/posts\/59797"}],"collection":[{"href":"https:\/\/www.r2cpress.com.br\/v1\/wp-json\/wp\/v2\/posts"}],"about":[{"href":"https:\/\/www.r2cpress.com.br\/v1\/wp-json\/wp\/v2\/types\/post"}],"author":[{"embeddable":true,"href":"https:\/\/www.r2cpress.com.br\/v1\/wp-json\/wp\/v2\/users\/2"}],"replies":[{"embeddable":true,"href":"https:\/\/www.r2cpress.com.br\/v1\/wp-json\/wp\/v2\/comments?post=59797"}],"version-history":[{"count":3,"href":"https:\/\/www.r2cpress.com.br\/v1\/wp-json\/wp\/v2\/posts\/59797\/revisions"}],"predecessor-version":[{"id":59801,"href":"https:\/\/www.r2cpress.com.br\/v1\/wp-json\/wp\/v2\/posts\/59797\/revisions\/59801"}],"wp:attachment":[{"href":"https:\/\/www.r2cpress.com.br\/v1\/wp-json\/wp\/v2\/media?parent=59797"}],"wp:term":[{"taxonomy":"category","embeddable":true,"href":"https:\/\/www.r2cpress.com.br\/v1\/wp-json\/wp\/v2\/categories?post=59797"},{"taxonomy":"post_tag","embeddable":true,"href":"https:\/\/www.r2cpress.com.br\/v1\/wp-json\/wp\/v2\/tags?post=59797"}],"curies":[{"name":"wp","href":"https:\/\/api.w.org\/{rel}","templated":true}]}}