{"id":59802,"date":"2013-02-28T19:20:00","date_gmt":"2013-02-28T22:20:00","guid":{"rendered":"http:\/\/www.r2cpress.com.br\/v1\/?p=59802"},"modified":"2013-02-28T19:20:00","modified_gmt":"2013-02-28T22:20:00","slug":"hoje-e-dia-de-circo-abre-programacao-de-marco","status":"publish","type":"post","link":"https:\/\/www.r2cpress.com.br\/v1\/2013\/02\/28\/hoje-e-dia-de-circo-abre-programacao-de-marco\/","title":{"rendered":"Hoje e dia de circo abre  programa\u00e7\u00e3o de mar\u00e7o"},"content":{"rendered":"<p><i>Hoje \u00e9 dia de circo<\/i> \u00e9 a atra\u00e7\u00e3o que vai abrir a programa\u00e7\u00e3o de mar\u00e7o do Teatro Popular de Ilh\u00e9us (TPI), que traz ainda m\u00fasica, cinema, exposi\u00e7\u00e3o fotogr\u00e1fica e literatura. \u00a0O <i>pocket show<\/i> do Grupo Teatro\/Circo Maktub ser\u00e1 nesta sexta-feira (1\u00ba) \u00e0s 18h30min e no s\u00e1bado (02) \u00e0s 17 horas, na Casa dos Artistas de Ilh\u00e9us. O espet\u00e1culo traz os principais personagens do universo circense na figura do palha\u00e7o, resolvendo desafios, cada um a seu modo. Texto e dire\u00e7\u00e3o de F\u00e1bio Nascimento. Os ingressos custam R$ 10 e R$ 5.<\/p>\n<div id=\"attachment_59803\" style=\"width: 510px\" class=\"wp-caption aligncenter\"><a href=\"http:\/\/www.r2cpress.com.br\/v1\/wp-content\/uploads\/Hoje-\u00e9-dia-de-circo-foto-Divulga\u00e7\u00e3o-Grupo-Maktub.jpg\"><img aria-describedby=\"caption-attachment-59803\" loading=\"lazy\" class=\"size-full wp-image-59803\" alt=\"Hoje \u00e9 dia de circo - foto Divulga\u00e7\u00e3o Grupo Maktub\" src=\"http:\/\/www.r2cpress.com.br\/v1\/wp-content\/uploads\/Hoje-\u00e9-dia-de-circo-foto-Divulga\u00e7\u00e3o-Grupo-Maktub.jpg\" width=\"500\" height=\"378\" srcset=\"https:\/\/www.r2cpress.com.br\/v1\/wp-content\/uploads\/Hoje-\u00e9-dia-de-circo-foto-Divulga\u00e7\u00e3o-Grupo-Maktub.jpg 500w, https:\/\/www.r2cpress.com.br\/v1\/wp-content\/uploads\/Hoje-\u00e9-dia-de-circo-foto-Divulga\u00e7\u00e3o-Grupo-Maktub-300x226.jpg 300w\" sizes=\"(max-width: 500px) 100vw, 500px\" \/><\/a><p id=\"caption-attachment-59803\" class=\"wp-caption-text\">Hoje \u00e9 dia de circo &#8211; foto Divulga\u00e7\u00e3o Grupo Maktub<\/p><\/div>\n<p>O N\u00facleo de Produ\u00e7\u00e3o Audiovisual do Teatro Popular de Ilh\u00e9us mant\u00e9m a parceria com o curso de Comunica\u00e7\u00e3o Social da Universidade Estadual de Santa Cruz. As proje\u00e7\u00f5es dos v\u00eddeos dos acad\u00eamicos acontecem no Cineclube \u00c9quio Reis, todas as ter\u00e7as-feiras \u00e0s 19 horas. No dia 05, ser\u00e1 exibido o document\u00e1rio \u201cA Contrapartida\u201d, de Mariana Ferreira. E, \u00e0s 19 horas do dia 19, acontecer\u00e1 a Mostra Mondrongo Filmes, com obras produzidas ou apoiadas pelo N\u00facleo do TPI. A entrada \u00e9 franca.<\/p>\n<p><!--more--><\/p>\n<p>A m\u00fasica tem representantes de diferentes estilos figurando ao longo do m\u00eas. Na quarta-feira (06), o DJ Jef Rodriguez, da banda OQuadro, discoteca sua sele\u00e7\u00e3o musical no <i>Transeunte<\/i>, \u00e0s 17 horas. Na quinta-feira (07), o m\u00fasico e cantor franc\u00eas Jean-Marie Olive apresenta o show R<i>ealejo de Paris, <\/i>\u00e0s 18 horas. As atra\u00e7\u00f5es s\u00e3o gratuitas e acontecem em frente \u00e0 Casa dos Artistas.<\/p>\n<p>No dia 09, bandas independentes da regi\u00e3o se apresentam no projeto <i>S\u00e1bado Sim<\/i>. \u00c0s 20 horas, ter\u00e1 o <i>cult rock<\/i> de Enttropia e o <i>grunge<\/i> de Infected Minds. E nos dias 14 e 15, a banda Improviso Nordestino apresenta um novo show, revisitando o universo do cancioneiro popular. A apresenta\u00e7\u00e3o acontecer\u00e1 \u00e0s 20 horas. As entradas custam R$ 10 e R$ 5.<\/p>\n<p>A exposi\u00e7\u00e3o fotogr\u00e1fica <i>Quarta que Dan\u00e7a<\/i> poder\u00e1 ser visitada gratuitamente a partir de quarta-feira (06). S\u00e3o 30 imagens capturadas pelas lentes de Jo\u00e3o Milet Meirelles e Tiago Lima, que registram cenas da produ\u00e7\u00e3o contempor\u00e2nea da dan\u00e7a baiana. Os trabalhos foram apresentados ao p\u00fablico em 2011, atrav\u00e9s de projeto promovido pela Funda\u00e7\u00e3o Cultural do Estado da Bahia (Funceb).<\/p>\n<p>A Mondrongo Livros re\u00fane escritores regionais para um bate-papo descontra\u00eddo sobre o universo liter\u00e1rio em dois encontros. O primeiro, no dia 13, ser\u00e1 com Rodrigo Melo e Daniela Galdino, \u00e0s 19 horas. E a editora do TPI tamb\u00e9m lan\u00e7a duas novas obras do escritor Gustavo Kruschewsky: <i>Vida e Mudan\u00e7a<\/i> e <i>Algumas ideias<\/i><b>. <\/b>\u00a0A cerim\u00f4nia ser\u00e1 no dia 16 de mar\u00e7o, \u00e0s 18 horas.<\/p>\n<p>O Grupo Arte no Atto, parte do N\u00facleo Arte Viva Perna de Pau, encena a pe\u00e7a <i>Via Sacra em Versos<\/i>. O espet\u00e1culo chega ao seu d\u00e9cimo ano, contando a vida de Jesus Cristo, inspirada em textos da Literatura Brasileira e Portuguesa e m\u00fasicas nacionais. A apresenta\u00e7\u00e3o ser\u00e1 nos dias 22, 24 e 25, sempre \u00e0s 19h30min, na Casa dos Artistas. Dire\u00e7\u00e3o de Valdin\u00e1 Guerra.<\/p>\n","protected":false},"excerpt":{"rendered":"<p>Hoje \u00e9 dia de circo \u00e9 a atra\u00e7\u00e3o que vai abrir a programa\u00e7\u00e3o de mar\u00e7o do Teatro Popular de Ilh\u00e9us (TPI), que traz ainda m\u00fasica, cinema, exposi\u00e7\u00e3o fotogr\u00e1fica e literatura. \u00a0O pocket show do Grupo Teatro\/Circo Maktub ser\u00e1 nesta sexta-feira (1\u00ba) \u00e0s 18h30min e no s\u00e1bado (02) \u00e0s 17 horas, na Casa dos Artistas de [&hellip;]<\/p>\n","protected":false},"author":2,"featured_media":0,"comment_status":"open","ping_status":"open","sticky":false,"template":"","format":"standard","meta":{"_links_to":"","_links_to_target":""},"categories":[5],"tags":[],"_links":{"self":[{"href":"https:\/\/www.r2cpress.com.br\/v1\/wp-json\/wp\/v2\/posts\/59802"}],"collection":[{"href":"https:\/\/www.r2cpress.com.br\/v1\/wp-json\/wp\/v2\/posts"}],"about":[{"href":"https:\/\/www.r2cpress.com.br\/v1\/wp-json\/wp\/v2\/types\/post"}],"author":[{"embeddable":true,"href":"https:\/\/www.r2cpress.com.br\/v1\/wp-json\/wp\/v2\/users\/2"}],"replies":[{"embeddable":true,"href":"https:\/\/www.r2cpress.com.br\/v1\/wp-json\/wp\/v2\/comments?post=59802"}],"version-history":[{"count":2,"href":"https:\/\/www.r2cpress.com.br\/v1\/wp-json\/wp\/v2\/posts\/59802\/revisions"}],"predecessor-version":[{"id":59805,"href":"https:\/\/www.r2cpress.com.br\/v1\/wp-json\/wp\/v2\/posts\/59802\/revisions\/59805"}],"wp:attachment":[{"href":"https:\/\/www.r2cpress.com.br\/v1\/wp-json\/wp\/v2\/media?parent=59802"}],"wp:term":[{"taxonomy":"category","embeddable":true,"href":"https:\/\/www.r2cpress.com.br\/v1\/wp-json\/wp\/v2\/categories?post=59802"},{"taxonomy":"post_tag","embeddable":true,"href":"https:\/\/www.r2cpress.com.br\/v1\/wp-json\/wp\/v2\/tags?post=59802"}],"curies":[{"name":"wp","href":"https:\/\/api.w.org\/{rel}","templated":true}]}}