{"id":5982,"date":"2011-01-07T14:36:26","date_gmt":"2011-01-07T17:36:26","guid":{"rendered":"http:\/\/www.r2cpress.com.br\/v1\/?p=5982"},"modified":"2011-01-07T14:36:26","modified_gmt":"2011-01-07T17:36:26","slug":"nova-diretoria-toma-posse-no-abrigo-sao-vicente-de-ilheus","status":"publish","type":"post","link":"https:\/\/www.r2cpress.com.br\/v1\/2011\/01\/07\/nova-diretoria-toma-posse-no-abrigo-sao-vicente-de-ilheus\/","title":{"rendered":"Nova Diretoria toma posse no Abrigo S\u00e3o Vicente de Ilh\u00e9us"},"content":{"rendered":"<p><a href=\"http:\/\/www.r2cpress.com.br\/v1\/wp-content\/uploads\/MONT-CAPA-SITE9.jpg\"><img loading=\"lazy\" src=\"http:\/\/www.r2cpress.com.br\/v1\/wp-content\/uploads\/MONT-CAPA-SITE9-300x201.jpg\" alt=\"\" title=\"MONT CAPA SITE\" width=\"300\" height=\"201\" class=\"alignleft size-medium wp-image-5983\" srcset=\"https:\/\/www.r2cpress.com.br\/v1\/wp-content\/uploads\/MONT-CAPA-SITE9-300x201.jpg 300w, https:\/\/www.r2cpress.com.br\/v1\/wp-content\/uploads\/MONT-CAPA-SITE9.jpg 700w\" sizes=\"(max-width: 300px) 100vw, 300px\" \/><\/a>A professora Marilene Oliveira \u00e9 a nova presidente do Abrigo S\u00e3o Vicente de Paulo de Ilh\u00e9us, sendo a primeira mulher a dirigir a institui\u00e7\u00e3o, que tem 94 anos e \u00e9 uma das mais respeitadas entidades filantr\u00f3picas da cidade. Um ato simples de posse e transmiss\u00e3o de cargo aconteceu na ter\u00e7a-feira, com a presen\u00e7a do ex-presidente Luiz Maia. E na \u00faltima quinta-feira, dia 6, \u00e0s 17 horas, foi realizada uma posse festiva, aberta \u00e0 comunidade, no espa\u00e7o ao ar livre entre o Abrigo e a Casa de Retiro N. S. das Gra\u00e7as, com a participa\u00e7\u00e3o da Banda de M\u00fasica da Pol\u00edcia Militar. <\/p>\n<p><!--more--><\/p>\n<p> Na transmiss\u00e3o de cargo, o bispo diocesano Dom Mauro Montagnolli, presidente do Conselho de Curadores do Abrigo, foi representado pelo vig\u00e1rio geral Ednilson Silva, e na posse festiva, pelo padre Miro, que ressaltou as obras sociais da igreja cat\u00f3lica na cidade. Em seguida, o idoso Tito entregou o pavilh\u00e3o do Abrigo \u00e0 nova presidente. Ao se pronunciar, Marilene agradeceu a confian\u00e7a depositada em seu nome e ressaltou a disposi\u00e7\u00e3o de trabalhar junto \u00e0 comunidade para a manuten\u00e7\u00e3o e expans\u00e3o das atividades da institui\u00e7\u00e3o de assist\u00eancia social. <\/p>\n<p>A nova presidente anunciou, na oportunidade, o retorno do geriatra Antonio Esp\u00edrito Santo ao cuidado m\u00e9dico dos idosos, o que foi comemorado pelos idosos e pela plateia presente, e homenageou a senhora Ana Esp\u00edrito Santo pelos servi\u00e7os prestados \u00e0 institui\u00e7\u00e3o. A idosa Helenita, residente no Abrigo, entregou um vaso de l\u00edrios ao m\u00e9dico como reconhecimento \u00e0 sua aceita\u00e7\u00e3o para retornar a prestar servi\u00e7os no abrigo. A homenagem foi feita tamb\u00e9m pela irm\u00e3 Raimunda Landim, representando a Congrega\u00e7\u00e3o das Irm\u00e3s Hospitaleiras da Imaculada Concei\u00e7\u00e3o, que est\u00e1 na institui\u00e7\u00e3o desde 1955.<\/p>\n<p><strong>     Diretoria <\/strong>\u2013 A nova diretoria &#8211; tri\u00eanio 2011\/2013 &#8211; tem na 1\u00aa secretaria, a senhora Ana Jesus Quinto, e na 2\u00aa secretaria, a professora Nadir Alves Batista; como 1\u00ba Tesoureiro, o empres\u00e1rio Antonio Cavalcante; 2\u00ba Tesoureiro, Maria Guilhermina Nery; 1\u00ba diretor de Patrim\u00f4nio, Marcos Val\u00e9rio Luiz De Magalh\u00e3es; 2\u00aa diretora de Patrim\u00f4nio, Sueli Silva Lavigne de Lemos; 1\u00ba diretor de Qualidade de Vida, doutor Hugo Magalh\u00e3es Silva; 2\u00ba Diretor de Qualidade de Vida, doutor Eduardo Rocha Santos.  No Conselho Fiscal (titulares e suplentes) est\u00e3o a professora Ad\u00e9lia Melo, Paulo C\u00e9zar Lemos Souza, Jamil do Carmo Rodrigues, Maria da Luz Perp\u00e9tua Costa Nascimento Silva, Tirma Giordino de Figueiredo e Clayton Paulo Santos de Oliveira. <\/p>\n<p> Os membros do Conselho de Curadores, presididos pelo bispo dom Mauro Montangnolli, maior autoridade da institui\u00e7\u00e3o, s\u00e3o dona Anerina Quinto Aitken, Ricardo Rocha Santos, Valdice dos Santos Sena, Marcos Mendon\u00e7a e Maria Rita Lima Mucug\u00ea. Ap\u00f3s a solenidade houve apresenta\u00e7\u00f5es art\u00edsticas e coquetel de confraterniza\u00e7\u00e3o.               <\/p>\n","protected":false},"excerpt":{"rendered":"<p>A professora Marilene Oliveira \u00e9 a nova presidente do Abrigo S\u00e3o Vicente de Paulo de Ilh\u00e9us, sendo a primeira mulher a dirigir a institui\u00e7\u00e3o, que tem 94 anos e \u00e9 uma das mais respeitadas entidades filantr\u00f3picas da cidade. Um ato simples de posse e transmiss\u00e3o de cargo aconteceu na ter\u00e7a-feira, com a presen\u00e7a do ex-presidente [&hellip;]<\/p>\n","protected":false},"author":2,"featured_media":0,"comment_status":"open","ping_status":"open","sticky":false,"template":"","format":"standard","meta":{"_links_to":"","_links_to_target":""},"categories":[1],"tags":[],"_links":{"self":[{"href":"https:\/\/www.r2cpress.com.br\/v1\/wp-json\/wp\/v2\/posts\/5982"}],"collection":[{"href":"https:\/\/www.r2cpress.com.br\/v1\/wp-json\/wp\/v2\/posts"}],"about":[{"href":"https:\/\/www.r2cpress.com.br\/v1\/wp-json\/wp\/v2\/types\/post"}],"author":[{"embeddable":true,"href":"https:\/\/www.r2cpress.com.br\/v1\/wp-json\/wp\/v2\/users\/2"}],"replies":[{"embeddable":true,"href":"https:\/\/www.r2cpress.com.br\/v1\/wp-json\/wp\/v2\/comments?post=5982"}],"version-history":[{"count":2,"href":"https:\/\/www.r2cpress.com.br\/v1\/wp-json\/wp\/v2\/posts\/5982\/revisions"}],"predecessor-version":[{"id":5985,"href":"https:\/\/www.r2cpress.com.br\/v1\/wp-json\/wp\/v2\/posts\/5982\/revisions\/5985"}],"wp:attachment":[{"href":"https:\/\/www.r2cpress.com.br\/v1\/wp-json\/wp\/v2\/media?parent=5982"}],"wp:term":[{"taxonomy":"category","embeddable":true,"href":"https:\/\/www.r2cpress.com.br\/v1\/wp-json\/wp\/v2\/categories?post=5982"},{"taxonomy":"post_tag","embeddable":true,"href":"https:\/\/www.r2cpress.com.br\/v1\/wp-json\/wp\/v2\/tags?post=5982"}],"curies":[{"name":"wp","href":"https:\/\/api.w.org\/{rel}","templated":true}]}}