{"id":59922,"date":"2013-03-01T19:41:01","date_gmt":"2013-03-01T22:41:01","guid":{"rendered":"http:\/\/www.r2cpress.com.br\/v1\/?p=59922"},"modified":"2013-03-01T19:41:01","modified_gmt":"2013-03-01T22:41:01","slug":"demarcacao-revelando-uma-farsa-parte-ii","status":"publish","type":"post","link":"https:\/\/www.r2cpress.com.br\/v1\/2013\/03\/01\/demarcacao-revelando-uma-farsa-parte-ii\/","title":{"rendered":"DEMARCA\u00c7\u00c3O: REVELANDO UMA FARSA &#8211; PARTE II"},"content":{"rendered":"<p><em><b>por Edgard Siqueira<\/b><\/em><\/p>\n<p><img loading=\"lazy\" class=\"alignright\" alt=\"\" src=\"http:\/\/www.r2cpress.com.br\/v1\/wp-content\/uploads\/Edgarg-Freitas-de-Siqueira-300x240.jpg\" width=\"300\" height=\"240\" \/>O assunto deste t\u00edtulo na postagem anterior provocou a elabora\u00e7\u00e3o do texto mais extenso que at\u00e9 hoje publicamos no <b>R2CPRESS.<\/b> Embora muito longo muita coisa ainda precise ser dito.<\/p>\n<p>S\u00f3 n\u00f3s que fomos vitimas desta <b>FARSA<\/b> sabemos o prazer que estamos sentindo com a sensa\u00e7\u00e3o de que a verdade come\u00e7a a ser restabelecida. Estamos vivendo um momento em que este assunto est\u00e1 saltitando no nosso inconsciente, num exerc\u00edcio de refrescar a nossa mem\u00f3ria para ordenar os fatos acontecidos, de forma que as pessoas e depois <b>JUSTI\u00c7A<\/b> tenham uma clarivid\u00eancia desta farsa urdida.<\/p>\n<p>Alguns podem est\u00e1 fazendo uma leitura equivocada de que este tema se trata de picuinhas de cunho particular. N\u00e3o! Este tema tem a ver com a condu\u00e7\u00e3o do nosso processo. Tem a ver com desvio de objetivos, com omiss\u00e3o, com negligencia, com a falta da verdade e com a falta de responsabilidade com o interesse coletivo. O esclarecimento destes fatos ir\u00e1 irradiar consequ\u00eancias, que temos certeza, ajudaram na defini\u00e7\u00e3o da melhor estrat\u00e9gia que todos apoiar\u00e3o.<\/p>\n<p>Temos dito que se fizermos corretamente os procedimentos jur\u00eddicos, como \u00e9 feito em outras regi\u00f5es, a exemplo de Sui\u00e1 Missu, a nossa chance de \u00eaxito n\u00e3o \u00e9 maior que zero. L\u00e1 eles <b>PROCRASTINARAM<\/b> o que puderam. Aqui n\u00e3o est\u00e1 acontecendo nem uma coisa e nem outra. \u00a0A presun\u00e7\u00e3o de que uma <b>FARSA<\/b> constru\u00edda em cima de pilares de isopor vai lograr \u00eaxito perante a <b>JUSTI\u00c7A<\/b>, \u00e9 a mesma presun\u00e7\u00e3o da incompetente e inconsequente maneira de como est\u00e1 sendo conduzido o processo dos Agricultores pelo Presidente da Associa\u00e7\u00e3o e o seu advogado. Com esta condu\u00e7\u00e3o o resultado n\u00e3o \u00e9 s\u00f3 previs\u00edvel, \u00e9 inevit\u00e1vel.<\/p>\n<p>Poder\u00edamos n\u00e3o ter noticiado esta <b>FARSA<\/b> e ter ficado esperando a sua desmoraliza\u00e7\u00e3o pela<b> JUSTI\u00c7A<\/b>. Mas este n\u00e3o \u00e9 o nosso objetivo principal. Aguardar a <b>JUSTI\u00c7A<\/b>, que infelizmente \u00e9 lenta, estar\u00edamos perdendo um tempo valioso que n\u00e3o mais dispomos, e acreditamos que com o restabelecimento da verdade, aumentar\u00e1 a nossa esperan\u00e7a de que outros apoiem a nossa estrat\u00e9gia de <b>PROCRASTINAR E PROCRASTINAR<\/b> o nosso processo. Este sim \u00e9 o nosso principal objetivo.<\/p>\n<p><!--more--><\/p>\n<p>Voltando ao cerne da vergonhosa<b> FARSA<\/b>. Inicialmente ficar\u00edamos satisfeito porque o Presidente disse que \u201c<b>n\u00e3o fomos expulsos<\/b>\u201d. A alegria durou pouco, porque em seguida disse que \u201c<b>nunca fomos s\u00f3cios<\/b>\u201d. Ser\u00e1 que algu\u00e9m ter\u00e1 coragem de ir \u00e0 <b>JUSTI\u00c7A<\/b> confirmar esta mentira? Ser\u00e1 que algu\u00e9m ter\u00e1 a coragem de conscientemente cometer o crime de perj\u00fario? Honestamente n\u00e3o acreditamos, porque este \u00e9 um problema criado pelo Presidente e o seu advogado.<\/p>\n<p>A montagem desta <b>FARSA<\/b> se deu de forma acelerada depois que enviamos ao Presidente a c\u00f3pia de um<b> CD<\/b> gravado numa reuni\u00e3o em Buerarema por um <b>AGRICULTOR<\/b> esclarecido, que n\u00e3o concordava com a covardia. Aonde, descaradamente foi feito campanha partid\u00e1ria e ataques violentos as nossas pessoas. Juntamos uma transcri\u00e7\u00e3o do <b>CD<\/b> e mais a c\u00f3pia da liminar em que a <b>JUSTI\u00c7A FEDERAL<\/b> nos autorizava a ter acessos a todos os documentos da <b>FUNAI<\/b> e de terceiros envolvidos neste processo, mostrando claramente que as acusa\u00e7\u00f5es que nos foram imputadas eram mentirosas. Na oportunidade sugerimos ao Presidente que achasse outra maneira de nos expulsar na pr\u00f3xima Assembleia. Ele tinha empenhado a sua palavra na Assembleia anterior que \u201c<b>por uma quest\u00e3o de honra tr\u00eas ou quatro ser\u00e3o expulsos<\/b>\u201d. Pelo visto ele e o seu advogado tiveram tempo de fabricar com isopor esta maneira de nos \u201cexpulsar\u201d.<\/p>\n<p>\u00c9 muito importante que as pessoas tenham o entendimento que estas a\u00e7\u00f5es em nada t\u00eam a ver com o nosso real problema. A quest\u00e3o \u00e9 que hoje o movimento de luta contra demarca\u00e7\u00e3o ficou ref\u00e9m do autoritarismo de um Presidente. Hoje este movimento deixou de ser dos<b> AGRICULTORES<\/b>, hoje \u00e9 do Presidente. E que, pelo que est\u00e1 transcrito na ata disponibilizada para a<b> JUSTI\u00c7A<\/b>, \u00e9 um Presidente ileg\u00edtimo. Atropelando o <b>ESTATUTO DA ASSOCIA\u00c7\u00c3O<\/b>, realizou um recadastramento de improviso numa <b>ASSEMBLEIA ORDINARIA<\/b> e criou um <b>COL\u00c9GIO ELEITORAL<\/b> com apenas 90 <b>\u201cs\u00f3cios\u201d<\/b> que teriam direito a lhe aclamar na pr\u00f3xima elei\u00e7\u00e3o que aconteceria na assembleia subsequente. N\u00e3o satisfeito com o casu\u00edsmo, solicitou aparato policial para garantir o \u00eaxito do seu autoritarismo. Al\u00e9m de uma viatura nas imedia\u00e7\u00f5es, escalou um policial na porta do Sindicato portando uma prancheta com os nomes daqueles que podiam adentrar para lhe reeleger. Aqueles que compareceram para votar e o nome n\u00e3o constavam na prancheta, foram barrados. Assim mesmo n\u00e3o obteve unanimidade, com chapa \u00fanica, tr\u00eas votaram em branco. Parece hist\u00f3ria da carochinha, mas \u00e9 a pura verdade.<\/p>\n<p>Somos defensores de que quem cometeu desvio de conduta tem que arcar com as consequ\u00eancias, mas primeiramente tem que ser provado que realmente houve este desvio, para n\u00e3o se cometer<b> INJUSTI\u00c7A<\/b>. No nosso caso fomos acusados levianamente pelo Presidente de termos cometidos delitos grav\u00edssimos. N\u00e3o satisfeito com as acusa\u00e7\u00f5es tratou de engendrar uma <b>FARSA<\/b>, arrastando consigo pessoas humildes que entende bem da labuta com a terra e que n\u00e3o tem consci\u00eancia das artimanhas em que foram envolvidos.<\/p>\n<p>J\u00e1 fomos qualificados pelo Presidente como \u201c<b>ESPIRITOS BABAUINOS<\/b>\u201d. Dos mentores desta FARSA podemos afirmar que n\u00e3o tem o <b>\u201cESPIRITO BABAUINO\u201d. <\/b>Por que s\u00e3o muito piores que<b> BABAU<\/b>. Que credibilidade tem uma pessoa capaz de montar uma <b>FARSA<\/b> desta gravidade?<\/p>\n<p>Para encerrar, tenho recebido reiterados conselhos de <b>AMIGOS<\/b> para aumentar os meus cuidados pessoais em fun\u00e7\u00e3o do meu destemor \u00e9 expor as maracutaias. Honestamente isto n\u00e3o me preocupa, vou continuar a minha luta com a <b>VERDADE<\/b> e n\u00e3o acredito que em fun\u00e7\u00e3o disso possa sofrer um \u201c<b>acidente<\/b>\u201d.<\/p>\n<p>Este movimento precisa ser<b> REFUNDADO E REUNIFICADO, <\/b>para que o foco principal seja a<b> DEMARCA\u00c7\u00c3O <\/b>e que o voluntariado volte a oxigenar o movimento com a <b>PARTICIPA\u00c7\u00c3O DEMOCRATICA DE TODOS. \u00a0<\/b><\/p>\n","protected":false},"excerpt":{"rendered":"<p>por Edgard Siqueira O assunto deste t\u00edtulo na postagem anterior provocou a elabora\u00e7\u00e3o do texto mais extenso que at\u00e9 hoje publicamos no R2CPRESS. Embora muito longo muita coisa ainda precise ser dito. S\u00f3 n\u00f3s que fomos vitimas desta FARSA sabemos o prazer que estamos sentindo com a sensa\u00e7\u00e3o de que a verdade come\u00e7a a ser [&hellip;]<\/p>\n","protected":false},"author":2,"featured_media":0,"comment_status":"open","ping_status":"open","sticky":false,"template":"","format":"standard","meta":{"_links_to":"","_links_to_target":""},"categories":[10],"tags":[],"_links":{"self":[{"href":"https:\/\/www.r2cpress.com.br\/v1\/wp-json\/wp\/v2\/posts\/59922"}],"collection":[{"href":"https:\/\/www.r2cpress.com.br\/v1\/wp-json\/wp\/v2\/posts"}],"about":[{"href":"https:\/\/www.r2cpress.com.br\/v1\/wp-json\/wp\/v2\/types\/post"}],"author":[{"embeddable":true,"href":"https:\/\/www.r2cpress.com.br\/v1\/wp-json\/wp\/v2\/users\/2"}],"replies":[{"embeddable":true,"href":"https:\/\/www.r2cpress.com.br\/v1\/wp-json\/wp\/v2\/comments?post=59922"}],"version-history":[{"count":3,"href":"https:\/\/www.r2cpress.com.br\/v1\/wp-json\/wp\/v2\/posts\/59922\/revisions"}],"predecessor-version":[{"id":59925,"href":"https:\/\/www.r2cpress.com.br\/v1\/wp-json\/wp\/v2\/posts\/59922\/revisions\/59925"}],"wp:attachment":[{"href":"https:\/\/www.r2cpress.com.br\/v1\/wp-json\/wp\/v2\/media?parent=59922"}],"wp:term":[{"taxonomy":"category","embeddable":true,"href":"https:\/\/www.r2cpress.com.br\/v1\/wp-json\/wp\/v2\/categories?post=59922"},{"taxonomy":"post_tag","embeddable":true,"href":"https:\/\/www.r2cpress.com.br\/v1\/wp-json\/wp\/v2\/tags?post=59922"}],"curies":[{"name":"wp","href":"https:\/\/api.w.org\/{rel}","templated":true}]}}