{"id":59932,"date":"2013-03-01T20:10:21","date_gmt":"2013-03-01T23:10:21","guid":{"rendered":"http:\/\/www.r2cpress.com.br\/v1\/?p=59932"},"modified":"2013-03-01T20:10:21","modified_gmt":"2013-03-01T23:10:21","slug":"convite-sessao-especial","status":"publish","type":"post","link":"https:\/\/www.r2cpress.com.br\/v1\/2013\/03\/01\/convite-sessao-especial\/","title":{"rendered":"Convite Sess\u00e3o Especial"},"content":{"rendered":"<p style=\"text-align: right;\"><b>Ilh\u00e9us (BA), 27 de fevereiro de 2013.<\/b><\/p>\n<p><b>OFICIO N\u00ba. 011\/2013<\/b><\/p>\n<p><b>\u00a0\u00c0<\/b><\/p>\n<p><b>R2CPRESS<\/b><\/p>\n<p><b>N E S T A <\/b><\/p>\n<p>Prezado Senhor,<\/p>\n<p>Estamos convidando Vossa Senhoria para participar da Sess\u00e3o Especial que ser\u00e1 realizada no dia 06 de mar\u00e7o do corrente ano (quarta-feira) \u00e0s 16: 00 horas, no Plen\u00e1rio desta Casa Legislativa. Com a finalidade de discutimos sobre a <b>IND\u00daSTRIA DO TURISMO NA CIDADE DE ILH\u00c8US E REGI\u00c3O, <\/b>conforme Requerimento de N\u00ba. 002\/2013 proposi\u00e7\u00e3o do Vereador Alzim\u00e1rio Belmonte Vieira.<\/p>\n<p>Na oportunidade renovamos protesto de estima e apre\u00e7o.<\/p>\n<p style=\"text-align: center;\">Cordialmente,<\/p>\n<p style=\"text-align: center;\">\u00a0JOSEVALDO VIANA MACHADO<\/p>\n<p style=\"text-align: center;\">\u00a0\u00a0\u00a0\u00a0\u00a0\u00a0\u00a0\u00a0\u00a0\u00a0\u00a0\u00a0 Presidente<\/p>\n","protected":false},"excerpt":{"rendered":"<p>Ilh\u00e9us (BA), 27 de fevereiro de 2013. OFICIO N\u00ba. 011\/2013 \u00a0\u00c0 R2CPRESS N E S T A Prezado Senhor, Estamos convidando Vossa Senhoria para participar da Sess\u00e3o Especial que ser\u00e1 realizada no dia 06 de mar\u00e7o do corrente ano (quarta-feira) \u00e0s 16: 00 horas, no Plen\u00e1rio desta Casa Legislativa. Com a finalidade de discutimos sobre [&hellip;]<\/p>\n","protected":false},"author":2,"featured_media":0,"comment_status":"open","ping_status":"open","sticky":false,"template":"","format":"standard","meta":{"_links_to":"","_links_to_target":""},"categories":[22],"tags":[],"_links":{"self":[{"href":"https:\/\/www.r2cpress.com.br\/v1\/wp-json\/wp\/v2\/posts\/59932"}],"collection":[{"href":"https:\/\/www.r2cpress.com.br\/v1\/wp-json\/wp\/v2\/posts"}],"about":[{"href":"https:\/\/www.r2cpress.com.br\/v1\/wp-json\/wp\/v2\/types\/post"}],"author":[{"embeddable":true,"href":"https:\/\/www.r2cpress.com.br\/v1\/wp-json\/wp\/v2\/users\/2"}],"replies":[{"embeddable":true,"href":"https:\/\/www.r2cpress.com.br\/v1\/wp-json\/wp\/v2\/comments?post=59932"}],"version-history":[{"count":2,"href":"https:\/\/www.r2cpress.com.br\/v1\/wp-json\/wp\/v2\/posts\/59932\/revisions"}],"predecessor-version":[{"id":59934,"href":"https:\/\/www.r2cpress.com.br\/v1\/wp-json\/wp\/v2\/posts\/59932\/revisions\/59934"}],"wp:attachment":[{"href":"https:\/\/www.r2cpress.com.br\/v1\/wp-json\/wp\/v2\/media?parent=59932"}],"wp:term":[{"taxonomy":"category","embeddable":true,"href":"https:\/\/www.r2cpress.com.br\/v1\/wp-json\/wp\/v2\/categories?post=59932"},{"taxonomy":"post_tag","embeddable":true,"href":"https:\/\/www.r2cpress.com.br\/v1\/wp-json\/wp\/v2\/tags?post=59932"}],"curies":[{"name":"wp","href":"https:\/\/api.w.org\/{rel}","templated":true}]}}