{"id":60035,"date":"2013-03-04T11:24:54","date_gmt":"2013-03-04T14:24:54","guid":{"rendered":"http:\/\/www.r2cpress.com.br\/v1\/?p=60035"},"modified":"2013-03-04T11:24:54","modified_gmt":"2013-03-04T14:24:54","slug":"cineclube-e-musica-marcam-semana-na-casa-dos-artistas","status":"publish","type":"post","link":"https:\/\/www.r2cpress.com.br\/v1\/2013\/03\/04\/cineclube-e-musica-marcam-semana-na-casa-dos-artistas\/","title":{"rendered":"Cineclube e m\u00fasica marcam  semana na Casa dos Artistas"},"content":{"rendered":"<div>Cinema e shows musicais s\u00e3o as principais atra\u00e7\u00f5es desta semana na Casa dos Artistas de Ilh\u00e9us. Amanh\u00e3 (05), o Cineclube \u00c9quio Reis exibe o document\u00e1rio \u201cA Contrapartida\u201d, \u00e0s 19 horas. Na quarta-feira (06), o DJ Jef Rodriguez discoteca no <i>Transeunte<\/i>, \u00e0s 17 horas. O m\u00fasico e cantor franc\u00eas Jean-Marie Olive apresenta R<i>ealejo de Paris, <\/i>\u00e0s 18 horas de quinta-feira (08). E, no dia 09, ser\u00e1 a vez do <i>S\u00e1bado Sim<\/i>, com o som independente regional a partir das 20<\/div>\n<div>\nO v\u00eddeo que ser\u00e1 exibido no Cineclube \u00c9quio Reis integra a parceria entre o N\u00facleo de Produ\u00e7\u00e3o Audiovisual do Teatro Popular de Ilh\u00e9us e o curso de Comunica\u00e7\u00e3o Social da Universidade Estadual de Santa Cruz. O projeto exibe produtos audiovisuais realizados pelos acad\u00eamicos, sempre com debates sobre a obra ou tema abordado. Nesta ter\u00e7a-feira, o document\u00e1rio \u201cA Contrapartida\u201d, de Mariana Ferreira, fala sobre a democratiza\u00e7\u00e3o do ensino superior ap\u00f3s a crise cacaueira. A entrada \u00e9 franca.<\/p>\n<p>Estilos musicais variados est\u00e3o presentes nesta semana. Na quarta-feira, o DJ Jef Rodriguez, da banda OQuadro, discoteca sua sele\u00e7\u00e3o musical no <i>Transeunte<\/i>, \u00e0s 17 horas. Na tarde seguinte, Jean-Marie Olive apresenta o show <i>Realejo de Paris, <\/i>\u00e0s 18 horas. O m\u00fasico e cantor franc\u00eas executa cl\u00e1ssicos no instrumento que aprendeu a tocar com seu av\u00f4. As atra\u00e7\u00f5es s\u00e3o gratuitas e acontecem em frente \u00e0 Casa dos Artistas. J\u00e1 no dia 09, duas bandas independentes se apresentam no <i>S\u00e1bado Sim<\/i>. \u00c0s 20 horas, ter\u00e1 o <i>cult rock<\/i> de Enttropia e o <i>grunge<\/i> de Infected Minds. Ingressos a R$10 e R$5.<\/p>\n<p>Ainda nesta semana, ser\u00e1 aberta a exposi\u00e7\u00e3o fotogr\u00e1fica <i>Quarta que Dan\u00e7a<\/i>. A partir de quarta-feira (06), o p\u00fablico poder\u00e1 conferir 30 imagens registradas por Jo\u00e3o Milet Meirelles e Tiago Lima, que mostram cenas da contempor\u00e2nea dan\u00e7a baiana. Os trabalhos foram produzidos em 2011, atrav\u00e9s de projeto da Funda\u00e7\u00e3o Cultural do Estado da Bahia (Funceb).<\/p>\n<\/div>\n","protected":false},"excerpt":{"rendered":"<p>Cinema e shows musicais s\u00e3o as principais atra\u00e7\u00f5es desta semana na Casa dos Artistas de Ilh\u00e9us. Amanh\u00e3 (05), o Cineclube \u00c9quio Reis exibe o document\u00e1rio \u201cA Contrapartida\u201d, \u00e0s 19 horas. Na quarta-feira (06), o DJ Jef Rodriguez discoteca no Transeunte, \u00e0s 17 horas. O m\u00fasico e cantor franc\u00eas Jean-Marie Olive apresenta Realejo de Paris, \u00e0s [&hellip;]<\/p>\n","protected":false},"author":2,"featured_media":0,"comment_status":"open","ping_status":"open","sticky":false,"template":"","format":"standard","meta":{"_links_to":"","_links_to_target":""},"categories":[5],"tags":[],"_links":{"self":[{"href":"https:\/\/www.r2cpress.com.br\/v1\/wp-json\/wp\/v2\/posts\/60035"}],"collection":[{"href":"https:\/\/www.r2cpress.com.br\/v1\/wp-json\/wp\/v2\/posts"}],"about":[{"href":"https:\/\/www.r2cpress.com.br\/v1\/wp-json\/wp\/v2\/types\/post"}],"author":[{"embeddable":true,"href":"https:\/\/www.r2cpress.com.br\/v1\/wp-json\/wp\/v2\/users\/2"}],"replies":[{"embeddable":true,"href":"https:\/\/www.r2cpress.com.br\/v1\/wp-json\/wp\/v2\/comments?post=60035"}],"version-history":[{"count":4,"href":"https:\/\/www.r2cpress.com.br\/v1\/wp-json\/wp\/v2\/posts\/60035\/revisions"}],"predecessor-version":[{"id":60039,"href":"https:\/\/www.r2cpress.com.br\/v1\/wp-json\/wp\/v2\/posts\/60035\/revisions\/60039"}],"wp:attachment":[{"href":"https:\/\/www.r2cpress.com.br\/v1\/wp-json\/wp\/v2\/media?parent=60035"}],"wp:term":[{"taxonomy":"category","embeddable":true,"href":"https:\/\/www.r2cpress.com.br\/v1\/wp-json\/wp\/v2\/categories?post=60035"},{"taxonomy":"post_tag","embeddable":true,"href":"https:\/\/www.r2cpress.com.br\/v1\/wp-json\/wp\/v2\/tags?post=60035"}],"curies":[{"name":"wp","href":"https:\/\/api.w.org\/{rel}","templated":true}]}}