{"id":6015,"date":"2011-01-07T18:44:08","date_gmt":"2011-01-07T21:44:08","guid":{"rendered":"http:\/\/www.r2cpress.com.br\/v1\/?p=6015"},"modified":"2011-01-07T18:44:08","modified_gmt":"2011-01-07T21:44:08","slug":"associacao-dos-oficiais-da-policia-militar-da-bahia-forca-invicta-2","status":"publish","type":"post","link":"https:\/\/www.r2cpress.com.br\/v1\/2011\/01\/07\/associacao-dos-oficiais-da-policia-militar-da-bahia-forca-invicta-2\/","title":{"rendered":"Associa\u00e7\u00e3o dos Oficiais da Pol\u00edcia Militar da Bahia &#8211; For\u00e7a Invicta"},"content":{"rendered":"<p>07 de Janeiro de 2011<\/p>\n<p>Registramos que, no dia 05 de janeiro do corrente ano, o Presidente da For\u00e7a Invicta, Maj PM Edmilson, e o Maj PM Hilberto, seu Vice-Presidente, visitaram o Exm\u00ba Cel PM Nilton Regis Mascarenhas, Comandante Geral da PMBA, oportunidade em que, dentre outros assuntos, expressaram o sentimento de descontentamento da nossa oficialidade com a n\u00e3o efetiva\u00e7\u00e3o das promo\u00e7\u00f5es dos oficiais, mesmo com a exist\u00eancia de vagas desde o m\u00eas de maio do ano passado, num total desrespeito ao calend\u00e1rio das promo\u00e7\u00f5es dos Oficiais, previsto no decreto n\u00ba 28.792\/82, que regulamenta a lei de promo\u00e7\u00f5es, em conson\u00e2ncia com o art. 122 do Estatuto da PM, bem como com o anexo V da Lei n.\u00ba 11.356\/09 que fixa o efetivo do Quadro de Oficiais da Pol\u00edcia Militar para o exerc\u00edcio 2010.<\/p>\n<p>A For\u00e7a Invicta, atendendo aos reclames dos seus associados, j\u00e1 est\u00e1 solicitando uma audi\u00eancia com o Exm\u00ba Sr. Governador do Estado, autoridade competente para assinatura dos decretos de promo\u00e7\u00e3o, a fim de expor esta situa\u00e7\u00e3o e melhor entender o motivo desta procrastina\u00e7\u00e3o em rela\u00e7\u00e3o a concess\u00e3o dos nossos direitos. <\/p>\n","protected":false},"excerpt":{"rendered":"<p>07 de Janeiro de 2011 Registramos que, no dia 05 de janeiro do corrente ano, o Presidente da For\u00e7a Invicta, Maj PM Edmilson, e o Maj PM Hilberto, seu Vice-Presidente, visitaram o Exm\u00ba Cel PM Nilton Regis Mascarenhas, Comandante Geral da PMBA, oportunidade em que, dentre outros assuntos, expressaram o sentimento de descontentamento da nossa [&hellip;]<\/p>\n","protected":false},"author":2,"featured_media":0,"comment_status":"open","ping_status":"open","sticky":false,"template":"","format":"standard","meta":{"_links_to":"","_links_to_target":""},"categories":[25],"tags":[],"_links":{"self":[{"href":"https:\/\/www.r2cpress.com.br\/v1\/wp-json\/wp\/v2\/posts\/6015"}],"collection":[{"href":"https:\/\/www.r2cpress.com.br\/v1\/wp-json\/wp\/v2\/posts"}],"about":[{"href":"https:\/\/www.r2cpress.com.br\/v1\/wp-json\/wp\/v2\/types\/post"}],"author":[{"embeddable":true,"href":"https:\/\/www.r2cpress.com.br\/v1\/wp-json\/wp\/v2\/users\/2"}],"replies":[{"embeddable":true,"href":"https:\/\/www.r2cpress.com.br\/v1\/wp-json\/wp\/v2\/comments?post=6015"}],"version-history":[{"count":2,"href":"https:\/\/www.r2cpress.com.br\/v1\/wp-json\/wp\/v2\/posts\/6015\/revisions"}],"predecessor-version":[{"id":6017,"href":"https:\/\/www.r2cpress.com.br\/v1\/wp-json\/wp\/v2\/posts\/6015\/revisions\/6017"}],"wp:attachment":[{"href":"https:\/\/www.r2cpress.com.br\/v1\/wp-json\/wp\/v2\/media?parent=6015"}],"wp:term":[{"taxonomy":"category","embeddable":true,"href":"https:\/\/www.r2cpress.com.br\/v1\/wp-json\/wp\/v2\/categories?post=6015"},{"taxonomy":"post_tag","embeddable":true,"href":"https:\/\/www.r2cpress.com.br\/v1\/wp-json\/wp\/v2\/tags?post=6015"}],"curies":[{"name":"wp","href":"https:\/\/api.w.org\/{rel}","templated":true}]}}