{"id":6021,"date":"2011-01-07T19:00:29","date_gmt":"2011-01-07T22:00:29","guid":{"rendered":"http:\/\/www.r2cpress.com.br\/v1\/?p=6021"},"modified":"2011-01-07T19:00:29","modified_gmt":"2011-01-07T22:00:29","slug":"oab-pode-pedir-anulacao-dos-passaportes-diplomaticos-dos-filhos-de-lula","status":"publish","type":"post","link":"https:\/\/www.r2cpress.com.br\/v1\/2011\/01\/07\/oab-pode-pedir-anulacao-dos-passaportes-diplomaticos-dos-filhos-de-lula\/","title":{"rendered":"OAB pode pedir anula\u00e7\u00e3o dos passaportes diplom\u00e1ticos dos filhos de Lula"},"content":{"rendered":"<p><strong>Segundo o presidente da OAB, eles n\u00e3o se enquadram nos requisitos legais para a obten\u00e7\u00e3o do documento<\/strong><br \/>\n.<\/p>\n<p><div style=\"width: 210px\" class=\"wp-caption alignleft\"><img loading=\"lazy\" alt=\"Para presidente, emiss\u00e3o n\u00e3o \u00e9 justific\u00e1vel (Foto: Saulo Cruz\/Ag. C\u00e2mara).\" src=\"http:\/\/www.correio24horas.com.br\/fileadmin\/user_upload\/tt_news\/pics\/OAB.jpg\" title=\"Para presidente, emiss\u00e3o n\u00e3o \u00e9 justific\u00e1vel (Foto: Saulo Cruz\/Ag. C\u00e2mara).\" width=\"200\" height=\"255\" \/><p class=\"wp-caption-text\">Para presidente, emiss\u00e3o n\u00e3o \u00e9 justific\u00e1vel (Foto: Saulo Cruz\/Ag. C\u00e2mara).<\/p><\/div>O presidente da Ordem dos Advogados do Brasil, Ophir Cavalcanti, disse nesta sexta-feira (7), que pode pedir na Justi\u00e7a a anula\u00e7\u00e3o dos passaportes diplom\u00e1ticos concedidos pelo Itamaraty a dois filhos do ex-presidente Luiz In\u00e1cio Lula da Silva, caso eles n\u00e3o abram m\u00e3o do documento por conta pr\u00f3pria.<\/p>\n<p>\u201cSe n\u00e3o houver uma reformula\u00e7\u00e3o da postura dos filhos do presidente Lula, isso poder\u00e1 ser objeto de uma a\u00e7\u00e3o judicial, seja pelo Minist\u00e9rio P\u00fablico, seja pela pr\u00f3pria Ordem. N\u00e3o h\u00e1 d\u00favida de que essa \u00e9 uma hip\u00f3tese\u201d, disse em entrevista ao G1 por telefone.<\/p>\n<p>Para o presidente da OAB, n\u00e3o existe justificativa para a emiss\u00e3o do documento, j\u00e1 que Lu\u00eds Cl\u00e1udio Lula da Silva, 25, e Marcos Cl\u00e1udio Lula da Silva, 39, n\u00e3o se enquadram nos requisitos legais para a obten\u00e7\u00e3o desse tipo de passaporte.<\/p>\n<p><!--more--><\/p>\n<p>O decreto 5.978 de dezembro de 2006, que regulamenta a concess\u00e3o do documento, garante o benef\u00edcio do passaporte diplom\u00e1tico a presidentes, vices, ministros de Estado, parlamentares, chefes de miss\u00f5es diplom\u00e1ticas, ministros dos tribunais superiores e ex-presidentes. C\u00f4njuges e dependentes at\u00e9 21 anos (24 anos caso seja estudante) ou portadores de defici\u00eancia tamb\u00e9m t\u00eam direito ao passaporte.<\/p>\n<p>Segundo o decreto, o ministro de Rela\u00e7\u00f5es Exteriores pode autorizar a expedi\u00e7\u00e3o do passaporte diplom\u00e1tico &#8220;em car\u00e1ter excepcional&#8221; e &#8220;em fun\u00e7\u00e3o de interesse do pa\u00eds&#8221;. Foi com base nesta prerrogativa que o ent\u00e3o ministro Celso Amorim concedeu o passaporte diplom\u00e1tico aos filhos de Lula.<\/p>\n<p><strong>Lista<\/strong><br \/>\nOphir Canvalcanti afirmou ainda que vai solicitar ao Itamaraty uma lista com todas as pessoas que receberam passaporte diplom\u00e1tico sem estarem enquadradas nos crit\u00e9rios exigidos para a obten\u00e7\u00e3o do documento.<\/p>\n<p>&#8212;<br \/>\nReda\u00e7\u00e3o <a href = \"http:\/\/www.correio24horas.com.br\/noticias\/detalhes\/detalhes-1\/artigo\/oab-pode-pedir-anulacao-dos-passaportes-diplomaticos-dos-filhos-de-lula\/\" target = \"_news\"><b>CORREIO DA BAHIA<\/b><\/a><\/p>\n","protected":false},"excerpt":{"rendered":"<p>Segundo o presidente da OAB, eles n\u00e3o se enquadram nos requisitos legais para a obten\u00e7\u00e3o do documento . O presidente da Ordem dos Advogados do Brasil, Ophir Cavalcanti, disse nesta sexta-feira (7), que pode pedir na Justi\u00e7a a anula\u00e7\u00e3o dos passaportes diplom\u00e1ticos concedidos pelo Itamaraty a dois filhos do ex-presidente Luiz In\u00e1cio Lula da Silva, [&hellip;]<\/p>\n","protected":false},"author":2,"featured_media":0,"comment_status":"open","ping_status":"open","sticky":false,"template":"","format":"standard","meta":{"_links_to":"","_links_to_target":""},"categories":[18],"tags":[],"_links":{"self":[{"href":"https:\/\/www.r2cpress.com.br\/v1\/wp-json\/wp\/v2\/posts\/6021"}],"collection":[{"href":"https:\/\/www.r2cpress.com.br\/v1\/wp-json\/wp\/v2\/posts"}],"about":[{"href":"https:\/\/www.r2cpress.com.br\/v1\/wp-json\/wp\/v2\/types\/post"}],"author":[{"embeddable":true,"href":"https:\/\/www.r2cpress.com.br\/v1\/wp-json\/wp\/v2\/users\/2"}],"replies":[{"embeddable":true,"href":"https:\/\/www.r2cpress.com.br\/v1\/wp-json\/wp\/v2\/comments?post=6021"}],"version-history":[{"count":2,"href":"https:\/\/www.r2cpress.com.br\/v1\/wp-json\/wp\/v2\/posts\/6021\/revisions"}],"predecessor-version":[{"id":6023,"href":"https:\/\/www.r2cpress.com.br\/v1\/wp-json\/wp\/v2\/posts\/6021\/revisions\/6023"}],"wp:attachment":[{"href":"https:\/\/www.r2cpress.com.br\/v1\/wp-json\/wp\/v2\/media?parent=6021"}],"wp:term":[{"taxonomy":"category","embeddable":true,"href":"https:\/\/www.r2cpress.com.br\/v1\/wp-json\/wp\/v2\/categories?post=6021"},{"taxonomy":"post_tag","embeddable":true,"href":"https:\/\/www.r2cpress.com.br\/v1\/wp-json\/wp\/v2\/tags?post=6021"}],"curies":[{"name":"wp","href":"https:\/\/api.w.org\/{rel}","templated":true}]}}