{"id":6024,"date":"2011-01-07T20:21:04","date_gmt":"2011-01-07T23:21:04","guid":{"rendered":"http:\/\/www.r2cpress.com.br\/v1\/?p=6024"},"modified":"2011-01-07T20:21:04","modified_gmt":"2011-01-07T23:21:04","slug":"sangramento-em-alencar-aparenta-estar-controlado-informa-hospital","status":"publish","type":"post","link":"https:\/\/www.r2cpress.com.br\/v1\/2011\/01\/07\/sangramento-em-alencar-aparenta-estar-controlado-informa-hospital\/","title":{"rendered":"Sangramento em Alencar aparenta estar controlado, informa hospital"},"content":{"rendered":"<p><strong>S\u00e3o Paulo<\/strong> &#8211; O sangramento no intestino, que o ex-vice-presidente da Rep\u00fablica Jos\u00e9 Alencar voltou a apresentar hoje (7), aparenta estar controlado, segundo informou o boletim m\u00e9dico do Hospital S\u00edrio-Liban\u00eas, divulgado no in\u00edcio desta tarde.<\/p>\n<p>O estado de sa\u00fade de Alencar \u00e9 est\u00e1vel e ele segue internado na Unidade de Terapia Intensiva (UTI) Cardiol\u00f3gica do hospital.<\/p>\n<p>De acordo com o boletim, o ex-vice-presidente apresenta epis\u00f3dios intermitentes de sangramento, mas de baixo volume, menos graves do que o quadro de hemorragia que apresentou na semana passada. Alencar segue alimentando-se normalmente e deve ser submetido, ainda hoje, a uma nova sess\u00e3o de hemodi\u00e1lise (filtragem artificial do sangue).<\/p>\n<p>Alencar est\u00e1 internado no Hospital S\u00edrio-Liban\u00eas, em S\u00e3o Paulo, desde o dia 22 de dezembro, para tratar um sangramento intestinal decorrente do c\u00e2ncer que o acomete h\u00e1 mais de uma d\u00e9cada.<\/p>\n<p>Elaine Patricia Cruz<br \/>\nRep\u00f3rter da <a href = \"http:\/\/agenciabrasil.ebc.com.br\/home;jsessionid=5F19276E65023F7B8E078F85F6B66630?p_p_id=56&#038;p_p_lifecycle=0&#038;p_p_state=maximized&#038;p_p_mode=view&#038;p_p_col_id=column-3&#038;p_p_col_pos=4&#038;p_p_col_count=8&#038;_56_groupId=19523&#038;_56_articleId=3158709\" target = \"_news\"><b>Ag\u00eancia Brasil<\/b><\/a><br \/>\nEdi\u00e7\u00e3o: Vinicius Doria<\/p>\n","protected":false},"excerpt":{"rendered":"<p>S\u00e3o Paulo &#8211; O sangramento no intestino, que o ex-vice-presidente da Rep\u00fablica Jos\u00e9 Alencar voltou a apresentar hoje (7), aparenta estar controlado, segundo informou o boletim m\u00e9dico do Hospital S\u00edrio-Liban\u00eas, divulgado no in\u00edcio desta tarde. O estado de sa\u00fade de Alencar \u00e9 est\u00e1vel e ele segue internado na Unidade de Terapia Intensiva (UTI) Cardiol\u00f3gica do [&hellip;]<\/p>\n","protected":false},"author":2,"featured_media":0,"comment_status":"open","ping_status":"open","sticky":false,"template":"","format":"standard","meta":{"_links_to":"","_links_to_target":""},"categories":[18],"tags":[],"_links":{"self":[{"href":"https:\/\/www.r2cpress.com.br\/v1\/wp-json\/wp\/v2\/posts\/6024"}],"collection":[{"href":"https:\/\/www.r2cpress.com.br\/v1\/wp-json\/wp\/v2\/posts"}],"about":[{"href":"https:\/\/www.r2cpress.com.br\/v1\/wp-json\/wp\/v2\/types\/post"}],"author":[{"embeddable":true,"href":"https:\/\/www.r2cpress.com.br\/v1\/wp-json\/wp\/v2\/users\/2"}],"replies":[{"embeddable":true,"href":"https:\/\/www.r2cpress.com.br\/v1\/wp-json\/wp\/v2\/comments?post=6024"}],"version-history":[{"count":2,"href":"https:\/\/www.r2cpress.com.br\/v1\/wp-json\/wp\/v2\/posts\/6024\/revisions"}],"predecessor-version":[{"id":6026,"href":"https:\/\/www.r2cpress.com.br\/v1\/wp-json\/wp\/v2\/posts\/6024\/revisions\/6026"}],"wp:attachment":[{"href":"https:\/\/www.r2cpress.com.br\/v1\/wp-json\/wp\/v2\/media?parent=6024"}],"wp:term":[{"taxonomy":"category","embeddable":true,"href":"https:\/\/www.r2cpress.com.br\/v1\/wp-json\/wp\/v2\/categories?post=6024"},{"taxonomy":"post_tag","embeddable":true,"href":"https:\/\/www.r2cpress.com.br\/v1\/wp-json\/wp\/v2\/tags?post=6024"}],"curies":[{"name":"wp","href":"https:\/\/api.w.org\/{rel}","templated":true}]}}