{"id":6032,"date":"2011-01-07T20:54:55","date_gmt":"2011-01-07T23:54:55","guid":{"rendered":"http:\/\/www.r2cpress.com.br\/v1\/?p=6032"},"modified":"2011-01-07T20:54:55","modified_gmt":"2011-01-07T23:54:55","slug":"cacau-entre-primeiros-rubros-exportaveis-dominicanos","status":"publish","type":"post","link":"https:\/\/www.r2cpress.com.br\/v1\/2011\/01\/07\/cacau-entre-primeiros-rubros-exportaveis-dominicanos\/","title":{"rendered":"Cacau entre primeiros rubros export\u00e1veis dominicanos"},"content":{"rendered":"<p><strong>A exporta\u00e7\u00e3o equivale de 117.141 toneladas m\u00e9tricas<\/strong><\/p>\n<p><strong>Santo Domingo, 6 jan (Prensa Latina)<\/strong> Produ\u00e7\u00f5es recorde de cacau na Rep\u00fablica Dominicana nos \u00faltimos dois anos fizeram que suas exporta\u00e7\u00f5es atingissem 336,5 milh\u00f5es de d\u00f3lares nesse per\u00edodo.<\/p>\n<p> Os rendimentos representaram a exporta\u00e7\u00e3o de 117.141 toneladas m\u00e9tricas, informou o Minist\u00e9rio de Agricultura.<\/p>\n<p>O ciclo 2008-2009 j\u00e1 tinha tomado como refer\u00eancia porque as vendas externas da semente com rendimentos de 162,3 milh\u00f5es de d\u00f3lares e na temporada 2009-2010 a colheita superou as expectativas ingressando 174,2 milh\u00f5es de d\u00f3lares.<\/p>\n<p>O ministro do ramo, Salvador Jim\u00e9nez, atribuiu os bons resultados obtidos nas \u00faltimas duas colheitas aos altos pre\u00e7os nos mercados internacionais e ao apoio do Governo aos produtores nacionais.<\/p>\n<p>Fonte: Prensa Latina<br \/>\nNo <a href = \"http:\/\/www.mercadodocacau.com.br\/index.php?menu=noticias&#038;id=6548\" target = \"_news\"><b>MERCADO DO CACAU<\/b><\/a><\/p>\n","protected":false},"excerpt":{"rendered":"<p>A exporta\u00e7\u00e3o equivale de 117.141 toneladas m\u00e9tricas Santo Domingo, 6 jan (Prensa Latina) Produ\u00e7\u00f5es recorde de cacau na Rep\u00fablica Dominicana nos \u00faltimos dois anos fizeram que suas exporta\u00e7\u00f5es atingissem 336,5 milh\u00f5es de d\u00f3lares nesse per\u00edodo. Os rendimentos representaram a exporta\u00e7\u00e3o de 117.141 toneladas m\u00e9tricas, informou o Minist\u00e9rio de Agricultura. O ciclo 2008-2009 j\u00e1 tinha tomado [&hellip;]<\/p>\n","protected":false},"author":2,"featured_media":0,"comment_status":"open","ping_status":"open","sticky":false,"template":"","format":"standard","meta":{"_links_to":"","_links_to_target":""},"categories":[3],"tags":[],"_links":{"self":[{"href":"https:\/\/www.r2cpress.com.br\/v1\/wp-json\/wp\/v2\/posts\/6032"}],"collection":[{"href":"https:\/\/www.r2cpress.com.br\/v1\/wp-json\/wp\/v2\/posts"}],"about":[{"href":"https:\/\/www.r2cpress.com.br\/v1\/wp-json\/wp\/v2\/types\/post"}],"author":[{"embeddable":true,"href":"https:\/\/www.r2cpress.com.br\/v1\/wp-json\/wp\/v2\/users\/2"}],"replies":[{"embeddable":true,"href":"https:\/\/www.r2cpress.com.br\/v1\/wp-json\/wp\/v2\/comments?post=6032"}],"version-history":[{"count":3,"href":"https:\/\/www.r2cpress.com.br\/v1\/wp-json\/wp\/v2\/posts\/6032\/revisions"}],"predecessor-version":[{"id":6035,"href":"https:\/\/www.r2cpress.com.br\/v1\/wp-json\/wp\/v2\/posts\/6032\/revisions\/6035"}],"wp:attachment":[{"href":"https:\/\/www.r2cpress.com.br\/v1\/wp-json\/wp\/v2\/media?parent=6032"}],"wp:term":[{"taxonomy":"category","embeddable":true,"href":"https:\/\/www.r2cpress.com.br\/v1\/wp-json\/wp\/v2\/categories?post=6032"},{"taxonomy":"post_tag","embeddable":true,"href":"https:\/\/www.r2cpress.com.br\/v1\/wp-json\/wp\/v2\/tags?post=6032"}],"curies":[{"name":"wp","href":"https:\/\/api.w.org\/{rel}","templated":true}]}}