{"id":60438,"date":"2013-03-09T21:48:25","date_gmt":"2013-03-10T00:48:25","guid":{"rendered":"http:\/\/www.r2cpress.com.br\/v1\/?p=60438"},"modified":"2013-03-09T21:48:25","modified_gmt":"2013-03-10T00:48:25","slug":"prefeitura-de-itabuna-47","status":"publish","type":"post","link":"https:\/\/www.r2cpress.com.br\/v1\/2013\/03\/09\/prefeitura-de-itabuna-47\/","title":{"rendered":"Prefeitura de Itabuna."},"content":{"rendered":"<p><center><strong> PM diz que 30 mil pessoas participam da Lavagem do Beco <\/strong><\/center><\/p>\n<p>A Pol\u00edcia Militar estima que cerca de 30 mil pessoas estejam no circuito da Lavagem do Beco do Fuxico neste momento. Segundo o comandante do 15\u00ba Batalh\u00e3o de Pol\u00edcia Militar, coronel Lemos,  esse n\u00famero deve aumentar a partir da entrada da principal atra\u00e7\u00e3o da noite,  a banda Armandinho, Dod\u00f4 e Osmar.<br \/>\n<div id=\"attachment_60439\" style=\"width: 560px\" class=\"wp-caption aligncenter\"><a href=\"http:\/\/www.r2cpress.com.br\/v1\/wp-content\/uploads\/CAPA-R2CPRESS50.jpg\"><img aria-describedby=\"caption-attachment-60439\" loading=\"lazy\" src=\"http:\/\/www.r2cpress.com.br\/v1\/wp-content\/uploads\/CAPA-R2CPRESS50.jpg\" alt=\"Fotos: Pedro Augusto e Gabriel de Oliveira\" width=\"550\" height=\"550\" class=\"size-full wp-image-60439\" srcset=\"https:\/\/www.r2cpress.com.br\/v1\/wp-content\/uploads\/CAPA-R2CPRESS50.jpg 550w, https:\/\/www.r2cpress.com.br\/v1\/wp-content\/uploads\/CAPA-R2CPRESS50-150x150.jpg 150w, https:\/\/www.r2cpress.com.br\/v1\/wp-content\/uploads\/CAPA-R2CPRESS50-300x300.jpg 300w\" sizes=\"(max-width: 550px) 100vw, 550px\" \/><\/a><p id=\"caption-attachment-60439\" class=\"wp-caption-text\">Fotos: Pedro Augusto e Gabriel de Oliveira<\/p><\/div><br \/>\nO comandante da PM avalia que  at\u00e9 agora a festa como tranquila, sem incidentes e num clima de bastante harmonia e paz. No meio da multid\u00e3o idosos, adultos e crian\u00e7as se misturaram no Beco Fuxico para ver a passagem das baianas.  As pessoas desceram a Rua Adolfo Leite em dire\u00e7\u00e3o \u00e0 Avenida do Cinquenten\u00e1rio ao som de tambores e atabaques c\u00e2nticos afro, sendo molhados pelas baianas com \u00e1gua de cheiro e p\u00e9talas de rosa com pedidos paz e amor para a festa.<br \/>\nA foli\u00e3 Michelle Moreira residente no G\u00f3es Calmon n\u00e3o abre m\u00e3o do banho de cheiro. \u201cAcho lindo esse ritual e espero que a festa continue bonita como foi at\u00e9 agora\u201d, disse.  J\u00e1 Joana Alves de Souza moradora no bairro de F\u00e1tima afirma que gosta muito desse ritual das baianas e do banho de cheiro. Para ela tudo na festa est\u00e1 irradiando alegria. Maria Aparecida Soares veio do bairro Concei\u00e7\u00e3o e disse que nunca perdeu uma Lavagem do Beco, mas que este ano a festa surpreendeu pela organiza\u00e7\u00e3o, anima\u00e7\u00e3o das pessoas e pelo clima de paz. <\/p>\n<p><center><strong>Tombamento do ABC da Noite abre a Lavagem do Beco do Fuxico<\/strong><\/center><\/p>\n<div id=\"attachment_60441\" style=\"width: 560px\" class=\"wp-caption aligncenter\"><a href=\"http:\/\/www.r2cpress.com.br\/v1\/wp-content\/uploads\/CAPA-R2CPRESS51.jpg\"><img aria-describedby=\"caption-attachment-60441\" loading=\"lazy\" src=\"http:\/\/www.r2cpress.com.br\/v1\/wp-content\/uploads\/CAPA-R2CPRESS51.jpg\" alt=\"Fotos: Gabriel de Oliveira e Pedro Augusto.\" width=\"550\" height=\"550\" class=\"size-full wp-image-60441\" srcset=\"https:\/\/www.r2cpress.com.br\/v1\/wp-content\/uploads\/CAPA-R2CPRESS51.jpg 550w, https:\/\/www.r2cpress.com.br\/v1\/wp-content\/uploads\/CAPA-R2CPRESS51-150x150.jpg 150w, https:\/\/www.r2cpress.com.br\/v1\/wp-content\/uploads\/CAPA-R2CPRESS51-300x300.jpg 300w\" sizes=\"(max-width: 550px) 100vw, 550px\" \/><\/a><p id=\"caption-attachment-60441\" class=\"wp-caption-text\">Fotos: Gabriel de Oliveira e Pedro Augusto.<\/p><\/div>\n<p>Muita alegria e emo\u00e7\u00e3o marcaram o tombamento do bar ABC da Noite por volta da uma e meia da tarde deste s\u00e1bado, 9, abrindo oficialmente a Lavagem do Beco do Fuxico, no centro de Itabuna.  A solenidade foi iniciada pelo secret\u00e1rio da Ind\u00fastria, Com\u00e9rcio e Turismo, Jos\u00e9 Humberto Martins, que falou da alegria e do momento hist\u00f3rico para a cidade e pelo decreto assinado pelo prefeito Claudevane Leite.<br \/>\n\u201cDepois de vermos ir ao ch\u00e3o, o Castelinho, o Col\u00e9gio Divina Provid\u00eancia, o im\u00f3vel do esp\u00f3lio de Gutemberg Amazonas e a antiga ag\u00eancia do Banco no Brasil, o prefeito Vane Leite achou por bem assinar o decreto de tombamento do ABC da Noite para preservar o im\u00f3vel hist\u00f3rico na cidade\u201d, disse o secret\u00e1rio Jo\u00e9 Humberto, refor\u00e7ando a determina\u00e7\u00e3o do prefeito de preservar elementos arquitet\u00f4nicos, culturais e hist\u00f3ricos, materiais e imateriais da cultura grapi\u00fana.<br \/>\nEmocionado, o comerciante Alencar Pereira, o \u201cCab\u00f4co\u201d Alencar, transferiu a homenagem para a popula\u00e7\u00e3o e disse que o reconhecimento da Prefeitura foi recebido com humildade, j\u00e1 que o grupo social presente era formado por amigos e frequentadores do tradicional boteco, aonde comercializa diariamente, entre as 11h30min e 13 horas e 17h30min e 19 horas, batidas com sabores de frutas regionais e ess\u00eancias como gengibre.<br \/>\nO vice-prefeito e secret\u00e1rio de Planejamento e Tecnologia, Wenceslau Augusto J\u00fanior, agradeceu a parceria com a empresa Bahiag\u00e1s, presidida pelo economista Davidson Magalh\u00e3es. A empresa estatal \u00e9 respons\u00e1vel pela contrata\u00e7\u00e3o da banda Armandinho, Dod\u00f4 e Osmar, a principal atra\u00e7\u00e3o da festa mais tradicional de Itabuna, que tamb\u00e9m foi homenageada pela Prefeitura pelos 70 anos de cria\u00e7\u00e3o da guitarra baiana com uma placa entregue ao m\u00fasico Aroldo Macedo.  A banda se apresentar\u00e1 neste s\u00e1bado, a partir das 22 horas, na Pra\u00e7a Adami.<br \/>\n\u201dSem a parceria de empresas p\u00fablicas e privadas n\u00e3o seria poss\u00edvel ao Munic\u00edpio realizar a festa, principalmente pelas dificuldades encontradas e a escassez de recursos p\u00fablicos\u201d, explicou Wenceslau. O vice-prefeito disse ainda que n\u00e3o se pode confundir tombamento do pr\u00e9dio com a demoli\u00e7\u00e3o de  im\u00f3veis fazendo contraponto com a realidade vivida at\u00e9 o ano passado quando im\u00f3veis de valor hist\u00f3rico foram derrubados para dar lugar a empreendimentos. \u201cEsse tombamento \u00e9 para mem\u00f3ria, resgate e conserva\u00e7\u00e3o da hist\u00f3ria\u201d, concluiu.<br \/>\nPara o jornalista Daniel Thame, presidente Academia de Letras, Artes, M\u00fasica, Biritas, Inutilidades, Quimeras e Etc. (Alambique), a Prefeitura de Itabuna est\u00e1 de parab\u00e9ns, porque Itabuna \u00e9 uma cidade onde tombar significava derrubar. \u201cTemos v\u00e1rios pr\u00e9dios hist\u00f3ricos que foram derrubados e, quando a Prefeitura toma uma iniciativa dessas de preservar um patrim\u00f4nio hist\u00f3rico da cidade, temos que elogiar e destacar\u201d, observou. O artista pl\u00e1stico Renart anunciou que pretende fazer a doa\u00e7\u00e3o da placa de tombamento em homenagem \u00e0 data.<br \/>\n\tO tombamento do ABC da Noite foi prestigiado pelos secret\u00e1rios de Esportes e Recrea\u00e7\u00e3o, Evans Maxwel, e de Assuntos Governamentais e Comunica\u00e7\u00e3o Social, Cleide Sousa, presidente da FICC Roberto Jos\u00e9 da Silva, do presidente da Bahiag\u00e1s, Davidson Magalh\u00e3es, do tenente coronel PM Serpa, deputado federal Geraldo Sim\u00f5es,  vereadores Jairo Ara\u00fajo, Ronaldo Geraldo e Joilson Rosa, dentre outras personalidades culturais e politicas da regi\u00e3o. O evento reuniu mais de duas centenas de pessoas que se confraternizaram com o caboclo Alencar.<br \/>\n_____________________________________<br \/>\nPrefeitura Municipal de Itabuna<br \/>\nDepartamento de Comunica\u00e7\u00e3o Social<\/p>\n","protected":false},"excerpt":{"rendered":"<p>PM diz que 30 mil pessoas participam da Lavagem do Beco A Pol\u00edcia Militar estima que cerca de 30 mil pessoas estejam no circuito da Lavagem do Beco do Fuxico neste momento. Segundo o comandante do 15\u00ba Batalh\u00e3o de Pol\u00edcia Militar, coronel Lemos, esse n\u00famero deve aumentar a partir da entrada da principal atra\u00e7\u00e3o da [&hellip;]<\/p>\n","protected":false},"author":2,"featured_media":0,"comment_status":"open","ping_status":"open","sticky":false,"template":"","format":"standard","meta":{"_links_to":"","_links_to_target":""},"categories":[15],"tags":[],"_links":{"self":[{"href":"https:\/\/www.r2cpress.com.br\/v1\/wp-json\/wp\/v2\/posts\/60438"}],"collection":[{"href":"https:\/\/www.r2cpress.com.br\/v1\/wp-json\/wp\/v2\/posts"}],"about":[{"href":"https:\/\/www.r2cpress.com.br\/v1\/wp-json\/wp\/v2\/types\/post"}],"author":[{"embeddable":true,"href":"https:\/\/www.r2cpress.com.br\/v1\/wp-json\/wp\/v2\/users\/2"}],"replies":[{"embeddable":true,"href":"https:\/\/www.r2cpress.com.br\/v1\/wp-json\/wp\/v2\/comments?post=60438"}],"version-history":[{"count":6,"href":"https:\/\/www.r2cpress.com.br\/v1\/wp-json\/wp\/v2\/posts\/60438\/revisions"}],"predecessor-version":[{"id":60446,"href":"https:\/\/www.r2cpress.com.br\/v1\/wp-json\/wp\/v2\/posts\/60438\/revisions\/60446"}],"wp:attachment":[{"href":"https:\/\/www.r2cpress.com.br\/v1\/wp-json\/wp\/v2\/media?parent=60438"}],"wp:term":[{"taxonomy":"category","embeddable":true,"href":"https:\/\/www.r2cpress.com.br\/v1\/wp-json\/wp\/v2\/categories?post=60438"},{"taxonomy":"post_tag","embeddable":true,"href":"https:\/\/www.r2cpress.com.br\/v1\/wp-json\/wp\/v2\/tags?post=60438"}],"curies":[{"name":"wp","href":"https:\/\/api.w.org\/{rel}","templated":true}]}}