{"id":60517,"date":"2013-03-11T12:27:43","date_gmt":"2013-03-11T15:27:43","guid":{"rendered":"http:\/\/www.r2cpress.com.br\/v1\/?p=60517"},"modified":"2013-03-11T12:28:45","modified_gmt":"2013-03-11T15:28:45","slug":"sarau-das-mulheres-reuniu-mais-de-20-artistas-em-ilheus","status":"publish","type":"post","link":"https:\/\/www.r2cpress.com.br\/v1\/2013\/03\/11\/sarau-das-mulheres-reuniu-mais-de-20-artistas-em-ilheus\/","title":{"rendered":"Sarau das Mulheres reuniu  mais de 20 artistas em Ilh\u00e9us"},"content":{"rendered":"<p>Poesia, m\u00fasica, dan\u00e7a e demais performances art\u00edsticas marcaram o I Sarau das Mulheres, realizado na noite da \u00faltima sexta-feira (08), em Ilh\u00e9us. O evento atraiu a aten\u00e7\u00e3o do p\u00fablico, que lotou a porta da Casa dos Artistas a fim de prestigiar as apresenta\u00e7\u00f5es de mais de 20 artistas regionais. Para marcar o dia internacional da mulher, a iniciativa provocou reflex\u00e3o sobre a utiliza\u00e7\u00e3o da arte como forma de express\u00e3o e luta da classe feminina.<br \/>\n<div id=\"attachment_60518\" style=\"width: 510px\" class=\"wp-caption aligncenter\"><a href=\"http:\/\/www.r2cpress.com.br\/v1\/wp-content\/uploads\/CAPA-R2CPRESS53.jpg\"><img aria-describedby=\"caption-attachment-60518\" loading=\"lazy\" src=\"http:\/\/www.r2cpress.com.br\/v1\/wp-content\/uploads\/CAPA-R2CPRESS53.jpg\" alt=\"Fotos: Felipe de Paula e Karoline Vital.\" width=\"500\" height=\"500\" class=\"size-full wp-image-60518\" srcset=\"https:\/\/www.r2cpress.com.br\/v1\/wp-content\/uploads\/CAPA-R2CPRESS53.jpg 500w, https:\/\/www.r2cpress.com.br\/v1\/wp-content\/uploads\/CAPA-R2CPRESS53-150x150.jpg 150w, https:\/\/www.r2cpress.com.br\/v1\/wp-content\/uploads\/CAPA-R2CPRESS53-300x300.jpg 300w\" sizes=\"(max-width: 500px) 100vw, 500px\" \/><\/a><p id=\"caption-attachment-60518\" class=\"wp-caption-text\">Fotos: Felipe de Paula e Karoline Vital.<\/p><\/div><br \/>\n            Com flores, perucas e lingeries compondo a decora\u00e7\u00e3o, o foco principal do Sarau das Mulheres foi o protagonismo feminino, distanciando-se das homenagens j\u00e1 incorporadas pelo setor comercial. O palco foi rodeado por um varal, que recebeu diferentes pe\u00e7as femininas \u00e0 medida que os artistas se apresentavam.<\/p>\n<p>Al\u00e9m do entretenimento, houve ainda espa\u00e7o para protesto contra a viol\u00eancia sofrida pelas mulheres. As atividades foram transmitidas ao vivo via internet pelo coletivo de poesia \u201cOutra Primavera\u201d. O evento foi organizado de forma colaborativa por produtores e artistas regionais e contou tamb\u00e9m com apoio do Teatro Popular de Ilh\u00e9us. <\/p>\n<p><strong>Programa\u00e7\u00e3o da semana<\/strong><\/p>\n<p><!--more--><br \/>\n\tO Cineclube \u00c9quio Reis exibe dois v\u00eddeos nesta ter\u00e7a-feira (12), na Casa dos Artistas. A partir das 19 horas, ser\u00e3o projetados os document\u00e1rios \u201cNa tela de Narciso\u201d, de Ana Carolina Alves, e \u201cOni Bod\u00e9 Orun\u201d, de Iajima Silena. Esta edi\u00e7\u00e3o da iniciativa \u00e9 fruto da parceria entre o N\u00facleo de Produ\u00e7\u00e3o Audiovisual do Teatro Popular de Ilh\u00e9us e o curso de Comunica\u00e7\u00e3o Social da Universidade Estadual de Santa Cruz (Uesc). A entrada \u00e9 franca.<br \/>\n\tNa quarta-feira (13), Mondrongo Livros, editora do TPI, realiza um encontro com dois escritores: Rodrigo Melo e Heitor Brasileiro Filho. O bate-papo sobre literatura ser\u00e1 aberto ao p\u00fablico e come\u00e7a \u00e0s 19 horas. Mais cedo, \u00e0s 17 horas, o DJ Jef Rodrigues discoteca em frente \u00e0 Casa dos Artistas, no projeto Transeunte.<br \/>\nA banda Improviso Nordestino realiza duas apresenta\u00e7\u00f5es nesta quinta e sexta-feira (14 e 15) \u00e0s 20 horas. O repert\u00f3rio do grupo traz influ\u00eancias do cancioneiro popular, movimento armorial e suas simbologias. As entradas custam R$10 e R$5.<\/p>\n","protected":false},"excerpt":{"rendered":"<p>Poesia, m\u00fasica, dan\u00e7a e demais performances art\u00edsticas marcaram o I Sarau das Mulheres, realizado na noite da \u00faltima sexta-feira (08), em Ilh\u00e9us. O evento atraiu a aten\u00e7\u00e3o do p\u00fablico, que lotou a porta da Casa dos Artistas a fim de prestigiar as apresenta\u00e7\u00f5es de mais de 20 artistas regionais. Para marcar o dia internacional da [&hellip;]<\/p>\n","protected":false},"author":2,"featured_media":0,"comment_status":"open","ping_status":"open","sticky":false,"template":"","format":"standard","meta":{"_links_to":"","_links_to_target":""},"categories":[5],"tags":[],"_links":{"self":[{"href":"https:\/\/www.r2cpress.com.br\/v1\/wp-json\/wp\/v2\/posts\/60517"}],"collection":[{"href":"https:\/\/www.r2cpress.com.br\/v1\/wp-json\/wp\/v2\/posts"}],"about":[{"href":"https:\/\/www.r2cpress.com.br\/v1\/wp-json\/wp\/v2\/types\/post"}],"author":[{"embeddable":true,"href":"https:\/\/www.r2cpress.com.br\/v1\/wp-json\/wp\/v2\/users\/2"}],"replies":[{"embeddable":true,"href":"https:\/\/www.r2cpress.com.br\/v1\/wp-json\/wp\/v2\/comments?post=60517"}],"version-history":[{"count":3,"href":"https:\/\/www.r2cpress.com.br\/v1\/wp-json\/wp\/v2\/posts\/60517\/revisions"}],"predecessor-version":[{"id":60521,"href":"https:\/\/www.r2cpress.com.br\/v1\/wp-json\/wp\/v2\/posts\/60517\/revisions\/60521"}],"wp:attachment":[{"href":"https:\/\/www.r2cpress.com.br\/v1\/wp-json\/wp\/v2\/media?parent=60517"}],"wp:term":[{"taxonomy":"category","embeddable":true,"href":"https:\/\/www.r2cpress.com.br\/v1\/wp-json\/wp\/v2\/categories?post=60517"},{"taxonomy":"post_tag","embeddable":true,"href":"https:\/\/www.r2cpress.com.br\/v1\/wp-json\/wp\/v2\/tags?post=60517"}],"curies":[{"name":"wp","href":"https:\/\/api.w.org\/{rel}","templated":true}]}}