{"id":60596,"date":"2013-03-11T21:06:32","date_gmt":"2013-03-12T00:06:32","guid":{"rendered":"http:\/\/www.r2cpress.com.br\/v1\/?p=60596"},"modified":"2013-03-11T21:06:32","modified_gmt":"2013-03-12T00:06:32","slug":"diocese-de-ilheus-8","status":"publish","type":"post","link":"https:\/\/www.r2cpress.com.br\/v1\/2013\/03\/11\/diocese-de-ilheus-8\/","title":{"rendered":"Diocese de Ilh\u00e9us"},"content":{"rendered":"<p align=\"center\"><b>Diocese de Ilh\u00e9us Programa Terceira Semana Social Diocesana<\/b><\/p>\n<p>Aconteceu neste s\u00e1bado, 09 de mar\u00e7o, Mais uma Reuni\u00e3o do Conselho de Leigos e Leigas da Diocese de Ilh\u00e9us (CONDILI), que contou mais uma vez com a presen\u00e7a de Leigos e Leigas representantes das Par\u00f3quias Diocesanas, Religiosos e tamb\u00e9m com o Bispo Diocesano Dom Mauro Montagnoli. Tivemos como assessor deste encontro uma pessoa que t\u00e3o brilhantemente nos colocou a respeito do Tema: <b><i>Estado Para Que e Para Quem?\u00a0<\/i><\/b>O senhor Paulo Demeter.<\/p>\n<div id=\"attachment_60597\" style=\"width: 560px\" class=\"wp-caption aligncenter\"><a href=\"http:\/\/www.r2cpress.com.br\/v1\/wp-content\/uploads\/CAPA-R2CPRESS56.jpg\"><img aria-describedby=\"caption-attachment-60597\" loading=\"lazy\" class=\"size-full wp-image-60597\" alt=\"Diocese de Ilh\u00e9us\" src=\"http:\/\/www.r2cpress.com.br\/v1\/wp-content\/uploads\/CAPA-R2CPRESS56.jpg\" width=\"550\" height=\"550\" srcset=\"https:\/\/www.r2cpress.com.br\/v1\/wp-content\/uploads\/CAPA-R2CPRESS56.jpg 550w, https:\/\/www.r2cpress.com.br\/v1\/wp-content\/uploads\/CAPA-R2CPRESS56-150x150.jpg 150w, https:\/\/www.r2cpress.com.br\/v1\/wp-content\/uploads\/CAPA-R2CPRESS56-300x300.jpg 300w\" sizes=\"(max-width: 550px) 100vw, 550px\" \/><\/a><p id=\"caption-attachment-60597\" class=\"wp-caption-text\">Diocese de Ilh\u00e9us<\/p><\/div>\n<p>Desta vez, realizamos o Encontro preparat\u00f3rio para a Terceira Semana Social Diocesana que vai acontecer nos <b><i>dias 27 e 28 de abril de 2013<\/i><\/b>, dentro do Projeto com a Quinta Semana Social Nacional. Este evento em nossa Diocese tamb\u00e9m faz parte da Programa\u00e7\u00e3o do <b><i>Primeiro Centen\u00e1rio da nossa Diocese de Ilh\u00e9us.<\/i><\/b><\/p>\n<p>O Encontro terminou com uma Celebra\u00e7\u00e3o Eucar\u00edstica, presidida pelo Bispo Dom Mauro Montagnoli, que ao final agradeceu a presen\u00e7a de todos.<\/p>\n<p>Caso deseje ver mais imagens,\u00a0 <b><i>e tenha Facebook<\/i><\/b><\/p>\n<p>Facebook: da Diocese de Ilh\u00e9us \u2013 Cem Anos <a href=\"http:\/\/www.facebook.com\/media\/set\/?set=a.321142521342441.1073741826.100003400876257&amp;type=1\">http:\/\/www.facebook.com\/media\/set\/?set=a.321142521342441.1073741826.100003400876257&amp;type=1<\/a><\/p>\n<p>&#8212;<\/p>\n<p><em><strong>Paulo Costa<\/strong><\/em><\/p>\n","protected":false},"excerpt":{"rendered":"<p>Diocese de Ilh\u00e9us Programa Terceira Semana Social Diocesana Aconteceu neste s\u00e1bado, 09 de mar\u00e7o, Mais uma Reuni\u00e3o do Conselho de Leigos e Leigas da Diocese de Ilh\u00e9us (CONDILI), que contou mais uma vez com a presen\u00e7a de Leigos e Leigas representantes das Par\u00f3quias Diocesanas, Religiosos e tamb\u00e9m com o Bispo Diocesano Dom Mauro Montagnoli. Tivemos [&hellip;]<\/p>\n","protected":false},"author":2,"featured_media":0,"comment_status":"open","ping_status":"open","sticky":false,"template":"","format":"standard","meta":{"_links_to":"","_links_to_target":""},"categories":[14],"tags":[],"_links":{"self":[{"href":"https:\/\/www.r2cpress.com.br\/v1\/wp-json\/wp\/v2\/posts\/60596"}],"collection":[{"href":"https:\/\/www.r2cpress.com.br\/v1\/wp-json\/wp\/v2\/posts"}],"about":[{"href":"https:\/\/www.r2cpress.com.br\/v1\/wp-json\/wp\/v2\/types\/post"}],"author":[{"embeddable":true,"href":"https:\/\/www.r2cpress.com.br\/v1\/wp-json\/wp\/v2\/users\/2"}],"replies":[{"embeddable":true,"href":"https:\/\/www.r2cpress.com.br\/v1\/wp-json\/wp\/v2\/comments?post=60596"}],"version-history":[{"count":3,"href":"https:\/\/www.r2cpress.com.br\/v1\/wp-json\/wp\/v2\/posts\/60596\/revisions"}],"predecessor-version":[{"id":60600,"href":"https:\/\/www.r2cpress.com.br\/v1\/wp-json\/wp\/v2\/posts\/60596\/revisions\/60600"}],"wp:attachment":[{"href":"https:\/\/www.r2cpress.com.br\/v1\/wp-json\/wp\/v2\/media?parent=60596"}],"wp:term":[{"taxonomy":"category","embeddable":true,"href":"https:\/\/www.r2cpress.com.br\/v1\/wp-json\/wp\/v2\/categories?post=60596"},{"taxonomy":"post_tag","embeddable":true,"href":"https:\/\/www.r2cpress.com.br\/v1\/wp-json\/wp\/v2\/tags?post=60596"}],"curies":[{"name":"wp","href":"https:\/\/api.w.org\/{rel}","templated":true}]}}