{"id":6072,"date":"2011-01-08T09:09:32","date_gmt":"2011-01-08T12:09:32","guid":{"rendered":"http:\/\/www.r2cpress.com.br\/v1\/?p=6072"},"modified":"2011-01-08T09:09:32","modified_gmt":"2011-01-08T12:09:32","slug":"governo-dilma-enterra-projeto-de-regulacao-da-midia","status":"publish","type":"post","link":"https:\/\/www.r2cpress.com.br\/v1\/2011\/01\/08\/governo-dilma-enterra-projeto-de-regulacao-da-midia\/","title":{"rendered":"Governo Dilma enterra projeto de regula\u00e7\u00e3o da m\u00eddia"},"content":{"rendered":"<p>O governo enterrou o projeto  de regula\u00e7\u00e3o da m\u00eddia elaborado pelo ex-ministro Franklin Martins. Ap\u00f3s encontro com a presidente Dilma Rousseff no Planalto, o ministro das Comunica\u00e7\u00f5es, Paulo Bernardo, disse em tom diplom\u00e1tico e pol\u00edtico que h\u00e1 outras prioridades para serem tocadas, como o projeto de banda larga, que pretende apresentar at\u00e9 o final de abril. &#8220;A banda larga vai ter prioridade e prem\u00eancia porque vamos discutir tamb\u00e9m o plano geral de metas de universaliza\u00e7\u00e3o&#8221;, afirmou.<\/p>\n<p>Pela tradi\u00e7\u00e3o de Bras\u00edlia, um governo &#8220;enterra&#8221; um projeto quando n\u00e3o estipula prazo para envio ao Congresso nem classifica a proposta como prioridade na agenda, observam assessores. Na entrevista, Paulo Bernardo disse que \u00e9 preciso um &#8220;exame detalhado&#8221; do projeto para a possibilidade de abrir uma discuss\u00e3o ainda no \u00e2mbito do governo.<\/p>\n<p><!--more--><\/p>\n<p>Ele relatou que recebeu nesta semana de ex-assessores de Franklin Martins a proposta. &#8220;Preciso olhar, fazer um exame detalhado da mat\u00e9ria&#8221;, disse. &#8220;Certamente vamos ter que olhar cada ponto. Todos sabem que tem discuss\u00f5es de car\u00e1ter econ\u00f4mico, regula\u00e7\u00e3o entre setores, disputas&#8221;, justificou. &#8220;Tem discuss\u00f5es relativas aos direitos dos usu\u00e1rios, tem quest\u00f5es que dizem respeito \u00e0 pr\u00f3pria democracia. Vamos examinar tudo e ver como vamos encaminhar.&#8221;<\/p>\n<p>Ag\u00eancia Estado<br \/>\nNo <a href = \"http:\/\/atarde.com.br\/politica\/noticia.jsf?id=5671024\" target = \"_news\"><b>A TARDE<\/b><\/a> On Line<\/p>\n","protected":false},"excerpt":{"rendered":"<p>O governo enterrou o projeto de regula\u00e7\u00e3o da m\u00eddia elaborado pelo ex-ministro Franklin Martins. Ap\u00f3s encontro com a presidente Dilma Rousseff no Planalto, o ministro das Comunica\u00e7\u00f5es, Paulo Bernardo, disse em tom diplom\u00e1tico e pol\u00edtico que h\u00e1 outras prioridades para serem tocadas, como o projeto de banda larga, que pretende apresentar at\u00e9 o final de [&hellip;]<\/p>\n","protected":false},"author":2,"featured_media":0,"comment_status":"open","ping_status":"open","sticky":false,"template":"","format":"standard","meta":{"_links_to":"","_links_to_target":""},"categories":[18],"tags":[],"_links":{"self":[{"href":"https:\/\/www.r2cpress.com.br\/v1\/wp-json\/wp\/v2\/posts\/6072"}],"collection":[{"href":"https:\/\/www.r2cpress.com.br\/v1\/wp-json\/wp\/v2\/posts"}],"about":[{"href":"https:\/\/www.r2cpress.com.br\/v1\/wp-json\/wp\/v2\/types\/post"}],"author":[{"embeddable":true,"href":"https:\/\/www.r2cpress.com.br\/v1\/wp-json\/wp\/v2\/users\/2"}],"replies":[{"embeddable":true,"href":"https:\/\/www.r2cpress.com.br\/v1\/wp-json\/wp\/v2\/comments?post=6072"}],"version-history":[{"count":2,"href":"https:\/\/www.r2cpress.com.br\/v1\/wp-json\/wp\/v2\/posts\/6072\/revisions"}],"predecessor-version":[{"id":6074,"href":"https:\/\/www.r2cpress.com.br\/v1\/wp-json\/wp\/v2\/posts\/6072\/revisions\/6074"}],"wp:attachment":[{"href":"https:\/\/www.r2cpress.com.br\/v1\/wp-json\/wp\/v2\/media?parent=6072"}],"wp:term":[{"taxonomy":"category","embeddable":true,"href":"https:\/\/www.r2cpress.com.br\/v1\/wp-json\/wp\/v2\/categories?post=6072"},{"taxonomy":"post_tag","embeddable":true,"href":"https:\/\/www.r2cpress.com.br\/v1\/wp-json\/wp\/v2\/tags?post=6072"}],"curies":[{"name":"wp","href":"https:\/\/api.w.org\/{rel}","templated":true}]}}