{"id":6075,"date":"2011-01-08T09:30:34","date_gmt":"2011-01-08T12:30:34","guid":{"rendered":"http:\/\/www.r2cpress.com.br\/v1\/?p=6075"},"modified":"2011-01-08T09:30:34","modified_gmt":"2011-01-08T12:30:34","slug":"irmaos-sao-suspeitos-de-enterrar-pai-vivo-no-maranhao","status":"publish","type":"post","link":"https:\/\/www.r2cpress.com.br\/v1\/2011\/01\/08\/irmaos-sao-suspeitos-de-enterrar-pai-vivo-no-maranhao\/","title":{"rendered":"Irm\u00e3os s\u00e3o suspeitos de enterrar pai vivo no Maranh\u00e3o"},"content":{"rendered":"<p><strong>Os filhos s\u00e3o gays e dizem que eram agredidos pelo pai por conta da orienta\u00e7\u00e3o sexual<\/strong><\/p>\n<p>Dois irm\u00e3os suspeitos de enterrar o pai ainda vivo foram presos em Timon, no Maranh\u00e3o, na quinta-feira (6). Um vizinho da v\u00edtima tamb\u00e9m foi detido por participa\u00e7\u00e3o no crime, cometido em 29 de dezembro.<\/p>\n<p>O delegado Antonio Valente Filho contou que, em depoimento, os irm\u00e3os confessaram o crime. Os jovens, de 18 e 21 anos, disseram ser homossexuais e, por esse motivo, seriam constantemente agredidos pelo pai. Mas a pol\u00edcia suspeita que eles tamb\u00e9m estavam disputando com o pai a dire\u00e7\u00e3o de um terreiro de umbanda que pertencia \u00e0 fam\u00edlia.<\/p>\n<p><!--more--><\/p>\n<p>\u201cEles alegam que o pai n\u00e3o concordava com a op\u00e7\u00e3o sexual deles, que bebia muito e era violento. Eles resolveram colocar um fim nisso e agiram dessa forma. A m\u00e3e deles n\u00e3o tinha conhecimento do fato\u201d, disse Valente Filho.<\/p>\n<p>Com a ajuda do vizinho, os rapazes teriam cavado um buraco numa \u00e1rea dentro do terreiro de. No dia do crime, os irm\u00e3os deram uma dose extra do rem\u00e9dio que o pai costumava tomar, depois que ele dormiu, foi enterrado na cova que j\u00e1 estava pronta.<\/p>\n<p>\u201cO m\u00e9dico j\u00e1 nos confirmou que ele morreu por asfixia. Ele realmente foi enterrado vivo\u201d, afirmou o delegado. \u201cN\u00f3s estamos investigando qual foi a verdadeira motiva\u00e7\u00e3o do crime. Acreditamos que o fato foi motivado por uma disputa pelo controle do terreiro de umbanda, que passaria a ser dirigido pelo filho mais velho. N\u00e3o achamos que o motivo seja somente as brigas por causa da op\u00e7\u00e3o sexual dos irm\u00e3os.\u201d<\/p>\n<p>Segundo Valente Filho, o crime foi descoberto depois que o vizinho comentou com pessoas da cidade sobre o buraco que havia sido cavado. \u201cA conversa come\u00e7ou a se disseminar pela vizinhan\u00e7a. Eles se sentiram pressionados e acabaram confessando o crime para um tio, que chamou a pol\u00edcia. Em depoimento, eles tamb\u00e9m confessaram.\u201d<\/p>\n<p>O delegado afirmou que o inqu\u00e9rito policial deve ser conclu\u00eddo dentro de 15 dias. As informa\u00e7\u00f5es s\u00e3o do G1. <\/p>\n<p>&#8212;<br \/>\nNo Reda\u00e7\u00e3o <a href = \"http:\/\/www.correio24horas.com.br\/noticias\/detalhes\/detalhes-1\/artigo\/irmaos-sao-suspeitos-de-enterrar-pai-vivo-no-maranhao\/\" target = \"_news\"><b>CORREIO DA BAHIA<\/b><\/a><\/p>\n","protected":false},"excerpt":{"rendered":"<p>Os filhos s\u00e3o gays e dizem que eram agredidos pelo pai por conta da orienta\u00e7\u00e3o sexual Dois irm\u00e3os suspeitos de enterrar o pai ainda vivo foram presos em Timon, no Maranh\u00e3o, na quinta-feira (6). Um vizinho da v\u00edtima tamb\u00e9m foi detido por participa\u00e7\u00e3o no crime, cometido em 29 de dezembro. O delegado Antonio Valente Filho [&hellip;]<\/p>\n","protected":false},"author":2,"featured_media":0,"comment_status":"open","ping_status":"open","sticky":false,"template":"","format":"standard","meta":{"_links_to":"","_links_to_target":""},"categories":[13],"tags":[],"_links":{"self":[{"href":"https:\/\/www.r2cpress.com.br\/v1\/wp-json\/wp\/v2\/posts\/6075"}],"collection":[{"href":"https:\/\/www.r2cpress.com.br\/v1\/wp-json\/wp\/v2\/posts"}],"about":[{"href":"https:\/\/www.r2cpress.com.br\/v1\/wp-json\/wp\/v2\/types\/post"}],"author":[{"embeddable":true,"href":"https:\/\/www.r2cpress.com.br\/v1\/wp-json\/wp\/v2\/users\/2"}],"replies":[{"embeddable":true,"href":"https:\/\/www.r2cpress.com.br\/v1\/wp-json\/wp\/v2\/comments?post=6075"}],"version-history":[{"count":2,"href":"https:\/\/www.r2cpress.com.br\/v1\/wp-json\/wp\/v2\/posts\/6075\/revisions"}],"predecessor-version":[{"id":6077,"href":"https:\/\/www.r2cpress.com.br\/v1\/wp-json\/wp\/v2\/posts\/6075\/revisions\/6077"}],"wp:attachment":[{"href":"https:\/\/www.r2cpress.com.br\/v1\/wp-json\/wp\/v2\/media?parent=6075"}],"wp:term":[{"taxonomy":"category","embeddable":true,"href":"https:\/\/www.r2cpress.com.br\/v1\/wp-json\/wp\/v2\/categories?post=6075"},{"taxonomy":"post_tag","embeddable":true,"href":"https:\/\/www.r2cpress.com.br\/v1\/wp-json\/wp\/v2\/tags?post=6075"}],"curies":[{"name":"wp","href":"https:\/\/api.w.org\/{rel}","templated":true}]}}