{"id":60752,"date":"2013-03-14T11:50:38","date_gmt":"2013-03-14T14:50:38","guid":{"rendered":"http:\/\/www.r2cpress.com.br\/v1\/?p=60752"},"modified":"2013-03-14T11:50:38","modified_gmt":"2013-03-14T14:50:38","slug":"faculdade-de-ilheus-8","status":"publish","type":"post","link":"https:\/\/www.r2cpress.com.br\/v1\/2013\/03\/14\/faculdade-de-ilheus-8\/","title":{"rendered":"FACULDADE DE ILH\u00c9US"},"content":{"rendered":"<p style=\"text-align: center;\"><b>Novos enfermeiros foram graduados em Ilh\u00e9us<\/b><\/p>\n<p>&nbsp;<\/p>\n<div id=\"attachment_60753\" style=\"width: 560px\" class=\"wp-caption aligncenter\"><a href=\"http:\/\/www.r2cpress.com.br\/v1\/wp-content\/uploads\/CAPA-R2CPRESS67.jpg\"><img aria-describedby=\"caption-attachment-60753\" loading=\"lazy\" class=\"size-full wp-image-60753\" alt=\"Faculdade de Ilh\u00e9us\" src=\"http:\/\/www.r2cpress.com.br\/v1\/wp-content\/uploads\/CAPA-R2CPRESS67.jpg\" width=\"550\" height=\"1273\" srcset=\"https:\/\/www.r2cpress.com.br\/v1\/wp-content\/uploads\/CAPA-R2CPRESS67.jpg 550w, https:\/\/www.r2cpress.com.br\/v1\/wp-content\/uploads\/CAPA-R2CPRESS67-129x300.jpg 129w, https:\/\/www.r2cpress.com.br\/v1\/wp-content\/uploads\/CAPA-R2CPRESS67-442x1024.jpg 442w\" sizes=\"(max-width: 550px) 100vw, 550px\" \/><\/a><p id=\"caption-attachment-60753\" class=\"wp-caption-text\">Faculdade de Ilh\u00e9us<\/p><\/div>\n<p>Vinte e nove bachar\u00e9is em Enfermagem foram graduados pela Faculdade de Ilh\u00e9us durante solenidade de cola\u00e7\u00e3o de grau realizada no \u00faltimo s\u00e1bado, 9, \u00e0s 19 horas, no audit\u00f3rio Professora Ad\u00e9lia Melo, na sede pr\u00f3pria da institui\u00e7\u00e3o. A cerim\u00f4nia foi presidida pelo diretor geral da Faculdade Almir Milanesi.<\/p>\n<p>Esta \u00e9 a segunda turma de formandos do curso de Enfermagem da Faculdade de Ilh\u00e9us, que completou 10 anos de atua\u00e7\u00e3o no munic\u00edpio. O reconhecimento do curso pelo Minist\u00e9rio da Educa\u00e7\u00e3o (MEC) se deu imediatamente ap\u00f3s a cola\u00e7\u00e3o de grau da primeira turma de bachar\u00e9is, em setembro do ano passado, com conceito quatro de avalia\u00e7\u00e3o, numa escala de um a cinco.<\/p>\n<p>A solenidade contou com as presen\u00e7as da diretora acad\u00eamica da Faculdade, Sandra Milanesi, da representante do Cesupi, F\u00e1tima Milanez Frisso, do coordenador do curso de Enfermagem, patrono e paraninfo da turma \u201cEnfermagem Vale a Vida\u201d, professor Robson Vidal de Andrade, do Amigo da Turma, enfermeiro Josenilton dos Anjos Santos, e do secret\u00e1rio acad\u00eamico, Paulo C\u00e9sar Castro Xavier. A reitora da Universidade Estadual de Santa Cruz (UESC), Ad\u00e9lia Pinheiro, tamb\u00e9m este presente.<\/p>\n<p>A formanda Gilmara Castro Esteves foi a oradora da turma. O juramento foi conduzido por Igor Nascimento Soares. Durante a etapa de atribui\u00e7\u00e3o de grau, foram mestres de cerim\u00f4nias os formandos Fl\u00e1vio Alves Soledade e a Joana Bastos de Souza.<\/p>\n<p>Durante seu pronunciamento, o diretor Almir Milanesi agradeceu o empenho dos estudantes e professores, e afirmou que \u201co nosso curso de gradua\u00e7\u00e3o mant\u00e9m firme o ideal de contribuir para o ensino de enfermagem baseado na \u00e9tica e no profissionalismo, desenvolvendo a forma\u00e7\u00e3o hol\u00edstica do enfermeiro, capacitando-o para o exerc\u00edcio das suas habilidades no ambiente de preserva\u00e7\u00e3o e manuten\u00e7\u00e3o da vida.\u201d<\/p>\n","protected":false},"excerpt":{"rendered":"<p>Novos enfermeiros foram graduados em Ilh\u00e9us &nbsp; Vinte e nove bachar\u00e9is em Enfermagem foram graduados pela Faculdade de Ilh\u00e9us durante solenidade de cola\u00e7\u00e3o de grau realizada no \u00faltimo s\u00e1bado, 9, \u00e0s 19 horas, no audit\u00f3rio Professora Ad\u00e9lia Melo, na sede pr\u00f3pria da institui\u00e7\u00e3o. A cerim\u00f4nia foi presidida pelo diretor geral da Faculdade Almir Milanesi. Esta [&hellip;]<\/p>\n","protected":false},"author":2,"featured_media":0,"comment_status":"open","ping_status":"open","sticky":false,"template":"","format":"standard","meta":{"_links_to":"","_links_to_target":""},"categories":[8],"tags":[],"_links":{"self":[{"href":"https:\/\/www.r2cpress.com.br\/v1\/wp-json\/wp\/v2\/posts\/60752"}],"collection":[{"href":"https:\/\/www.r2cpress.com.br\/v1\/wp-json\/wp\/v2\/posts"}],"about":[{"href":"https:\/\/www.r2cpress.com.br\/v1\/wp-json\/wp\/v2\/types\/post"}],"author":[{"embeddable":true,"href":"https:\/\/www.r2cpress.com.br\/v1\/wp-json\/wp\/v2\/users\/2"}],"replies":[{"embeddable":true,"href":"https:\/\/www.r2cpress.com.br\/v1\/wp-json\/wp\/v2\/comments?post=60752"}],"version-history":[{"count":3,"href":"https:\/\/www.r2cpress.com.br\/v1\/wp-json\/wp\/v2\/posts\/60752\/revisions"}],"predecessor-version":[{"id":60756,"href":"https:\/\/www.r2cpress.com.br\/v1\/wp-json\/wp\/v2\/posts\/60752\/revisions\/60756"}],"wp:attachment":[{"href":"https:\/\/www.r2cpress.com.br\/v1\/wp-json\/wp\/v2\/media?parent=60752"}],"wp:term":[{"taxonomy":"category","embeddable":true,"href":"https:\/\/www.r2cpress.com.br\/v1\/wp-json\/wp\/v2\/categories?post=60752"},{"taxonomy":"post_tag","embeddable":true,"href":"https:\/\/www.r2cpress.com.br\/v1\/wp-json\/wp\/v2\/tags?post=60752"}],"curies":[{"name":"wp","href":"https:\/\/api.w.org\/{rel}","templated":true}]}}