{"id":60769,"date":"2013-03-14T14:19:54","date_gmt":"2013-03-14T17:19:54","guid":{"rendered":"http:\/\/www.r2cpress.com.br\/v1\/?p=60769"},"modified":"2013-03-14T14:19:54","modified_gmt":"2013-03-14T17:19:54","slug":"legiao-da-boa-vontade-lbv-10","status":"publish","type":"post","link":"https:\/\/www.r2cpress.com.br\/v1\/2013\/03\/14\/legiao-da-boa-vontade-lbv-10\/","title":{"rendered":"Legi\u00e3o da Boa Vontade (LBV)"},"content":{"rendered":"<p align=\"center\"><b>LBV comemora 56 anos de atua\u00e7\u00e3o em Itabuna <\/b><\/p>\n<p align=\"center\"><b>\u00a0<\/b><i>Durante a comemora\u00e7\u00e3o, a Institui\u00e7\u00e3o entregar\u00e1 kits de material pedag\u00f3gico a crian\u00e7a e adolescentes atendidos.<\/i><\/p>\n<p>No pr\u00f3ximo dia 22 de mar\u00e7o, a Legi\u00e3o da Boa Vontade (LBV), celebrar\u00e1 56 anos de atua\u00e7\u00e3o em Itabuna, completados em 20 de fevereiro do decorrente ano. A festividade, que acontecer\u00e1 \u00e0s14 horas no Centro Comunit\u00e1rio de Assist\u00eancia Social da Institui\u00e7\u00e3o, contar\u00e1 com a presen\u00e7a de amigos, parceiros, colaboradores e atendidos.<\/p>\n<p>Durante a programa\u00e7\u00e3o, ser\u00e3o realizadas diversas apresenta\u00e7\u00f5es culturais com as crian\u00e7as e os adolescentes beneficiados pelos programas socioeducacionais da LBV.<\/p>\n<p>No evento ser\u00e3o distribu\u00eddos centenas de kits de material pedag\u00f3gico para os meninos e meninas atendidos pelos programas <i>LBV \u2014 Crian\u00e7a: Futuro no Presente!<\/i> e <i>Espa\u00e7o de Conviv\u00eancia<\/i>, dentro da campanha <i>Crian\u00e7a Nota 10 \u2014 sem Educa\u00e7\u00e3o n\u00e3o h\u00e1 Futuro!.<\/i><\/p>\n<p>Na oportunidade a Entidade homenagear\u00e1 amigos, parceiros e colaboradores com o Certificado de M\u00e9rito em Solidariedade, como forma de agradecimento pelo apoio prestado ao longo dos seus 56 anos.<\/p>\n<div id=\"attachment_60770\" style=\"width: 560px\" class=\"wp-caption aligncenter\"><a href=\"http:\/\/www.r2cpress.com.br\/v1\/wp-content\/uploads\/lbv_56-anos_itabuna.jpg\"><img aria-describedby=\"caption-attachment-60770\" loading=\"lazy\" class=\"size-full wp-image-60770\" alt=\"L B V \" src=\"http:\/\/www.r2cpress.com.br\/v1\/wp-content\/uploads\/lbv_56-anos_itabuna.jpg\" width=\"550\" height=\"366\" srcset=\"https:\/\/www.r2cpress.com.br\/v1\/wp-content\/uploads\/lbv_56-anos_itabuna.jpg 550w, https:\/\/www.r2cpress.com.br\/v1\/wp-content\/uploads\/lbv_56-anos_itabuna-300x199.jpg 300w\" sizes=\"(max-width: 550px) 100vw, 550px\" \/><\/a><p id=\"caption-attachment-60770\" class=\"wp-caption-text\">L B V<\/p><\/div>\n<p><b>56 anos em prol da Solidariedade<\/b><\/p>\n<p>Em Itabuna a LBV atua desde 20 de fevereiro de 1957, com programas e projetos socioeducacionais voltados \u00e0s comunidades que vivem em situa\u00e7\u00e3o de vulnerabilidade social. A institui\u00e7\u00e3o ajuda a proporcionar uma melhor qualidade de vida para crian\u00e7as, jovens e idosos e a resgatar seus valores \u00e9ticos morais e espirituais e a elevar-lhes a autoestima.<\/p>\n<p>Esse trabalho \u00e9 realizado gra\u00e7as \u00e0 ajuda do povo e a parceria com os diversos setores da sociedade, de forma que sejam propiciadas oportunidades para que todo cidad\u00e3o possa colaborar para o progresso de sua comunidade.<\/p>\n<p>O Centro Comunit\u00e1rio de Assist\u00eancia Social, da Legi\u00e3o da Boa Vontade, est\u00e1 localizado na Rua Gileno Amado, 135 \u2014 Caixa D\u2019\u00c1gua. Para outras informa\u00e7\u00f5es, ligue: (73) 3212-6242.<\/p>\n<p>&nbsp;<\/p>\n","protected":false},"excerpt":{"rendered":"<p>LBV comemora 56 anos de atua\u00e7\u00e3o em Itabuna \u00a0Durante a comemora\u00e7\u00e3o, a Institui\u00e7\u00e3o entregar\u00e1 kits de material pedag\u00f3gico a crian\u00e7a e adolescentes atendidos. No pr\u00f3ximo dia 22 de mar\u00e7o, a Legi\u00e3o da Boa Vontade (LBV), celebrar\u00e1 56 anos de atua\u00e7\u00e3o em Itabuna, completados em 20 de fevereiro do decorrente ano. A festividade, que acontecer\u00e1 \u00e0s14 [&hellip;]<\/p>\n","protected":false},"author":2,"featured_media":0,"comment_status":"open","ping_status":"open","sticky":false,"template":"","format":"standard","meta":{"_links_to":"","_links_to_target":""},"categories":[28],"tags":[],"_links":{"self":[{"href":"https:\/\/www.r2cpress.com.br\/v1\/wp-json\/wp\/v2\/posts\/60769"}],"collection":[{"href":"https:\/\/www.r2cpress.com.br\/v1\/wp-json\/wp\/v2\/posts"}],"about":[{"href":"https:\/\/www.r2cpress.com.br\/v1\/wp-json\/wp\/v2\/types\/post"}],"author":[{"embeddable":true,"href":"https:\/\/www.r2cpress.com.br\/v1\/wp-json\/wp\/v2\/users\/2"}],"replies":[{"embeddable":true,"href":"https:\/\/www.r2cpress.com.br\/v1\/wp-json\/wp\/v2\/comments?post=60769"}],"version-history":[{"count":3,"href":"https:\/\/www.r2cpress.com.br\/v1\/wp-json\/wp\/v2\/posts\/60769\/revisions"}],"predecessor-version":[{"id":60773,"href":"https:\/\/www.r2cpress.com.br\/v1\/wp-json\/wp\/v2\/posts\/60769\/revisions\/60773"}],"wp:attachment":[{"href":"https:\/\/www.r2cpress.com.br\/v1\/wp-json\/wp\/v2\/media?parent=60769"}],"wp:term":[{"taxonomy":"category","embeddable":true,"href":"https:\/\/www.r2cpress.com.br\/v1\/wp-json\/wp\/v2\/categories?post=60769"},{"taxonomy":"post_tag","embeddable":true,"href":"https:\/\/www.r2cpress.com.br\/v1\/wp-json\/wp\/v2\/tags?post=60769"}],"curies":[{"name":"wp","href":"https:\/\/api.w.org\/{rel}","templated":true}]}}