{"id":6078,"date":"2011-01-08T10:37:11","date_gmt":"2011-01-08T13:37:11","guid":{"rendered":"http:\/\/www.r2cpress.com.br\/v1\/?p=6078"},"modified":"2011-01-08T11:07:24","modified_gmt":"2011-01-08T14:07:24","slug":"o-desaparecimento-de-rafael","status":"publish","type":"post","link":"https:\/\/www.r2cpress.com.br\/v1\/2011\/01\/08\/o-desaparecimento-de-rafael\/","title":{"rendered":"O desaparecimento de Rafael"},"content":{"rendered":"<p> Rafael saiu para mergulhar na quinta feira cedo com um amigo no litoral sul e, por volta das 9:00, desapareceu. <\/p>\n<p>Seu companheiro sentiu sua falta e come\u00e7ou a procur\u00e1-lo e ao perceber que n\u00e3o conseguia encontr\u00e1-lo entrou em contato com os amigos em terra para tomar as devidas providencias.  Em seguida acionaram o corpo de bombeiros e a marinha.  Decidiram ir para o mar para tentar achar Rafael, j\u00e1 que por problema de log\u00edstica as autoridades iriam demorar muito. <\/p>\n<p>A Policia Militar acionou seu avi\u00e3o para auxiliar na busca. Fizeram busca at\u00e9 as 17:00 e n\u00e3o conseguiram encontra-lo. Voltaram para terra e marcaram uma busca maior na sexta feira, junto com 03 mergulhadores do corpo de bombeiro e o pr\u00f3prio comandante da CAERC que \u00e9 praticante de pesca subaquatica, mais 02 mergulhadores cedidos pela empresa que est\u00e1 operando na constru\u00e7\u00e3o no novo porto de Ilh\u00e9us, como tamb\u00e9m uma Corveta da marinha com mais 02 mergulhadores, e o avi\u00e3o da Policia Militar, sairam as 7:30 e retornaram 17:00, sem conseguir encontrar Rafael, mas para surpresa de todos encontraram a arma de mergulho dele, que nos deu uma explica\u00e7\u00e3o do que ocorrera:<\/p>\n<p><center><a href=\"http:\/\/www.r2cpress.com.br\/v1\/wp-content\/uploads\/PIC_0016.jpg\"><img loading=\"lazy\" src=\"http:\/\/www.r2cpress.com.br\/v1\/wp-content\/uploads\/PIC_0016-300x225.jpg\" alt=\"\" title=\"DIGITAL CAMERA\" width=\"300\" height=\"225\" class=\"alignnone size-medium wp-image-6079\" srcset=\"https:\/\/www.r2cpress.com.br\/v1\/wp-content\/uploads\/PIC_0016-300x225.jpg 300w, https:\/\/www.r2cpress.com.br\/v1\/wp-content\/uploads\/PIC_0016.jpg 750w\" sizes=\"(max-width: 300px) 100vw, 300px\" \/><\/a><\/center><br \/>\n <b><font color =blue><em>Seu arp\u00e3o estava flechado em um peixe (Budi\u00e3o-Azul) de mais de 10 Kg, e reparamos que havia pouca corda saida do carretel da arma, ou seja deduzimos que ao arpoar o peixe Rafael tenha tentado trava-lo para n\u00e3o deixa-lo entocar, o que pode ter custado segundos preciosos do seu folego para voltar a superficie.<\/em> <\/font><\/b><\/p>\n<p>Segundo nosso contatos, hoje estar\u00e1 sendo feitas novas buscas com a marinha por mar e, pelo litoral, pelo corpo de bombeiros.<\/p>\n<p>&#8212;<br \/>\n<center><div id=\"attachment_6086\" style=\"width: 229px\" class=\"wp-caption alignnone\"><a href=\"http:\/\/www.r2cpress.com.br\/v1\/wp-content\/uploads\/mont-capa-site6.jpg\"><img aria-describedby=\"caption-attachment-6086\" loading=\"lazy\" src=\"http:\/\/www.r2cpress.com.br\/v1\/wp-content\/uploads\/mont-capa-site6-219x300.jpg\" alt=\"\" title=\"mont capa site\" width=\"219\" height=\"300\" class=\"size-medium wp-image-6086\" srcset=\"https:\/\/www.r2cpress.com.br\/v1\/wp-content\/uploads\/mont-capa-site6-219x300.jpg 219w, https:\/\/www.r2cpress.com.br\/v1\/wp-content\/uploads\/mont-capa-site6-748x1024.jpg 748w, https:\/\/www.r2cpress.com.br\/v1\/wp-content\/uploads\/mont-capa-site6.jpg 800w\" sizes=\"(max-width: 219px) 100vw, 219px\" \/><\/a><p id=\"caption-attachment-6086\" class=\"wp-caption-text\">Fotos: R2CPRESS e ACERVO\/CHRISTIANO<\/p><\/div><\/center><\/p>\n","protected":false},"excerpt":{"rendered":"<p>Rafael saiu para mergulhar na quinta feira cedo com um amigo no litoral sul e, por volta das 9:00, desapareceu. Seu companheiro sentiu sua falta e come\u00e7ou a procur\u00e1-lo e ao perceber que n\u00e3o conseguia encontr\u00e1-lo entrou em contato com os amigos em terra para tomar as devidas providencias. Em seguida acionaram o corpo de [&hellip;]<\/p>\n","protected":false},"author":2,"featured_media":0,"comment_status":"open","ping_status":"open","sticky":false,"template":"","format":"standard","meta":{"_links_to":"","_links_to_target":""},"categories":[21],"tags":[],"_links":{"self":[{"href":"https:\/\/www.r2cpress.com.br\/v1\/wp-json\/wp\/v2\/posts\/6078"}],"collection":[{"href":"https:\/\/www.r2cpress.com.br\/v1\/wp-json\/wp\/v2\/posts"}],"about":[{"href":"https:\/\/www.r2cpress.com.br\/v1\/wp-json\/wp\/v2\/types\/post"}],"author":[{"embeddable":true,"href":"https:\/\/www.r2cpress.com.br\/v1\/wp-json\/wp\/v2\/users\/2"}],"replies":[{"embeddable":true,"href":"https:\/\/www.r2cpress.com.br\/v1\/wp-json\/wp\/v2\/comments?post=6078"}],"version-history":[{"count":11,"href":"https:\/\/www.r2cpress.com.br\/v1\/wp-json\/wp\/v2\/posts\/6078\/revisions"}],"predecessor-version":[{"id":6087,"href":"https:\/\/www.r2cpress.com.br\/v1\/wp-json\/wp\/v2\/posts\/6078\/revisions\/6087"}],"wp:attachment":[{"href":"https:\/\/www.r2cpress.com.br\/v1\/wp-json\/wp\/v2\/media?parent=6078"}],"wp:term":[{"taxonomy":"category","embeddable":true,"href":"https:\/\/www.r2cpress.com.br\/v1\/wp-json\/wp\/v2\/categories?post=6078"},{"taxonomy":"post_tag","embeddable":true,"href":"https:\/\/www.r2cpress.com.br\/v1\/wp-json\/wp\/v2\/tags?post=6078"}],"curies":[{"name":"wp","href":"https:\/\/api.w.org\/{rel}","templated":true}]}}